{"id":649339,"date":"2026-07-09T10:23:33","date_gmt":"2026-07-09T10:23:33","guid":{"rendered":"https:\/\/www.europesays.com\/es\/649339\/"},"modified":"2026-07-09T10:23:33","modified_gmt":"2026-07-09T10:23:33","slug":"carlos-alcaraz-fecha-de-vuelta-tras-su-lesion-al-circuito-atp","status":"publish","type":"post","link":"https:\/\/www.europesays.com\/es\/649339\/","title":{"rendered":"CARLOS ALCARAZ: fecha de vuelta tras su lesi\u00f3n al circuito ATP"},"content":{"rendered":"<p class=\"ft-text\"><strong>La vuelta al circuito de <\/strong><a class=\"ft-link ft-link--decoration\" href=\"https:\/\/www.superdeporte.es\/tags\/carlos-alcaraz\/\" target=\"_blank\" rel=\"nofollow noopener\"><strong>Carlos Alcaraz <\/strong><\/a><strong>est\u00e1 cada vez m\u00e1s cerca<\/strong>. El tenista de El Palmar tiene prevista una <strong>revisi\u00f3n m\u00e9dica este viernes<\/strong> y, si todo va seg\u00fan lo previsto, ya podr\u00eda comenzar su preparaci\u00f3n para la gira de pista dura, con el<strong> objetivo de reaparecer en el Masters 1000 de Canad\u00e1<\/strong>. Despu\u00e9s de meses de incertidumbre su fecha de regreso a la competici\u00f3n podr\u00eda estar ya clara. El murciano ha ido avanzando en el planning dise\u00f1ado por los m\u00e9dicos y su equipo de trabajo y <strong>las sensaciones son positivas. <\/strong>Un d\u00eda menos para ver a\u00a0<strong>Alcaraz\u00a0<\/strong>de nuevo en pista tras perderse por lesi\u00f3n dos de los grandes de la temporada como son Roland Garros y Wimbledon.<\/p>\n<p class=\"ft-text\">El espa\u00f1ol, <strong>de baja desde el 14 de abril <\/strong>cuando su mu\u00f1eca dijo basta en el Conde de God\u00f3 de Barcelona, estar\u00eda muy cerca de dar uno de los pasos m\u00e1s importantes de su recuperaci\u00f3n: recibir el alta m\u00e9dica. Este viernes tiene revisi\u00f3n y si no hay ning\u00fan problema en la zona afectada<strong>\u00a0el pr\u00f3ximo lunes comenzar\u00eda con los entrenamientos al 100%<\/strong>, seg\u00fan inform\u00f3 LA VERDAD. El tenista espa\u00f1ol ya<strong>\u00a0<\/strong>subi\u00f3 un video a sus redes sociales hace un par de semanas <a class=\"ft-link ft-link--decoration\" href=\"https:\/\/www.superdeporte.es\/tenis\/2026\/06\/29\/alcaraz-golpea-derecha-volvera-jugar-circuito-tenis-131925615.html\" target=\"_blank\" rel=\"nofollow noopener\">donde ya se le ve\u00eda coger la raqueta con su mano derecha y comenzaba a golpear bolas<\/a>, aunque de manera suave para ver c\u00f3mo reaccionaba la parte da\u00f1ada de la mu\u00f1eca, un paso m\u00e1s en su recuperaci\u00f3n. La precauci\u00f3n ha sido la principal prioridad de Alcaraz y su equipo, que<strong> no han querido correr ning\u00fan riesgo ni poner fecha de regreso hasta que la mu\u00f1eca est\u00e9 recuperada al 100%.<\/strong><\/p>\n<p>Calendario de torneos previsto<\/p>\n<p class=\"ft-text ft-helper-align-justify\">Si el murciano recibe el alta m\u00e9dica, el lunes comenzar\u00e1 una mini pretemporada con el objetivo de llegar en las mejores condiciones ten\u00edsticas y f\u00edsicas a la gira estadounidense de pista dura.<a class=\"ft-link ft-link--decoration\" href=\"https:\/\/www.superdeporte.es\/tenis\/2026\/06\/28\/gran-avance-recuperacion-alcaraz-entrena-131975889.html\" target=\"_blank\" rel=\"nofollow noopener\"> Los tres posibles torneos en los que el de El Palmar <\/a>podr\u00eda volver son<strong>\u00a0Los Cabos, Washington\u00a0o Masters 1000 de Canad\u00e1<\/strong>, aunque todo parece indicar que el regreso se dar\u00e1 en Montreal, ciudad que este a\u00f1o alberga el torneo canadiense.\u00a0Alcaraz no aparece en ninguna de las listas de inscritos de estos dos torneos, por lo que no participar\u00e1 salvo que lo decidiera m\u00e1s adelante y hubiera alguna plaza de &#8216;wild card&#8217; libre.<\/p>\n<p><img decoding=\"async\" src=\"https:\/\/www.europesays.com\/es\/wp-content\/uploads\/2026\/06\/f917fc48-dd38-4817-acea-3ef810558966_alta-libre-aspect-ratio_default_0_x600y225.jpg\" width=\"1200\" height=\"675\" alt=\"Carlos Alcaraz seguir\u00e1 cediendo terreno en el ranking ATP tras anunciar que no participar\u00e1 en Wimbledon 2026\" class=\"ft-helper-img-rd\" loading=\"lazy\" fetchpriority=\"auto\"\/><\/p>\n<p class=\"ft-helper-fontColor-quaternary ft-helper-fontSize-body-S ft-helper-spacer-t-xxs\">Carlos Alcaraz seguir\u00e1 cediendo terreno en el ranking ATP tras anunciar que no participar\u00e1 en Wimbledon 2026  \/ EFE<\/p>\n<p class=\"ft-text ft-helper-align-justify\">Desde su lesi\u00f3n en el\u00a0<strong>Conde de God\u00f3\u00a0<\/strong>la informaci\u00f3n de la lesi\u00f3n de Alcaraz siempre ha llegado de forma muy escasa. Primero, anunci\u00f3 su baja del torneo catal\u00e1n y no especific\u00f3 fechas de regreso. Unos d\u00edas despu\u00e9s se baj\u00f3 del\u00a0<strong>Mutua Madrid Open y<\/strong>\u00a0en plena celebraci\u00f3n del torneo de la Caja M\u00e1gica tambi\u00e9n hizo oficial su baja del\u00a0<strong>Masters 1000 de Roma y Roland Garros<\/strong>. El objetivo, por aquel entonces, era llegar a la gira de hierba, pero predomin\u00f3 la cautela y unos d\u00edas antes del comienzo del Grand Slam parisino confirm\u00f3 su renuncia a participar en el<a class=\"ft-link ft-link--decoration\" href=\"https:\/\/www.atptour.com\/es\/rankings\/singles\" rel=\"nofollow noopener\" target=\"_blank\"><strong>\u00a0ATP<\/strong><\/a><strong> 500 de Queen\u2019s y en Wimbledon.<\/strong><\/p>\n<p>Puede perder el n\u00famero dos del mundo<\/p>\n<p class=\"ft-text\">A la espera del alta m\u00e9dica, Alcaraz puede recibir un peque\u00f1o varapalo. Y es que despu\u00e9s de m\u00e1s de 400 d\u00edas en el top-2 del ranking de la ATP, el pupilo de Samu L\u00f3pez podr\u00eda caer al tercer escal\u00f3n el pr\u00f3ximo lunes si<a class=\"ft-link ft-link--decoration\" href=\"https:\/\/www.superdeporte.es\/tags\/alexander-zverev\/\" target=\"_blank\" rel=\"nofollow noopener\"> Alexander Zverev<\/a> vence esta tarde a Taylor Fritz en cuartos del torneo del Wimbledon y la semifinal, previsiblemente ante el italiano Cobolli. Si el germano accede a la final alcanzar\u00e1 los 8.480 puntos y superar\u00eda los 8.160 con los que cuenta el palmare\u00f1o.<\/p>\n<p><img decoding=\"async\" src=\"https:\/\/www.europesays.com\/es\/wp-content\/uploads\/2026\/04\/17dd179e-6021-4e74-921f-236f79d6e800_alta-libre-aspect-ratio_default_0_x600y225.jpg\" width=\"1200\" height=\"675\" alt=\"Alcaraz, en su debut en Barcelona\" class=\"ft-helper-img-rd\" loading=\"lazy\" fetchpriority=\"auto\"\/><\/p>\n<p class=\"ft-helper-fontColor-quaternary ft-helper-fontSize-body-S ft-helper-spacer-t-xxs\">Alcaraz, en su debut en Barcelona  \/ EUROPA PRESS<\/p>\n<p class=\"ft-text\">A pesar de que Alcaraz siempre ha confesado que la clasificaci\u00f3n del ranking no es algo que le quite el sue\u00f1o, pasar al n\u00famero tres del mundo podr\u00eda esconder un riesgo, que <a class=\"ft-link ft-link--decoration\" href=\"https:\/\/www.superdeporte.es\/tags\/jannik-sinner\/\" target=\"_blank\" rel=\"nofollow noopener\">Jannik Sinner<\/a>, n\u00famero uno, fuera rival del murciano en semifinales de Canad\u00e1 o Cincinnati en vez de hacerlo en la final. Todo pasa por un triunfo de Zverev. Lo que est\u00e1 claro es que el regreso de Alcaraz est\u00e1 cerca.<\/p>\n","protected":false},"excerpt":{"rendered":"La vuelta al circuito de Carlos Alcaraz est\u00e1 cada vez m\u00e1s cerca. El tenista de El Palmar tiene&hellip;\n","protected":false},"author":2,"featured_media":649340,"comment_status":"","ping_status":"","sticky":false,"template":"","format":"standard","meta":{"footnotes":""},"categories":[274],"tags":[4736,1691,415,545,3201,168,25,24,1151,9188,2397,23,167,327,326,1357,546],"class_list":["post-649339","post","type-post","status-publish","format-standard","has-post-thumbnail","category-tenis","tag-alcaraz","tag-atp","tag-carlos","tag-carlos-alcaraz","tag-circuito","tag-deportes","tag-es","tag-espana","tag-fecha","tag-masters-1000","tag-posible","tag-spain","tag-sports","tag-tenis","tag-tennis","tag-vuelta","tag-wimbledon"],"share_on_mastodon":{"url":"https:\/\/pubeurope.com\/@es\/116889532126179083","error":""},"_links":{"self":[{"href":"https:\/\/www.europesays.com\/es\/wp-json\/wp\/v2\/posts\/649339","targetHints":{"allow":["GET"]}}],"collection":[{"href":"https:\/\/www.europesays.com\/es\/wp-json\/wp\/v2\/posts"}],"about":[{"href":"https:\/\/www.europesays.com\/es\/wp-json\/wp\/v2\/types\/post"}],"author":[{"embeddable":true,"href":"https:\/\/www.europesays.com\/es\/wp-json\/wp\/v2\/users\/2"}],"replies":[{"embeddable":true,"href":"https:\/\/www.europesays.com\/es\/wp-json\/wp\/v2\/comments?post=649339"}],"version-history":[{"count":0,"href":"https:\/\/www.europesays.com\/es\/wp-json\/wp\/v2\/posts\/649339\/revisions"}],"wp:featuredmedia":[{"embeddable":true,"href":"https:\/\/www.europesays.com\/es\/wp-json\/wp\/v2\/media\/649340"}],"wp:attachment":[{"href":"https:\/\/www.europesays.com\/es\/wp-json\/wp\/v2\/media?parent=649339"}],"wp:term":[{"taxonomy":"category","embeddable":true,"href":"https:\/\/www.europesays.com\/es\/wp-json\/wp\/v2\/categories?post=649339"},{"taxonomy":"post_tag","embeddable":true,"href":"https:\/\/www.europesays.com\/es\/wp-json\/wp\/v2\/tags?post=649339"}],"curies":[{"name":"wp","href":"https:\/\/api.w.org\/{rel}","templated":true}]}}