{"id":649349,"date":"2026-07-09T10:29:26","date_gmt":"2026-07-09T10:29:26","guid":{"rendered":"https:\/\/www.europesays.com\/es\/649349\/"},"modified":"2026-07-09T10:29:26","modified_gmt":"2026-07-09T10:29:26","slug":"vanesa-alvarez-pintora-nueva-york-es-uno-de-los-epicentros-del-arte-pero-la-calidad-que-hay-en-galicia-es-bestial","status":"publish","type":"post","link":"https:\/\/www.europesays.com\/es\/649349\/","title":{"rendered":"Vanesa \u00c1lvarez, pintora: \u00abNueva York es uno de los epicentros del arte, pero la calidad que hay en Galicia es bestial\u00bb"},"content":{"rendered":"<p class=\"ft-text ft-helper-closenews\">Vanesa \u00c1lvarez es natural de Vigo, pero vive en Nueva York. Tras realizar un mural de 500 metros cuadrados para Lincoln Center, la artista present\u00f3 este mi\u00e9rcoles en la Sala Apostrophe del centro comercial vigu\u00e9s Plaza El\u00edptica su \u00faltima exposici\u00f3n, &#8216;Estados Flotantes&#8217;, en la que experimenta con nuevos materiales.<\/p>\n<p class=\"ft-text\"><strong>\u00bfCu\u00e1ntas obras componen la exposici\u00f3n?<\/strong><\/p>\n<p class=\"ft-text\">Son 37 obras en acr\u00edlico sobre madera, sobre lienzo y sobre papel.<\/p>\n<p class=\"ft-text\"><strong>\u00bfQu\u00e9 define a &#8216;Estados Flotantes&#8217;? <\/strong><\/p>\n<p class=\"ft-text\">Es una abstracci\u00f3n figurativa. Yo trabajo mucho con el color y lo que intentaba era reflexionar con esas abstracciones sobre el lugar que habitamos, lo ef\u00edmero y c\u00f3mo todo puede cambiar r\u00e1pidamente. El mensaje viene por m\u00ed, como inmigrante y madre criando a su hijo fuera de su tierra.<\/p>\n<p class=\"ft-text\"><strong>Sigue un poco la l\u00ednea de su anterior proyecto, &#8216;H\u00e1bitat&#8217;, pero con elementos innovadores.<\/strong><\/p>\n<p class=\"ft-text\">Exacto. &#8216;H\u00e1bitat&#8217; reflexionaba sobre esa habitabilidad de los espacios y esa pertenencia. En este caso, para Vigo le llam\u00e9 &#8216;Estados Flotantes&#8217; porque hay unas piezas que son muy protagonistas, que son unas banderas. Todo viene desde Nueva York, menos las obras de madera que las he pintado aqu\u00ed estos d\u00edas. <\/p>\n<p class=\"ft-text\"><strong>\u00bfHasta cu\u00e1ndo estar\u00e1 disponible? <\/strong><\/p>\n<p class=\"ft-text\">Todo el mes, hasta el 30 de julio. El acceso es gratuito. En la exposici\u00f3n se encuentra el cat\u00e1logo para poder comprar alguna obra. Yo soy muy defensora de que el arte est\u00e9 al alcance de todo el mundo. Entonces, el precio de las obras tiene mucho cari\u00f1o.<\/p>\n<p class=\"ft-text\"><strong>\u00bfHay alguna pieza que sea particularmente especial para usted?<\/strong><\/p>\n<p class=\"ft-text\">Un tr\u00edptico en el que la primera obra se llama &#8216;Costa Este&#8217;, en referencia a Nueva York; la obra central, &#8216;A distancia&#8217;; y la de la derecha, &#8216;Costa Oeste&#8217;, en referencia a Vigo. Yo quer\u00eda simbolizar esas distancias y esos dos mundos distintos en la obra. Creo que qued\u00f3 algo muy especial.<\/p>\n<p class=\"ft-text\"><strong>Despu\u00e9s de pintar murales, \u00bfqu\u00e9 le llev\u00f3 a trabajar sobre un soporte como el papel?<\/strong><\/p>\n<p class=\"ft-text\">La accesibilidad de la obra. Yo estaba pintando en madera, pero por un lado est\u00e1 el soporte que le gusta al artista y lo que quiere transmitir, y por otro, que sea f\u00e1cil de enviar. Por eso estoy probando a pintar en papel y otros soportes menos r\u00edgidos. Lo normal es empezar con papel y despu\u00e9s ir cambiando, pero yo evolucion\u00e9 un poco al contrario. De hecho, el papel es lo m\u00e1s dif\u00edcil para m\u00ed porque estoy acostumbrada a un soporte muy r\u00edgido, como asfalto o ladrillo.<\/p>\n<p class=\"ft-text\"><strong>\u00bfCuando empieza una obra, lo hace con una idea clara o deja espacio a la evoluci\u00f3n?<\/strong><\/p>\n<p class=\"ft-text\">Con el mural es todo supermilimetrado. Hago workshops con la comunidad, boceto o una simulaci\u00f3n en Photoshop en la que puedes ver perfecto como va a quedar. Pero con la obra de estudio, genero unos bocetos con l\u00e1piz y papel y luego me dejo llevar bastante por color y composici\u00f3n. Es m\u00e1s intuitivo el proceso.<\/p>\n<p class=\"ft-text\"><strong>Vive y trabaja en Nueva York, pero contin\u00faa exponiendo en Vigo.<\/strong><\/p>\n<p class=\"ft-text\">Vigo es la mejor ciudad del mundo. Es el lugar donde he nacido y donde, adem\u00e1s, he tenido la oportunidad de hacer muchos proyectos. Es una ciudad que me ha dado much\u00edsimo y a la que amo lo m\u00e1s profundo. Me encanta poder venir y seguir mostrando toda mi evoluci\u00f3n. Las \u00faltimas exposiciones que he tenido han sido todas en Nueva York y mi familia, amigos y gente que me ha apoyado y me ha comprado obra en Vigo, me estaban preguntando cu\u00e1ndo les daba a ellos una expo tambi\u00e9n.<\/p>\n<p class=\"ft-text\"><strong>\u00bfHay diferencias entre el mundo del arte en Nueva York y en Galicia?<\/strong><\/p>\n<p class=\"ft-text\">Claro que s\u00ed. Es muy distinto porque Nueva York es uno de los epicentros del arte a nivel mundial, pero yo siempre digo que la calidad art\u00edstica que hay en Galicia es bestial. Hay un nivel espectacular. De hecho, hay m\u00e1s artistas gallegos viviendo en Nueva York y mucha \u00abGalicia Calidade\u00bb. <\/p>\n<p class=\"ft-text\"><strong>\u00bfA qu\u00e9 edad comenz\u00f3 a pintar?<\/strong><\/p>\n<p class=\"ft-text\">Siempre me ha interesado, pero trabaj\u00e9 como dise\u00f1adora muchos a\u00f1os. Mi primero mural lo pint\u00e9 hace unos 12 a\u00f1os. Coincidi\u00f3 con un momento en el que me apetec\u00eda salir de la oficina y del ordenador, junto con un bum de los murales. A partir de ah\u00ed, cada vez fui pintando m\u00e1s.<\/p>\n<p class=\"ft-text\"><strong>\u00bfC\u00f3mo fue el proceso de exponer en Lincoln Center?<\/strong><\/p>\n<p class=\"ft-text\">En Lincoln Center tengo un mural enorme. El proceso fue a trav\u00e9s de Art Bridge, una organizaci\u00f3n sin \u00e1nimo de lucro que hace murales en sitios en construcci\u00f3n. Ponen en contacto a los artistas para exponer sus obras de arte en los andamios. Ellos enviaron mi propuesta. Fue un proceso muy competitivo, pero al final qued\u00e9 finalista y tuve el honor de trabajar con ellos. La obra se llama The Future We Create y se puede ver hasta 2028.<\/p>\n<p data-close=\"closedContent\" class=\"subscribeHideForDisplay\">Suscr\u00edbete para seguir leyendo<\/p>\n","protected":false},"excerpt":{"rendered":"Vanesa \u00c1lvarez es natural de Vigo, pero vive en Nueva York. Tras realizar un mural de 500 metros&hellip;\n","protected":false},"author":2,"featured_media":649350,"comment_status":"","ping_status":"","sticky":false,"template":"","format":"standard","meta":{"footnotes":""},"categories":[173],"tags":[4458,119268,229,233,231,230,232,234,146,147,25,24,2003,816,795,896,474,11608,119269,23,6953,5867],"class_list":["post-649349","post","type-post","status-publish","format-standard","has-post-thumbnail","category-arte-y-diseno","tag-alvarez","tag-apostrophe","tag-arte","tag-arte-y-diseno","tag-arts","tag-arts-and-design","tag-design","tag-diseno","tag-entertainment","tag-entretenimiento","tag-es","tag-espana","tag-exposicion","tag-galicia","tag-nueva","tag-nueva-york","tag-obras","tag-pintora","tag-plaza-eliptica","tag-spain","tag-vanesa","tag-york"],"share_on_mastodon":{"url":"https:\/\/pubeurope.com\/@es\/116889555155719655","error":""},"_links":{"self":[{"href":"https:\/\/www.europesays.com\/es\/wp-json\/wp\/v2\/posts\/649349","targetHints":{"allow":["GET"]}}],"collection":[{"href":"https:\/\/www.europesays.com\/es\/wp-json\/wp\/v2\/posts"}],"about":[{"href":"https:\/\/www.europesays.com\/es\/wp-json\/wp\/v2\/types\/post"}],"author":[{"embeddable":true,"href":"https:\/\/www.europesays.com\/es\/wp-json\/wp\/v2\/users\/2"}],"replies":[{"embeddable":true,"href":"https:\/\/www.europesays.com\/es\/wp-json\/wp\/v2\/comments?post=649349"}],"version-history":[{"count":0,"href":"https:\/\/www.europesays.com\/es\/wp-json\/wp\/v2\/posts\/649349\/revisions"}],"wp:featuredmedia":[{"embeddable":true,"href":"https:\/\/www.europesays.com\/es\/wp-json\/wp\/v2\/media\/649350"}],"wp:attachment":[{"href":"https:\/\/www.europesays.com\/es\/wp-json\/wp\/v2\/media?parent=649349"}],"wp:term":[{"taxonomy":"category","embeddable":true,"href":"https:\/\/www.europesays.com\/es\/wp-json\/wp\/v2\/categories?post=649349"},{"taxonomy":"post_tag","embeddable":true,"href":"https:\/\/www.europesays.com\/es\/wp-json\/wp\/v2\/tags?post=649349"}],"curies":[{"name":"wp","href":"https:\/\/api.w.org\/{rel}","templated":true}]}}