{"id":649511,"date":"2026-07-09T12:30:13","date_gmt":"2026-07-09T12:30:13","guid":{"rendered":"https:\/\/www.europesays.com\/es\/649511\/"},"modified":"2026-07-09T12:30:13","modified_gmt":"2026-07-09T12:30:13","slug":"un-equipo-de-la-universidad-de-malaga-demuestra-nuevas-conexiones-entre-obesidad-diabetes-y-alzheimer","status":"publish","type":"post","link":"https:\/\/www.europesays.com\/es\/649511\/","title":{"rendered":"Un equipo de la Universidad de M\u00e1laga demuestra nuevas conexiones entre obesidad, diabetes y alzh\u00e9imer"},"content":{"rendered":"<p style=\"\">Un equipo cient\u00edfico de la Facultad de Ciencias de la Universidad de M\u00e1laga (UMA) ha publicado un estudio que revela nuevos hallazgos sobre la <strong>proliferaci\u00f3n del alzh\u00e9imer<\/strong>. Publicado en la &#8216;Cell Communication and Signaling&#8217;, se profundiza en las posibles conexiones entre el tejido adiposo  &#8230; y el desarrollo de esta enfermedad neurodegenerativa.<\/p>\n<p class=\"v-d-p\" style=\"\">La obesidad y la diabetes son dos factores de riesgo metab\u00f3licos estrechamente relacionados con la aparici\u00f3n y el desarrollo del alzh\u00e9imer. Esto se debe a que ambas patolog\u00edas comparten caracter\u00edsticas que implican un <strong>aumento del tejido adiposo<\/strong>, una mayor infiltraci\u00f3n de c\u00e9lulas inmunes y una alteraci\u00f3n funcional del tejido adiposo blanco. <\/p>\n<p class=\"v-d-p\" style=\"\">Para poder demostrarlo, los cient\u00edficos partieron de la hip\u00f3tesis de que los cambios patol\u00f3gicos que experimenta el tejido adiposo cuando el hu\u00e9sped padece enfermedades como la obesidad o la diabetes <strong>podr\u00edan tener una influencia en el cerebro<\/strong>, favoreciendo as\u00ed la progresi\u00f3n de la mencionada enfermedad neurodegenerativa. <\/p>\n<p class=\"v-d-p\" style=\"\">Los autores explican que est\u00e1 hip\u00f3tesis defendida por ellos se sustenta en estudios que se han desarrollado en las \u00faltimas d\u00e9cadas, que demuestran que el tejido adiposo no funciona \u00fanicamente como un \u00f3rgano de almacenamiento energ\u00e9tico, sino que adem\u00e1s <strong>act\u00faa como un \u00f3rgano endocrino<\/strong> con una estrecha relaci\u00f3n con aquellos que cumplen una funci\u00f3n metab\u00f3lica, como son el h\u00edgado, el p\u00e1ncreas, el m\u00fasculo o el cerebro.<\/p>\n<p class=\"v-a-t\">\nEl estudio se centr\u00f3 en \u00abc\u00f3mo la desregulaci\u00f3n del tejido adiposo puede afectar al cerebro y contribuir a la progresi\u00f3n de la enfermedad del alzh\u00e9imer\u00bb\n<\/p>\n<p class=\"v-d-p\" style=\"\">Laura Trujillo-Estrada, investigadora del estudio, explica que a lo largo de la investigaci\u00f3n llevada a cabo el equipo se centraron en comprender \u00abc\u00f3mo la desregulaci\u00f3n del tejido adiposo puede afectar al cerebro y contribuir a la progresi\u00f3n de la enfermedad del alzh\u00e9imer\u00bb.<\/p>\n<p class=\"v-d-p\" style=\"\">Para poder analizar la posible relaci\u00f3n, los investigadores realizaron <strong>trasplantes de tejido adiposo visceral<\/strong> procedente de animales con obesidad y diabetes (modelo db\/db) a modelos murinos (ratones de laboratorio utilizados en la investigaci\u00f3n biom\u00e9dica para el estudio del desarrollo, la gen\u00e9tica y la fisiolog\u00eda de las enfermedades humanas) con predisposici\u00f3n a desarrollar alteraciones similares como las que se observan en pacientes con patolog\u00edas tipo alzh\u00e9imer (3xTg-AD).<\/p>\n<p class=\"v-d-p\" style=\"\">Dos semanas despu\u00e9s de que se produjera la intervenci\u00f3n, los cient\u00edficos analizaron los cambios que se hab\u00edan producido tanto en el tejido adiposo como en el cerebro de los murinos. Los resultados hallados evidenciaron que se hab\u00eda producido un <strong>aumento notable de la patolog\u00eda asociada a la prote\u00edna tau<\/strong>, acompa\u00f1ado adem\u00e1s de una activaci\u00f3n de los procesos neuroinflamatorios. Dicha prote\u00edna juega un papel esencial en el correcto funcionamiento de la c\u00e9lulas cerebrales.<\/p>\n<p class=\"v-a-t\">\nCuando el hu\u00e9sped padece alzh\u00e9imer u otro tipo de enfermedades neurodegenerativas, dicha prote\u00edna sufre modificaciones qu\u00edmicas an\u00f3malas\n<\/p>\n<p class=\"v-d-p\" style=\"\">En condiciones normales, la prote\u00edna tau est\u00e1 regulada y mantiene su funci\u00f3n como soporte estructural. Por el contrario, cuando el hu\u00e9sped padece alzh\u00e9imer u otro tipo de enfermedades neurodegenerativas, <strong>dicha prote\u00edna sufre modificaciones qu\u00edmicas an\u00f3malas<\/strong>. David Baglietto-Vargas, investigador l\u00edder de este estudio, ha explicado que actualmente est\u00e1n investigando de forma m\u00e1s profunda los \u00abposibles mecanismos inflamatorios inducidos por el trasplante que podr\u00edan acelerar la patolog\u00eda tau\u00bb.<\/p>\n<p class=\"v-d-p\" style=\"\">Para ello, se est\u00e1n sometiendo a animales silvestres a una dieta occidental durante un periodo de ocho meses. El objetivo es \u00abreproducir los patrones diet\u00e9ticos predominantes en pa\u00edses desarrollados, donde este tipo de alimentaci\u00f3n constituye un problema relevante para la salud p\u00fablica\u00bb, ha puntualizado el investigador. <\/p>\n<p class=\"v-d-p\" style=\"\">Este enfoque les permitir\u00e1 determinar de forma m\u00e1s precisa <strong>c\u00f3mo afectan los h\u00e1bitos diet\u00e9ticos de de los pa\u00edses occidentales al tejido adiposo<\/strong>, adem\u00e1s de poder analizar c\u00f3mo podr\u00edan contribuir \u00abcomo factor de riesgo en la aceleraci\u00f3n de la patog\u00e9nesis de la enfermedad del alzh\u00e9imer\u00bb.<\/p>\n<p class=\"v-d-p\" style=\"\">El estudio se ha llevado a cabo por un grupo de investigadores del Departamento de Biolog\u00eda Celular, Gen\u00e9tica y Fisiolog\u00eda (Facultad de Ciencias) y del grupo &#8216;Neuropatolog\u00eda de la Enfermedad de Alzheimer&#8217; (Neuroad) de Ibima Plataforma Bionand y Ciberned. David Baglietto-Vargas lo ha liderado, junto con las doctoras Laura Trujillo-Estrada, Raquel S\u00e1nchez-Varo, Elisabeth S\u00e1nchez-Mej\u00edas y Antonia Guti\u00e9rrez P\u00e9rez, investigadora responsable del grupo Neuroad.<\/p>\n<p class=\"v-d-p\" style=\"\">Este equipo de la UMA pertenece tambi\u00e9n a Ibima Plataforma Bionand y al grupo I+D Neuroad, que forma parte de Ciberned, liderado por el investigador David Baglietto-Vargas, con la participaci\u00f3n del grupo del doctor Frank LaFerla de la Universidad de California.<\/p>\n<p class=\"v-d-p\" style=\"\">Para su realizaci\u00f3n tambi\u00e9n han colaborado Miriam Bettineti-Luque, Juana Andreo-L\u00f3pez, Mario Morales-Cabello y Cynthia Campos-Moreno. Adem\u00e1s de la University of California, Irvine, con el grupo del doctor Frank LaFerla, co-responsable del estudio, las doctoras Stefania Forner y Alessandra Martini, y la investigadora Celia da Cunha.<\/p>\n","protected":false},"excerpt":{"rendered":"Un equipo cient\u00edfico de la Facultad de Ciencias de la Universidad de M\u00e1laga (UMA) ha publicado un estudio&hellip;\n","protected":false},"author":2,"featured_media":649512,"comment_status":"","ping_status":"","sticky":false,"template":"","format":"standard","meta":{"footnotes":""},"categories":[92],"tags":[3350,25143,7779,4807,622,25,24,165,3855,2860,5693,166,23,2845],"class_list":["post-649511","post","type-post","status-publish","format-standard","has-post-thumbnail","category-salud","tag-alzheimer","tag-conexiones","tag-demuestra","tag-diabetes","tag-equipo","tag-es","tag-espana","tag-health","tag-malaga","tag-nuevas","tag-obesidad","tag-salud","tag-spain","tag-universidad"],"share_on_mastodon":{"url":"https:\/\/pubeurope.com\/@es\/116890031235336922","error":""},"_links":{"self":[{"href":"https:\/\/www.europesays.com\/es\/wp-json\/wp\/v2\/posts\/649511","targetHints":{"allow":["GET"]}}],"collection":[{"href":"https:\/\/www.europesays.com\/es\/wp-json\/wp\/v2\/posts"}],"about":[{"href":"https:\/\/www.europesays.com\/es\/wp-json\/wp\/v2\/types\/post"}],"author":[{"embeddable":true,"href":"https:\/\/www.europesays.com\/es\/wp-json\/wp\/v2\/users\/2"}],"replies":[{"embeddable":true,"href":"https:\/\/www.europesays.com\/es\/wp-json\/wp\/v2\/comments?post=649511"}],"version-history":[{"count":0,"href":"https:\/\/www.europesays.com\/es\/wp-json\/wp\/v2\/posts\/649511\/revisions"}],"wp:featuredmedia":[{"embeddable":true,"href":"https:\/\/www.europesays.com\/es\/wp-json\/wp\/v2\/media\/649512"}],"wp:attachment":[{"href":"https:\/\/www.europesays.com\/es\/wp-json\/wp\/v2\/media?parent=649511"}],"wp:term":[{"taxonomy":"category","embeddable":true,"href":"https:\/\/www.europesays.com\/es\/wp-json\/wp\/v2\/categories?post=649511"},{"taxonomy":"post_tag","embeddable":true,"href":"https:\/\/www.europesays.com\/es\/wp-json\/wp\/v2\/tags?post=649511"}],"curies":[{"name":"wp","href":"https:\/\/api.w.org\/{rel}","templated":true}]}}