{"id":649672,"date":"2026-07-09T14:33:14","date_gmt":"2026-07-09T14:33:14","guid":{"rendered":"https:\/\/www.europesays.com\/es\/649672\/"},"modified":"2026-07-09T14:33:14","modified_gmt":"2026-07-09T14:33:14","slug":"barrabes-ante-la-causa-de-peinado-sobre-begona-gomez-esto-son-cuatro-o-cinco-mentiras-gordas-repetidas-todo-el-rato","status":"publish","type":"post","link":"https:\/\/www.europesays.com\/es\/649672\/","title":{"rendered":"Barrab\u00e9s, ante la causa de Peinado sobre Bego\u00f1a G\u00f3mez: \u00abEsto son cuatro o cinco mentiras gordas repetidas todo el rato\u00bb"},"content":{"rendered":"<p class=\"article-text\">\n        El empresario Juan Carlos Barrab\u00e9s, imputado por el juez Juan Carlos Peinado en el caso que investiga la c\u00e1tedra de Bego\u00f1a G\u00f3mez, esposa de Pedro S\u00e1nchez, y para quien las acusaciones piden seis a\u00f1os de c\u00e1rcel \u2013y la acusaci\u00f3n, su absoluci\u00f3n\u2013, se ha defendido este jueves en una entrevista en <a href=\"https:\/\/elpais.com\/espana\/2026-07-09\/barrabes-empresario-investigado-en-el-caso-begona-gomez-no-soy-una-victima-soy-un-elemento-necesario-para-los-objetivos-del-proceso.html\" target=\"_blank\" data-mrf-recirculation=\"links-noticia\" class=\"link\" rel=\"nofollow noopener\">El Pa\u00eds<\/a> en la que remarca su inocencia. \u201cEsto consiste en tener cuatro o cinco mentiras muy gordas y repetirlas todo el rato\u201d, ha asegurado sobre la causa que est\u00e1 a la espera de juicio.\n    <\/p>\n<p>    <a href=\"https:\/\/www.eldiario.es\/politica\/fiscalia-acusa-peinado-inventarse-confabulacion-impedir-salida-espana-begona-gomez_1_13367235.html\" data-mrf-recirculation=\"saber-mas\" data-dl-event=\"saber-mas\" rel=\"nofollow noopener\" target=\"_blank\"><\/p>\n<p class=\"know-more__title\">La Fiscal\u00eda acusa a Peinado de inventarse \u00abuna confabulaci\u00f3n\u00bb para impedir la salida de Espa\u00f1a de Bego\u00f1a G\u00f3mez<\/p>\n<p>            <img decoding=\"async\" class=\"lazy\" loading=\"lazy\" data-src=\"https:\/\/static.eldiario.es\/clip\/d351735b-d721-46e6-9e8b-c216045d8f2c_16-9-aspect-ratio_default_0_x674y263.jpg\" src=\"data:image\/svg+xml,%3Csvg xmlns=\" http:=\"\" viewbox=\"0 0 880 495\" alt=\"La Fiscal\u00eda acusa a Peinado de inventarse &quot;una confabulaci\u00f3n&quot; para impedir la salida de Espa\u00f1a de Bego\u00f1a G\u00f3mez\"\/><\/p>\n<p>                        <\/a><\/p>\n<p class=\"article-text\">\n        \u201cMi participaci\u00f3n en la c\u00e1tedra fue inexistente. Cero patatero. De hecho, ahora me he enterado de que exist\u00eda la c\u00e1tedra. No he estado nunca y nadie me ha visto nunca en la c\u00e1tedra\u201d, remarca el empresario durante la entrevista, en la que tambi\u00e9n se\u00f1ala que no es \u201cel socio de Bego\u00f1a G\u00f3mez\u201d. \u201cNo he tenido un aumento de ingresos por los concursos p\u00fablicos, ten\u00eda un 10-12% en un mundo que crec\u00eda al 800%. Llevo toda la vida ganando concursos p\u00fablicos. \u00bfD\u00f3nde est\u00e1 la pasta? A m\u00ed me han buscado en mi casa a ver si hab\u00eda pasta. Pero no tengo dinero negro. Nunca he tenido. Han venido a buscarme cuentas, y no las tengo\u201d, insiste.\n    <\/p>\n<p class=\"article-text\">\n        Barrab\u00e9s recalca que \u201cno hay relaci\u00f3n\u201d con S\u00e1nchez. Solo le vio \u201cuna vez en una reuni\u00f3n con ciento y pico empresarios\u201d y luego, otra vez porque le llam\u00f3 y le pregunt\u00f3 \u201cc\u00f3mo ve\u00eda el tema de la innovaci\u00f3n, las pymes y todo esto\u201d. \u201cNo tengo una relaci\u00f3n de asesor o algo as\u00ed. No es verdad\u201d, se\u00f1ala.\n    <\/p>\n<p class=\"article-text\">\n        Sobre G\u00f3mez, apunta a que la conoci\u00f3 en 2010 en un evento sobre el futuro de la sostenibilidad. \u201cElla vino la primera vez a escuchar. Y la conoc\u00ed all\u00ed y, ya est\u00e1, no tiene m\u00e1s historia\u201d. A partir de entonces, Barrab\u00e9s explica c\u00f3mo \u201cen un momento dado\u201d la mujer de S\u00e1nchez le llam\u00f3 y le dijo \u201cque estaba montando un m\u00e1ster de sostenibilidad\u201d. \u201cNo surgi\u00f3 la idea de m\u00ed, ni nada por el estilo. Me pareci\u00f3 bien porque much\u00edsima gente me preguntaba d\u00f3nde pod\u00eda estudiar sostenibilidad\u201d, explica\n    <\/p>\n<p class=\"article-text\">\n        \u201cTuvimos algunas reuniones para profesores, para la estructura. Yo ten\u00eda mucha experiencia en m\u00e1steres. Pero, si se refiere a si soy su amigo, si me he ido a cenar con ella: no, nunca, jam\u00e1s. No tengo amistad con ella. No conoce a mis hijos, no conoce a mi mujer. Hemos tenido una relaci\u00f3n profesional. Y cuando yo he ido a La Moncloa es porque pensaba que era su oficina. Yo ayud\u00e9 a hacer un m\u00e1ster de sostenibilidad social, y di dos o tres clases\u201d, insiste, en respuesta al periodista.\n    <\/p>\n<p>    \u201cSon como los abogados de Torrente\u201d<\/p>\n<p class=\"article-text\">\n        \u201c\u00bfY tiene alguna relaci\u00f3n actual con Bego\u00f1a G\u00f3mez?\u201d, le pregunta. \u201c\u00a1Qu\u00e9 va! Nada. Hace much\u00edsimos a\u00f1os que no tengo relaci\u00f3n. Creo que me puso un mensaje para Navidad. Que yo he estado a punto de morirme y no me ha llamado\u201d, a\u00f1ade. Se refiere a su ingreso en el hospital durante la instrucci\u00f3n. \u201cEste rollo de la deshumanizaci\u00f3n de la gente no est\u00e1 bien. Porque esto consiste en quemar y destrozar la vida. La gente que se deja instrumentalizar con estas cosas, tanto periodistas como entornos judiciales, no sabe lo que hace. No te puedes convertir en una herramienta para permitir que la gente haga el mal. Tienes que protegerte para que no te utilicen, para que no te instrumentalicen, para deshumanizar y fastidiar. Nos estamos jugando la democracia\u201d, remarca.\n    <\/p>\n<p>    <a href=\"https:\/\/www.eldiario.es\/politica\/fiscalia-pide-absolucion-escrito-conclusiones-juicio-delito-no-hay-autor_1_13367293.html\" data-mrf-recirculation=\"saber-mas-abajo\" data-dl-event=\"saber-mas-abajo\" rel=\"nofollow noopener\" target=\"_blank\"><\/p>\n<p class=\"know-more__title\">La Fiscal\u00eda pide la absoluci\u00f3n de Bego\u00f1a G\u00f3mez en su escrito de conclusiones para el juicio: \u201cSin delito no hay autor\u201d<\/p>\n<p>            <img decoding=\"async\" class=\"lazy\" loading=\"lazy\" data-src=\"https:\/\/static.eldiario.es\/clip\/9688ae5b-5275-47e7-9e66-0520a6946286_16-9-aspect-ratio_default_0_x1293y436.jpg\" src=\"data:image\/svg+xml,%3Csvg xmlns=\" http:=\"\" viewbox=\"0 0 880 495\" alt=\"La Fiscal\u00eda pide la absoluci\u00f3n de Bego\u00f1a G\u00f3mez en su escrito de conclusiones para el juicio: &quot;Sin delito no hay autor&quot;\"\/><\/p>\n<p>                        <\/a><\/p>\n<p class=\"article-text\">\n        De hecho, el empresario denuncia los pasos que dio el juez Peinado cuando \u00e9l estaba \u201ca punto\u201d de morirse. \u201cEs muy duro. Y ya cuando me enter\u00e9 de que hab\u00edan entrado en mi casa, con mis hijos&#8230; El otro d\u00eda, en el juzgado, estaba viendo a los abogados de la acusaci\u00f3n y pens\u00e9: &#8216;Si son como los abogados de Torrente, frikis diciendo chorradas&#8217;\u201d, ironiza. Barrab\u00e9s ten\u00eda el s\u00edndrome de Poems, que es una enfermedad tumoral. Por eso, sentencia as\u00ed sobre el proceso: \u201cEsto no puede ser. Yo no quiero que declaren este juicio nulo, quiero ganarlo. No me da la gana que lo declaren nulo. No quiero porque eso es una salida muy f\u00e1cil. As\u00ed no queda claro que yo no lo he hecho. Yo quiero ganarlo\u201d.\n    <\/p>\n","protected":false},"excerpt":{"rendered":"El empresario Juan Carlos Barrab\u00e9s, imputado por el juez Juan Carlos Peinado en el caso que investiga la&hellip;\n","protected":false},"author":2,"featured_media":649673,"comment_status":"","ping_status":"","sticky":false,"template":"","format":"standard","meta":{"footnotes":""},"categories":[5],"tags":[119311,7421,17,18,11072,5810,954,25,24,13,14,4190,72500,11,19,20,2861,9,10,15,16,24182,5935,119312,2877,23,12,21,22],"class_list":["post-649672","post","type-post","status-publish","format-standard","has-post-thumbnail","category-titulares","tag-barrabes","tag-begona","tag-breaking-news","tag-breakingnews","tag-causa","tag-cinco","tag-cuatro","tag-es","tag-espana","tag-featured-news","tag-featurednews","tag-gomez","tag-gordas","tag-headlines","tag-latest-news","tag-latestnews","tag-mentiras","tag-news","tag-noticias","tag-noticias-destacadas","tag-noticiasdestacadas","tag-peinado","tag-rato","tag-repetidas","tag-son","tag-spain","tag-titulares","tag-ultimas-noticias","tag-ultimasnoticias"],"share_on_mastodon":{"url":"https:\/\/pubeurope.com\/@es\/116890514571103156","error":""},"_links":{"self":[{"href":"https:\/\/www.europesays.com\/es\/wp-json\/wp\/v2\/posts\/649672","targetHints":{"allow":["GET"]}}],"collection":[{"href":"https:\/\/www.europesays.com\/es\/wp-json\/wp\/v2\/posts"}],"about":[{"href":"https:\/\/www.europesays.com\/es\/wp-json\/wp\/v2\/types\/post"}],"author":[{"embeddable":true,"href":"https:\/\/www.europesays.com\/es\/wp-json\/wp\/v2\/users\/2"}],"replies":[{"embeddable":true,"href":"https:\/\/www.europesays.com\/es\/wp-json\/wp\/v2\/comments?post=649672"}],"version-history":[{"count":0,"href":"https:\/\/www.europesays.com\/es\/wp-json\/wp\/v2\/posts\/649672\/revisions"}],"wp:featuredmedia":[{"embeddable":true,"href":"https:\/\/www.europesays.com\/es\/wp-json\/wp\/v2\/media\/649673"}],"wp:attachment":[{"href":"https:\/\/www.europesays.com\/es\/wp-json\/wp\/v2\/media?parent=649672"}],"wp:term":[{"taxonomy":"category","embeddable":true,"href":"https:\/\/www.europesays.com\/es\/wp-json\/wp\/v2\/categories?post=649672"},{"taxonomy":"post_tag","embeddable":true,"href":"https:\/\/www.europesays.com\/es\/wp-json\/wp\/v2\/tags?post=649672"}],"curies":[{"name":"wp","href":"https:\/\/api.w.org\/{rel}","templated":true}]}}