{"id":649684,"date":"2026-07-09T14:46:11","date_gmt":"2026-07-09T14:46:11","guid":{"rendered":"https:\/\/www.europesays.com\/es\/649684\/"},"modified":"2026-07-09T14:46:11","modified_gmt":"2026-07-09T14:46:11","slug":"tierra-de-mafiosos-la-serie-de-guy-ritchie-en-skyshowtime-presenta-teaser-de-la-temporada-2-y-fecha-de-estreno","status":"publish","type":"post","link":"https:\/\/www.europesays.com\/es\/649684\/","title":{"rendered":"Tierra de mafiosos, la serie de Guy Ritchie en SkyShowtime, presenta teaser de la temporada 2 y fecha de estreno"},"content":{"rendered":"<p class=\"c-paragraph\">El a\u00f1o pasado, <a href=\"https:\/\/www.hobbyconsolas.com\/listas\/20-mejores-series-skyshowtime-1216216\" title=\"Las 20 mejores series de SkyShowtime\" rel=\"nofollow noopener\" target=\"_blank\">SkyShowtime<\/a> marc\u00f3 otra muesca a su lista de \u00e9xitos con <a href=\"https:\/\/www.hobbyconsolas.com\/hobbycine\/helen-mirren-calma-las-polemicas-con-tom-hardy-asegura-querer-actor-nueva-temporada-tierra-mafiosos_6982680_0.html\" title=\"Helen Mirren calma las pol\u00e9micas con Tom Hardy y asegura querer al actor en la nueva temporada de Tierra de mafiosos\" rel=\"nofollow noopener\" target=\"_blank\">Tierra de mafiosos<\/a> (Mobland), una <b>serie<\/b> creada por Ronan Bennett y dirigida por <b>Guy Ritchie<\/b> que cuenta con un elenco de lujo encabezado por <b>Tom Hardy<\/b>, Pierce Brosnan y Helen Mirren.<\/p>\n<p class=\"c-paragraph\">La trama de este thriller dram\u00e1tico tiene su eje central en la rivalidad de dos importantes familias mafiosas de Inglaterra, los Harrigans y los Stevensons.<\/p>\n<p class=\"c-paragraph\">En medio de toda la disputa est\u00e1 Harry Da Souza,\u00a0<b><b>un \u00abarreglador\u00bb callejero tan peligroso como apuesto que sabe muy bien d\u00f3nde est\u00e1n las lealtades cuando chocan fuerzas opuestas<\/b><\/b>.<\/p>\n<p class=\"c-paragraph\">La serie ha sido todo un pelotazo en Paramount+ y se ha convertido en uno de los mayores debuts en la historia de la plataforma, un \u00e9xito que tambi\u00e9n ha continuado en Espa\u00f1a tras su llegada a\u00a0<b>SkyShowtime<\/b>. Debido a ello, la plataforma ha renovado con una temporada 2 que ya lo tiene todo a punto para su lanzamiento en las pantallas.<\/p>\n<p class=\"c-paragraph\">Para abrir boca, Paramount+ ha presentado el <b>primer teaser de Tierra de mafiosos temporada 2<\/b> y confirma su llegada para el pr\u00f3ximo mes de septiembre. Puedes echar un ojo al adelanto a trav\u00e9s del v\u00eddeo que te dejamos un poco m\u00e1s abajo.<\/p>\n<p>Qu\u00e9 podemos esperar en la nueva temporada de Tierra de mafiosos<\/p>\n<p class=\"c-paragraph\">Seg\u00fan indica su sinopsis oficial, \u00aben la segunda temporada, los Harrigan luchar\u00e1n por mantener un frente unido mientras rivales emergentes amenazan su fracturado imperio criminal.<\/p>\n<p class=\"c-paragraph\">Por su parte, Harry Da Souza \u2014su formidable y astuto \u2018solucionador\u2019 de problemas\u2014 deber\u00e1 caminar por la cuerda floja a medida que se intensifican las tensiones familiares. <b>Mientras la violencia se extiende a todos los rincones de sus vidas, las lealtades se rompen, la seguridad resulta ef\u00edmera y la lucha por el poder no deja lugar a la piedad<\/b>\u00ab.<\/p>\n<p class=\"c-paragraph\">El teaser de la nueva temporada llega tras la tensa situaci\u00f3n con <a href=\"https:\/\/www.hobbyconsolas.com\/hobbycine\/tom-hardy-entierra-hacha-guerra-seguira-mobland-temporada-3-serie-guy-ritchie_7009102_0.html\" title=\"Tom Hardy entierra el hacha de guerra y seguir\u00e1 en MobLand en la temporada 3 de la serie de Guy Ritchie\" rel=\"nofollow noopener\" target=\"_blank\">Tom Hardy<\/a> debido a conflictos con los productores que provoc\u00f3 su breve salida de la serie. Una reuni\u00f3n reciente en Londres entre Hardy y los responsables de la producci\u00f3n permiti\u00f3 desbloquear la situaci\u00f3n y propici\u00f3, finalmente, su regreso para la futura temporada 3.<\/p>\n<p class=\"c-paragraph\"><b>La temporada 2 de Tierra de mafiosos arrancar\u00e1 en Paramount+ el pr\u00f3ximo 18 de septiembre de 2026<\/b>, por lo que muy pronto podremos disfrutar de sus episodios en Espa\u00f1a a trav\u00e9s de SkyShowtime. \u00bfQu\u00e9 te ha parecido el tr\u00e1iler de la <a href=\"https:\/\/www.hobbyconsolas.com\/listas\/7-series-te-haran-reflexionar-tener-conversaciones-interesantes-amistades-1397487\" title=\"7 series que te har\u00e1n reflexionar y tener conversaciones interesantes con tus amistades\" rel=\"nofollow noopener\" target=\"_blank\">serie<\/a>?<\/p>\n","protected":false},"excerpt":{"rendered":"El a\u00f1o pasado, SkyShowtime marc\u00f3 otra muesca a su lista de \u00e9xitos con Tierra de mafiosos (Mobland), una&hellip;\n","protected":false},"author":2,"featured_media":649685,"comment_status":"","ping_status":"","sticky":false,"template":"","format":"standard","meta":{"footnotes":""},"categories":[171],"tags":[146,147,25,24,3768,7360,92422,156,23,1934,214],"class_list":["post-649684","post","type-post","status-publish","format-standard","has-post-thumbnail","category-tv","tag-entertainment","tag-entretenimiento","tag-es","tag-espana","tag-guy","tag-mafiosos","tag-ritchie","tag-serie","tag-spain","tag-tierra","tag-tv"],"share_on_mastodon":{"url":"https:\/\/pubeurope.com\/@es\/116890565833452584","error":""},"_links":{"self":[{"href":"https:\/\/www.europesays.com\/es\/wp-json\/wp\/v2\/posts\/649684","targetHints":{"allow":["GET"]}}],"collection":[{"href":"https:\/\/www.europesays.com\/es\/wp-json\/wp\/v2\/posts"}],"about":[{"href":"https:\/\/www.europesays.com\/es\/wp-json\/wp\/v2\/types\/post"}],"author":[{"embeddable":true,"href":"https:\/\/www.europesays.com\/es\/wp-json\/wp\/v2\/users\/2"}],"replies":[{"embeddable":true,"href":"https:\/\/www.europesays.com\/es\/wp-json\/wp\/v2\/comments?post=649684"}],"version-history":[{"count":0,"href":"https:\/\/www.europesays.com\/es\/wp-json\/wp\/v2\/posts\/649684\/revisions"}],"wp:featuredmedia":[{"embeddable":true,"href":"https:\/\/www.europesays.com\/es\/wp-json\/wp\/v2\/media\/649685"}],"wp:attachment":[{"href":"https:\/\/www.europesays.com\/es\/wp-json\/wp\/v2\/media?parent=649684"}],"wp:term":[{"taxonomy":"category","embeddable":true,"href":"https:\/\/www.europesays.com\/es\/wp-json\/wp\/v2\/categories?post=649684"},{"taxonomy":"post_tag","embeddable":true,"href":"https:\/\/www.europesays.com\/es\/wp-json\/wp\/v2\/tags?post=649684"}],"curies":[{"name":"wp","href":"https:\/\/api.w.org\/{rel}","templated":true}]}}