{"id":649735,"date":"2026-07-09T15:27:16","date_gmt":"2026-07-09T15:27:16","guid":{"rendered":"https:\/\/www.europesays.com\/es\/649735\/"},"modified":"2026-07-09T15:27:16","modified_gmt":"2026-07-09T15:27:16","slug":"asi-ve-raquel-romo-a-cheridene-green-confirmada-como-nueva-jugadora-del-meins-avenida","status":"publish","type":"post","link":"https:\/\/www.europesays.com\/es\/649735\/","title":{"rendered":"As\u00ed ve Raquel Romo a Cheridene Green, confirmada como nueva jugadora del Meins Avenida"},"content":{"rendered":"<p><img decoding=\"async\" class=\"v-ath__i\" loading=\"lazy\" src=\"https:\/\/www.europesays.com\/es\/wp-content\/uploads\/2026\/07\/autor-6000-foto-1.png\" alt=\"Alex G. Santana\"\/><\/p>\n<p>09\/07\/2026 a las 11:14h.<\/p>\n<p class=\"v-d-p\" style=\"\">El <strong>Meins Avenida<\/strong> ha confirmado este jueves el fichaje de <strong>Cheridene Green<\/strong>, la p\u00edvot brit\u00e1nica <a href=\"https:\/\/www.lagacetadesalamanca.es\/deportes\/baloncesto-local\/perfumeriasavenida\/federacion-inglesa-ficha-cheridene-green-meins-avenida-20260708132116-nt.html\" target=\"_blank\" data-voc-vtm-id=\"in-text-traffic\" data-mrf-link=\"www.lagacetadesalamanca.es\" rel=\"nofollow noopener\">a la que la Federaci\u00f3n de su pa\u00eds hab\u00eda &#8216;colocado&#8217; ya en el conjunto salmantino<\/a>.<\/p>\n<p class=\"v-d-p\" style=\"\">Seg\u00fan el comunicado oficial del club, Green \u00abes una interior con fortaleza en pintura para sellar y ganar la posici\u00f3n bajo los tableros. Con gran capacidad para pelear por el rebote y con amenaza desde media distancia para aportar conocimiento del juego por primera vez en Liga Femenina con Meins Avenida\u00bb.<\/p>\n<p class=\"v-d-p\" style=\"\">Pero, sin duda, la que mejor conoce a la nueva jugadora del equipo es su directora deportiva, <strong>Raquel Romo<\/strong>, que define a Cheridene Green como \u00ab<strong>una jugadora con gran impacto en la pintura<\/strong> tanto defensiva como ofensivamente, y en el rebote. Sin duda, se trata de uno de los perfiles que busc\u00e1bamos para cubrir las necesidades del interior\u00bb.<\/p>\n<p class=\"v-d-p\" style=\"\">Romo ha destacado tambi\u00e9n \u00absu ambici\u00f3n por competir en la Liga Femenina la ha llevado a unirse a este proyecto, en el que nos aportar\u00e1 su experiencia al m\u00e1s alto nivel. <strong>Ha transmitido mucha energ\u00eda positiva<\/strong> y ganas de demostrar car\u00e1cter competitivo\u00bb.<\/p>\n<p class=\"v-d-p\" style=\"\">Con la confirmaci\u00f3n del fichaje de Cheridene Green <strong>son ya nueve las jugadoras del Meins Avenida para la temporada 2026-27<\/strong>: Claudia Soriano, In\u00e9s Santib\u00e1\u00f1ez, Marta Canella, Sara Roumy, Martina Fassina, Davini \u00c1ngel, Stephanie Mawulli, Emma Johansson y la propia Green.<\/p>\n","protected":false},"excerpt":{"rendered":"09\/07\/2026 a las 11:14h. El Meins Avenida ha confirmado este jueves el fichaje de Cheridene Green, la p\u00edvot&hellip;\n","protected":false},"author":2,"featured_media":649736,"comment_status":"","ping_status":"","sticky":false,"template":"","format":"standard","meta":{"footnotes":""},"categories":[269],"tags":[14092,299,298,119088,11901,168,25,24,38250,1713,108095,795,11917,34098,23,167],"class_list":["post-649735","post","type-post","status-publish","format-standard","has-post-thumbnail","category-baloncesto","tag-avenida","tag-baloncesto","tag-basketball","tag-cheridene","tag-confirmada","tag-deportes","tag-es","tag-espana","tag-green","tag-jugadora","tag-meins","tag-nueva","tag-raquel","tag-romo","tag-spain","tag-sports"],"share_on_mastodon":{"url":"https:\/\/pubeurope.com\/@es\/116890727877365242","error":""},"_links":{"self":[{"href":"https:\/\/www.europesays.com\/es\/wp-json\/wp\/v2\/posts\/649735","targetHints":{"allow":["GET"]}}],"collection":[{"href":"https:\/\/www.europesays.com\/es\/wp-json\/wp\/v2\/posts"}],"about":[{"href":"https:\/\/www.europesays.com\/es\/wp-json\/wp\/v2\/types\/post"}],"author":[{"embeddable":true,"href":"https:\/\/www.europesays.com\/es\/wp-json\/wp\/v2\/users\/2"}],"replies":[{"embeddable":true,"href":"https:\/\/www.europesays.com\/es\/wp-json\/wp\/v2\/comments?post=649735"}],"version-history":[{"count":0,"href":"https:\/\/www.europesays.com\/es\/wp-json\/wp\/v2\/posts\/649735\/revisions"}],"wp:featuredmedia":[{"embeddable":true,"href":"https:\/\/www.europesays.com\/es\/wp-json\/wp\/v2\/media\/649736"}],"wp:attachment":[{"href":"https:\/\/www.europesays.com\/es\/wp-json\/wp\/v2\/media?parent=649735"}],"wp:term":[{"taxonomy":"category","embeddable":true,"href":"https:\/\/www.europesays.com\/es\/wp-json\/wp\/v2\/categories?post=649735"},{"taxonomy":"post_tag","embeddable":true,"href":"https:\/\/www.europesays.com\/es\/wp-json\/wp\/v2\/tags?post=649735"}],"curies":[{"name":"wp","href":"https:\/\/api.w.org\/{rel}","templated":true}]}}