{"id":649737,"date":"2026-07-09T15:28:12","date_gmt":"2026-07-09T15:28:12","guid":{"rendered":"https:\/\/www.europesays.com\/es\/649737\/"},"modified":"2026-07-09T15:28:12","modified_gmt":"2026-07-09T15:28:12","slug":"el-racinguista-aritz-aldasoro-sera-el-septimo-fichaje-del-real-oviedo-este-mercado-de-verano","status":"publish","type":"post","link":"https:\/\/www.europesays.com\/es\/649737\/","title":{"rendered":"El racinguista Aritz Aldasoro ser\u00e1 el s\u00e9ptimo fichaje del Real Oviedo este mercado de verano"},"content":{"rendered":"<p class=\"ft-text ft-helper-closenews\">Aritz Aldasoro ya es nuevo jugador del Oviedo. Seg\u00fan ha podido saber LA NUEVA ESPA\u00d1A, el acuerdo entre las partes est\u00e1 cerrado. El centrocampista guipuzcoano, de 27 a\u00f1os, se convierte as\u00ed en el s\u00e9ptimo refuerzo del Real Oviedo para la pr\u00f3xima temporada en Segunda Divisi\u00f3n, tras las incorporaciones ya cerradas de Pablo S\u00e1enz, Youness Lachhab, Jacobo Gonz\u00e1lez, Aisar Ahmed, Samu Rodr\u00edguez y V\u00edctor Mingo. Un movimiento que responde a la voluntad del club de seguir apuntalando la medular, donde Juli\u00e1n Calero contar\u00e1 tambi\u00e9n con Youness.<\/p>\n<p class=\"ft-text\">La f\u00f3rmula del fichaje, tal y como adelant\u00f3 este peri\u00f3dico el pasado 1 de julio, pasa por una cesi\u00f3n con parte de la ficha asumida por el Real Oviedo. Aldasoro es uno de los futbolistas con la ficha m\u00e1s elevada del Racing de Santander, con contrato en vigor hasta 2029, tras la renovaci\u00f3n que firm\u00f3 hace un a\u00f1o. El jugador cobra al rededor de 800.000 euros tras el ascenso y los azules no pagar\u00e1n una gran cantidad de la ficha. Con el club c\u00e1ntabro ya en Primera Divisi\u00f3n, Jos\u00e9 Alberto L\u00f3pez no cuenta con \u00e9l para el nuevo curso, por lo que el propio Racing ha aceptado la operaci\u00f3n con el Real Oviedo como salida para el guipuzcoano.<\/p>\n<p class=\"ft-text\">De todas las opciones que Aldasoro hab\u00eda manejado durante las \u00faltimas semanas \u2014con propuestas tambi\u00e9n de otros clubes de Segunda Divisi\u00f3n y del extranjero\u2014 la del conjunto azul era la que m\u00e1s le convenc\u00eda desde el principio. El propio jugador ha empujado internamente para acabar en El Requex\u00f3n, considerando que el proyecto del Real Oviedo es el que mejor encaja con lo que busca profesionalmente. Un mediocentro de trabajo, de ida y vuelta y con recorrido para competir en la sala de m\u00e1quinas, un perfil que tambi\u00e9n gusta especialmente al nuevo cuerpo t\u00e9cnico azul. Adem\u00e1s, el propio jugador, que tuvo una oferta muy suculenta del C\u00e1diz, que pagaba m\u00e1s que el Oviedo, valor\u00f3 siempre la cercan\u00eda con su tierra y un proyecto de un reci\u00e9n desdendido de Primera Divisi\u00f3n.<\/p>\n<p class=\"ft-text\">Aldasoro se incorporar\u00e1 a los entrenamientos en las pr\u00f3ximas horas. Su incorporaci\u00f3n permitir\u00eda al Real Oviedo dar por resuelta una de las posiciones que necesitaba refuerzo.<\/p>\n<p data-close=\"closedContent\" class=\"subscribeHideForDisplay\">Suscr\u00edbete para seguir leyendo<\/p>\n","protected":false},"excerpt":{"rendered":"Aritz Aldasoro ya es nuevo jugador del Oviedo. Seg\u00fan ha podido saber LA NUEVA ESPA\u00d1A, el acuerdo entre&hellip;\n","protected":false},"author":2,"featured_media":649738,"comment_status":"","ping_status":"","sticky":false,"template":"","format":"standard","meta":{"footnotes":""},"categories":[268],"tags":[119315,15664,168,25,24,280,282,16250,14371,119314,3302,7640,8777,523,281,23,167],"class_list":["post-649737","post","type-post","status-publish","format-standard","has-post-thumbnail","category-futbol","tag-aldasoro","tag-aritz","tag-deportes","tag-es","tag-espana","tag-football","tag-futbol","tag-invierno","tag-racing-de-santander","tag-racinguista","tag-real-oviedo","tag-segunda-division","tag-septimo","tag-sera","tag-soccer","tag-spain","tag-sports"],"share_on_mastodon":{"url":"https:\/\/pubeurope.com\/@es\/116890731293067719","error":""},"_links":{"self":[{"href":"https:\/\/www.europesays.com\/es\/wp-json\/wp\/v2\/posts\/649737","targetHints":{"allow":["GET"]}}],"collection":[{"href":"https:\/\/www.europesays.com\/es\/wp-json\/wp\/v2\/posts"}],"about":[{"href":"https:\/\/www.europesays.com\/es\/wp-json\/wp\/v2\/types\/post"}],"author":[{"embeddable":true,"href":"https:\/\/www.europesays.com\/es\/wp-json\/wp\/v2\/users\/2"}],"replies":[{"embeddable":true,"href":"https:\/\/www.europesays.com\/es\/wp-json\/wp\/v2\/comments?post=649737"}],"version-history":[{"count":0,"href":"https:\/\/www.europesays.com\/es\/wp-json\/wp\/v2\/posts\/649737\/revisions"}],"wp:featuredmedia":[{"embeddable":true,"href":"https:\/\/www.europesays.com\/es\/wp-json\/wp\/v2\/media\/649738"}],"wp:attachment":[{"href":"https:\/\/www.europesays.com\/es\/wp-json\/wp\/v2\/media?parent=649737"}],"wp:term":[{"taxonomy":"category","embeddable":true,"href":"https:\/\/www.europesays.com\/es\/wp-json\/wp\/v2\/categories?post=649737"},{"taxonomy":"post_tag","embeddable":true,"href":"https:\/\/www.europesays.com\/es\/wp-json\/wp\/v2\/tags?post=649737"}],"curies":[{"name":"wp","href":"https:\/\/api.w.org\/{rel}","templated":true}]}}