{"id":649739,"date":"2026-07-09T15:30:02","date_gmt":"2026-07-09T15:30:02","guid":{"rendered":"https:\/\/www.europesays.com\/es\/649739\/"},"modified":"2026-07-09T15:30:02","modified_gmt":"2026-07-09T15:30:02","slug":"las-vocalistas-de-la-orquesta-nueva-linea-se-separan-del-grupo-en-plena-gira","status":"publish","type":"post","link":"https:\/\/www.europesays.com\/es\/649739\/","title":{"rendered":"Las vocalistas de la orquesta Nueva L\u00ednea se separan del grupo en plena gira"},"content":{"rendered":"<p style=\"\">La orquesta Nueva L\u00ednea, una de las formaciones musicales m\u00e1s virales y exitosas de Canarias, ha anunciado por sorpresa la salida fulminante de sus cuatro  &#8230; vocalistas femeninas. Alicia, Mayte, Raquel y Sof\u00eda dejan de formar parte de la agrupaci\u00f3n justo en su momento de mayor \u00e9xito, coincidiendo con el estreno del videoclip de su exitosa colaboraci\u00f3n junto a Quevedo, titulada &#8216;Al Golpito&#8217;.<\/p>\n<p class=\"v-d-p\" style=\"\">Seg\u00fan el comunicado oficial publicado a trav\u00e9s de sus redes sociales, la ruptura se debe a \u00abdiferencias en la forma de entender y gestionar la imagen del grupo\u00bb. Esta inesperada separaci\u00f3n choca con la planificaci\u00f3n veraniega de la orquesta, que tiene un total de 18 conciertos solo durante el mes de julio. El grupo ten\u00eda previsto recorrer numerosos puntos de la geograf\u00eda canaria y dar el salto a Mallorca y Murcia. <\/p>\n<p class=\"v-d-p\" style=\"\">Aunque desde la direcci\u00f3n de Nueva L\u00ednea se ha asegurado que el resto de los m\u00fasicos e integrantes \u00abcontin\u00faa unido y plenamente comprometido con el proyecto\u00bb, deja en el aire el futuro inmediato de la formaci\u00f3n.<\/p>\n<p>\nVirales en TikTok\n<\/p>\n<p class=\"v-d-p\" style=\"\">El impacto de la noticia ha sorprendido entre sus millones de seguidores. Gracias a temas como &#8216;Una noche de copas&#8217;, sus cifras en las redes sociales se dispararon llegando a acumular m\u00e1s de 1,2 millones de seguidores y 40 millones de &#8216;me gusta&#8217; en Tik Tok. Su \u00e9xito les llev\u00f3 a captar la atenci\u00f3n de la industria, a firmar con Universal Music y a actuar en la Plaza de Toros de Las Ventas.<\/p>\n<p class=\"v-d-p\" style=\"\">Como era de esperar, las redes sociales han empezado a llenarse de especulaciones sobre el futuro de las artistas. Una de ellas es la creaci\u00f3n de un nuevo proyecto musical conjunto. Esta teor\u00eda cobra fuerza a juzgar por las cuentas personales de las cuatro cantantes, que han borrado todo el contenido relacionado con Nueva L\u00ednea y han cambiado sus fotos de perfil por n\u00fameros de tres d\u00edgitos. <\/p>\n","protected":false},"excerpt":{"rendered":"La orquesta Nueva L\u00ednea, una de las formaciones musicales m\u00e1s virales y exitosas de Canarias, ha anunciado por&hellip;\n","protected":false},"author":2,"featured_media":649740,"comment_status":"","ping_status":"","sticky":false,"template":"","format":"standard","meta":{"footnotes":""},"categories":[174],"tags":[255,146,147,25,24,256,1236,100,14240,795,35221,5670,10850,23,118834],"class_list":["post-649739","post","type-post","status-publish","format-standard","has-post-thumbnail","category-famosos","tag-celebrities","tag-entertainment","tag-entretenimiento","tag-es","tag-espana","tag-famosos","tag-gira","tag-grupo","tag-linea","tag-nueva","tag-orquesta","tag-plena","tag-separan","tag-spain","tag-vocalistas"],"share_on_mastodon":{"url":"https:\/\/pubeurope.com\/@es\/116890738874907168","error":""},"_links":{"self":[{"href":"https:\/\/www.europesays.com\/es\/wp-json\/wp\/v2\/posts\/649739","targetHints":{"allow":["GET"]}}],"collection":[{"href":"https:\/\/www.europesays.com\/es\/wp-json\/wp\/v2\/posts"}],"about":[{"href":"https:\/\/www.europesays.com\/es\/wp-json\/wp\/v2\/types\/post"}],"author":[{"embeddable":true,"href":"https:\/\/www.europesays.com\/es\/wp-json\/wp\/v2\/users\/2"}],"replies":[{"embeddable":true,"href":"https:\/\/www.europesays.com\/es\/wp-json\/wp\/v2\/comments?post=649739"}],"version-history":[{"count":0,"href":"https:\/\/www.europesays.com\/es\/wp-json\/wp\/v2\/posts\/649739\/revisions"}],"wp:featuredmedia":[{"embeddable":true,"href":"https:\/\/www.europesays.com\/es\/wp-json\/wp\/v2\/media\/649740"}],"wp:attachment":[{"href":"https:\/\/www.europesays.com\/es\/wp-json\/wp\/v2\/media?parent=649739"}],"wp:term":[{"taxonomy":"category","embeddable":true,"href":"https:\/\/www.europesays.com\/es\/wp-json\/wp\/v2\/categories?post=649739"},{"taxonomy":"post_tag","embeddable":true,"href":"https:\/\/www.europesays.com\/es\/wp-json\/wp\/v2\/tags?post=649739"}],"curies":[{"name":"wp","href":"https:\/\/api.w.org\/{rel}","templated":true}]}}