{"id":649747,"date":"2026-07-09T15:37:13","date_gmt":"2026-07-09T15:37:13","guid":{"rendered":"https:\/\/www.europesays.com\/es\/649747\/"},"modified":"2026-07-09T15:37:13","modified_gmt":"2026-07-09T15:37:13","slug":"la-disminucion-temprana-de-hormonas-ovaricas-puede-aumentar-el-riesgo-de-problemas-de-salud-a-largo-plazo","status":"publish","type":"post","link":"https:\/\/www.europesays.com\/es\/649747\/","title":{"rendered":"La disminuci\u00f3n temprana de hormonas ov\u00e1ricas puede aumentar el riesgo de problemas de salud a largo plazo"},"content":{"rendered":"<p class=\"mostrar_fragmento\">La fertilidad femenina va disminuyendo con la edad, principalmente debido a la p\u00e9rdida de ovocitos en cantidad y calidad. Este evento fisiol\u00f3gico conduce a disfunci\u00f3n ov\u00e1rica e infertilidad, ciclos irregulares y, finalmente, a la menopausia.A pesar de su importancia, los factores que subyacen al proceso natural de p\u00e9rdida de \u00f3vulos &#8230;            &#13;\n        <\/p>\n<p> &#13;<br \/>\n&#13;<br \/>\n&#13;<\/p>\n<p>La fertilidad femenina va disminuyendo con la edad, principalmente debido a la p\u00e9rdida de ovocitos en cantidad y calidad. Este evento fisiol\u00f3gico conduce a disfunci\u00f3n ov\u00e1rica e infertilidad, ciclos irregulares y, finalmente, a la menopausia.<\/p>\n<p>A pesar de su importancia, los factores que subyacen al proceso natural de p\u00e9rdida de \u00f3vulos y fol\u00edculos relacionada con la edad, as\u00ed como aquellos que promueven el envejecimiento ov\u00e1rico prematuro, siguen sin comprenderse del todo. En este sentido,\u00a0investigadores de la Universidad de Monash en Melbourne (Australia) han llevado a cabo estudios precl\u00ednicos que han identificado un gen que podr\u00eda desempe\u00f1ar un papel en la protecci\u00f3n de la vida reproductiva femenina al reducir los niveles de inflamaci\u00f3n cr\u00f3nica en el ovario, que son un rasgo distintivo del envejecimiento.<\/p>\n<p>El estudio, realizado con ratones, dirigido por la Dra. Karla Hutt y publicado en el &#8216;Journal of Reproductive Biology and Endocrinology&#8217;, revel\u00f3, en estos animales, que la p\u00e9rdida del gen\u00a0Nfkb1\u00a0provoca una disminuci\u00f3n acelerada de la reserva ov\u00e1rica, una caracter\u00edstica clave del envejecimiento ov\u00e1rico prematuro. En concreto, dicho trabajo demostr\u00f3 que al perder r\u00e1pidamente los \u00f3vulos y fol\u00edculos, se crea un modelo que se asemeja a la disminuci\u00f3n de la reserva ov\u00e1rica o la menopausia precoz en humanos.<\/p>\n<p>\u00abLas mujeres con insuficiencia ov\u00e1rica prematura no solo experimentan infertilidad, sino tambi\u00e9n sufren una disminuci\u00f3n temprana en la producci\u00f3n de hormonas ov\u00e1ricas. Esto puede aumentar el riesgo de padecer problemas de salud a largo plazo, como enfermedades card\u00edacas y osteoporosis\u00bb, agreg\u00f3 la Dra. Hutt quien considera que\u00a0este gen es realmente importante para mantener el n\u00famero de fol\u00edculos y, por lo tanto, la producci\u00f3n de hormonas ov\u00e1ricas y la longevidad reproductiva femenina.<\/p>\n<p> &#13;<br \/>\n&#13;<\/p>\n<p>Para estos investigadores resulta importante destacar que la p\u00e9rdida de\u00a0Nfkb1\u00a0estuvo acompa\u00f1ada de un aumento de la inflamaci\u00f3n en los ovarios, subrayando que\u00a0puede causar inflamaci\u00f3n cr\u00f3nica de bajo grado en el ovario, acelerando el agotamiento de los fol\u00edculos asociado a la edad, lo que conlleva una p\u00e9rdida temprana de la fertilidad y una menopausia prematura.<\/p>\n<p>En definitiva, este gen, o las v\u00edas inflamatorias vinculadas a \u00e9l, podr\u00edan convertirse en objetivos para<br \/>intervenciones destinadas a prolongar la vida ov\u00e1rica y reproductiva de la mujer. \u00abEste estudio es importante porque hasta la fecha solo se ha identificado\u00a0un n\u00famero reducido de factores gen\u00e9ticos relacionados con la p\u00e9rdida prematura y r\u00e1pida de \u00f3vulos y fol\u00edculos, por tanto, podr\u00eda\u00a0aportar informaci\u00f3n valiosa sobre la gen\u00e9tica de la fertilidad y ser \u00fatil para la atenci\u00f3n cl\u00ednica\u00bb, concluy\u00f3 dicha investigadora.<\/p>\n<p>&#13;<br \/>\n            SEGUIR LEYENDO&#13;\n        <\/p>\n","protected":false},"excerpt":{"rendered":"La fertilidad femenina va disminuyendo con la edad, principalmente debido a la p\u00e9rdida de ovocitos en cantidad y&hellip;\n","protected":false},"author":2,"featured_media":649748,"comment_status":"","ping_status":"","sticky":false,"template":"","format":"standard","meta":{"footnotes":""},"categories":[92],"tags":[6209,33950,106376,4229,1293,25,24,87546,165,22221,48878,18314,8918,4044,689,2385,81708,119316,18127,10016,119317,11781,9608,789,1288,166,1138,23,11963,17838,10888,16377],"class_list":["post-649747","post","type-post","status-publish","format-standard","has-post-thumbnail","category-salud","tag-aumentar","tag-cardiacas","tag-disminucion","tag-ello","tag-enfermedades","tag-es","tag-espana","tag-experimentan","tag-health","tag-hormonas","tag-infertilidad","tag-insuficiencia","tag-largo","tag-mujeres","tag-no","tag-osteoporosis","tag-ovarica","tag-ovaricas","tag-padecer","tag-plazo","tag-prematura","tag-problemas","tag-produccion","tag-puede","tag-riesgo","tag-salud","tag-solo","tag-spain","tag-sufren","tag-tambien","tag-temprana","tag-todo"],"share_on_mastodon":{"url":"https:\/\/pubeurope.com\/@es\/116890766202569078","error":""},"_links":{"self":[{"href":"https:\/\/www.europesays.com\/es\/wp-json\/wp\/v2\/posts\/649747","targetHints":{"allow":["GET"]}}],"collection":[{"href":"https:\/\/www.europesays.com\/es\/wp-json\/wp\/v2\/posts"}],"about":[{"href":"https:\/\/www.europesays.com\/es\/wp-json\/wp\/v2\/types\/post"}],"author":[{"embeddable":true,"href":"https:\/\/www.europesays.com\/es\/wp-json\/wp\/v2\/users\/2"}],"replies":[{"embeddable":true,"href":"https:\/\/www.europesays.com\/es\/wp-json\/wp\/v2\/comments?post=649747"}],"version-history":[{"count":0,"href":"https:\/\/www.europesays.com\/es\/wp-json\/wp\/v2\/posts\/649747\/revisions"}],"wp:featuredmedia":[{"embeddable":true,"href":"https:\/\/www.europesays.com\/es\/wp-json\/wp\/v2\/media\/649748"}],"wp:attachment":[{"href":"https:\/\/www.europesays.com\/es\/wp-json\/wp\/v2\/media?parent=649747"}],"wp:term":[{"taxonomy":"category","embeddable":true,"href":"https:\/\/www.europesays.com\/es\/wp-json\/wp\/v2\/categories?post=649747"},{"taxonomy":"post_tag","embeddable":true,"href":"https:\/\/www.europesays.com\/es\/wp-json\/wp\/v2\/tags?post=649747"}],"curies":[{"name":"wp","href":"https:\/\/api.w.org\/{rel}","templated":true}]}}