{"id":649898,"date":"2026-07-09T17:43:18","date_gmt":"2026-07-09T17:43:18","guid":{"rendered":"https:\/\/www.europesays.com\/es\/649898\/"},"modified":"2026-07-09T17:43:18","modified_gmt":"2026-07-09T17:43:18","slug":"el-joker-vuelve-a-aparecer-en-el-tercer-encierro-de-san-fermin","status":"publish","type":"post","link":"https:\/\/www.europesays.com\/es\/649898\/","title":{"rendered":"El Joker vuelve a aparecer en el tercer encierro de San Ferm\u00edn"},"content":{"rendered":"<p>\n        El mozo disfrazado del <a href=\"https:\/\/www.noticiasdenavarra.com\/tags\/joker\/\" title=\"Joker\" target=\"_blank\" class=\"link copy\" rel=\"nofollow noopener\">Joker <\/a>ha vuelto a hacer acto de presencia este <strong>jueves <\/strong>entre la multitud de corredores que aguardaban el inicio del <a href=\"https:\/\/www.noticiasdenavarra.com\/fotos\/general\/sanfermines\/2026\/07\/09\/fotos-tercer-encierro-san-fermin-victoriano-del-rio-11304453.html\" title=\"tercer encierro de los Sanfermines\" class=\"link copy\" rel=\"nofollow noopener\" target=\"_blank\">tercer encierro de los Sanfermines<\/a>, con toros de <strong>Victoriano del R\u00edo<\/strong>, desatando de nuevo la <strong>sorpresa y las sonrisas<\/strong> en el recorrido.\n<\/p>\n<p class=\"article-photo__footer\">\n            El Joker en el tercer encierro de San Ferm\u00edn.            Javier Bergasa        <\/p>\n<p class=\"article-body__text \">\n        Con el rostro inmaculadamente <strong>pintado de blanco, el cabello te\u00f1ido de verde y esa perenne y perturbadora sonrisa roja<\/strong> que caracteriza al eterno <strong>enemigo de Batman<\/strong>, el corredor se ha dejado ver otra vez en los <strong>proleg\u00f3menos de la carrera<\/strong>.\n<\/p>\n<p class=\"article-body__text \">\n        Su<strong> primera aparici\u00f3n el pasado 7 de julio<\/strong>, coincidiendo con el encierro de <strong>Fuente Ymbro<\/strong>, corri\u00f3 a trav\u00e9s de las redes sociales, convirti\u00e9ndole en uno de los protagonistas de la jornada.\n<\/p>\n<p class=\"article-body__text \">\n        Lejos de dar por terminada su particular actuaci\u00f3n, este jueves ha decidido repetir la haza\u00f1a. Ataviado con su ya inconfundible maquillaje, el \u00abJoker\u00bb ha vuelto a <strong>pasearse <\/strong>mezcl\u00e1ndose con la <strong>tradicional marea blanca y roja de los mozos<\/strong>, demostrando que su caracterizaci\u00f3n aguanta intacta los rigores de la fiesta y los <strong>madrugones sanfermineros<\/strong>.<\/p>\n","protected":false},"excerpt":{"rendered":"El mozo disfrazado del Joker ha vuelto a hacer acto de presencia este jueves entre la multitud de&hellip;\n","protected":false},"author":2,"featured_media":649899,"comment_status":"","ping_status":"","sticky":false,"template":"","format":"standard","meta":{"footnotes":""},"categories":[91],"tags":[33759,1309,146,147,25,24,12556,21907,2228,23,619,739],"class_list":["post-649898","post","type-post","status-publish","format-standard","has-post-thumbnail","category-entretenimiento","tag-aparecer","tag-encierro","tag-entertainment","tag-entretenimiento","tag-es","tag-espana","tag-fermin","tag-joker","tag-san","tag-spain","tag-tercer","tag-vuelve"],"share_on_mastodon":{"url":"https:\/\/pubeurope.com\/@es\/116891261789646907","error":""},"_links":{"self":[{"href":"https:\/\/www.europesays.com\/es\/wp-json\/wp\/v2\/posts\/649898","targetHints":{"allow":["GET"]}}],"collection":[{"href":"https:\/\/www.europesays.com\/es\/wp-json\/wp\/v2\/posts"}],"about":[{"href":"https:\/\/www.europesays.com\/es\/wp-json\/wp\/v2\/types\/post"}],"author":[{"embeddable":true,"href":"https:\/\/www.europesays.com\/es\/wp-json\/wp\/v2\/users\/2"}],"replies":[{"embeddable":true,"href":"https:\/\/www.europesays.com\/es\/wp-json\/wp\/v2\/comments?post=649898"}],"version-history":[{"count":0,"href":"https:\/\/www.europesays.com\/es\/wp-json\/wp\/v2\/posts\/649898\/revisions"}],"wp:featuredmedia":[{"embeddable":true,"href":"https:\/\/www.europesays.com\/es\/wp-json\/wp\/v2\/media\/649899"}],"wp:attachment":[{"href":"https:\/\/www.europesays.com\/es\/wp-json\/wp\/v2\/media?parent=649898"}],"wp:term":[{"taxonomy":"category","embeddable":true,"href":"https:\/\/www.europesays.com\/es\/wp-json\/wp\/v2\/categories?post=649898"},{"taxonomy":"post_tag","embeddable":true,"href":"https:\/\/www.europesays.com\/es\/wp-json\/wp\/v2\/tags?post=649898"}],"curies":[{"name":"wp","href":"https:\/\/api.w.org\/{rel}","templated":true}]}}