{"id":650008,"date":"2026-07-09T19:15:45","date_gmt":"2026-07-09T19:15:45","guid":{"rendered":"https:\/\/www.europesays.com\/es\/650008\/"},"modified":"2026-07-09T19:15:45","modified_gmt":"2026-07-09T19:15:45","slug":"revelan-claves-geneticas-sobre-la-hidrocefalia-y-su-impacto-en-el-neurodesarrollo","status":"publish","type":"post","link":"https:\/\/www.europesays.com\/es\/650008\/","title":{"rendered":"Revelan claves gen\u00e9ticas sobre la hidrocefalia y su impacto en el neurodesarrollo"},"content":{"rendered":"<p class=\"mostrar_fragmento\">La ventriculomegalia cerebral cong\u00e9nita (VCC) es una caracter\u00edstica de la hidrocefalia cong\u00e9nita y suele acompa\u00f1ar a trastornos como el autismo y otros vinculados al neurodesarrollo. No obstante,\u00a0la asociaci\u00f3n a estas afecciones no est\u00e1 clara y la derivaci\u00f3n del l\u00edquido cefalorraqu\u00eddeo (LCR) mejora la funci\u00f3n neurol\u00f3gica solo en algunos casos.En este &#8230;            &#13;\n        <\/p>\n<p> &#13;<br \/>\n&#13;<br \/>\n&#13;<\/p>\n<p>La ventriculomegalia cerebral cong\u00e9nita (VCC) es una caracter\u00edstica de la hidrocefalia cong\u00e9nita y suele acompa\u00f1ar a trastornos como el autismo y otros vinculados al neurodesarrollo. No obstante,\u00a0la asociaci\u00f3n a estas afecciones no est\u00e1 clara y la derivaci\u00f3n del l\u00edquido cefalorraqu\u00eddeo (LCR) mejora la funci\u00f3n neurol\u00f3gica solo en algunos casos.<\/p>\n<p>En este terreno, una nueva investigaci\u00f3n, liderada por investigadores del\u00a0Instituto de Neurociencia Mass General Brigham en Boston (EEUU),\u00a0ha identificado algunas de las mutaciones gen\u00e9ticas implicadas en esta afecci\u00f3n.\u00a0\u00abUn n\u00famero significativo de pacientes presenta retraso en el desarrollo, y hasta un 10 % muestra trastorno del espectro autista\u00bb, concreta\u00a0el autor principal,\u00a0Dr. Kristopher T. Kahle,\u00a0jefe de Neurocirug\u00eda Pedi\u00e1trica del Instituto de Neurociencia Mass General Brigham<\/p>\n<p> Los hallazgos, publicados en la revista\u00a0&#8216;Science Translational Medicine&#8217;,\u00a0vinculan la CCV con trastornos del neurodesarrollo y la posicionan como un posible indicador temprano de riesgo de autismo mediante neuroimagen.<\/p>\n<p>Para el estudio, el prof. Kahle y sus colegas analizaron datos gen\u00e9ticos de aproximadamente 2700 ni\u00f1os con ventriculomegalia cerebral cong\u00e9nita y sus padres para identificar posibles mutaciones causantes, y combinaron sus hallazgos con informaci\u00f3n de conjuntos de datos sobre el desarrollo cerebral y modelos de ratones.<\/p>\n<p> &#13;<br \/>\n&#13;<\/p>\n<p>El equipo descubri\u00f3 que aproximadamente el 25 % de los casos estaban asociados con mutaciones gen\u00e9ticas raras y da\u00f1inas, a menudo en genes importantes para el crecimiento y la organizaci\u00f3n de las c\u00e9lulas cerebrales durante el desarrollo temprano del cerebro. En ratones, la inactivaci\u00f3n de estos genes provoc\u00f3 la hinchaz\u00f3n de los ventr\u00edculos al afectar tanto el movimiento del l\u00edquido cefalorraqu\u00eddeo como la estructura de la corteza cerebral, responsable de funciones cognitivas superiores como el razonamiento, la memoria y el lenguaje.<\/p>\n<p>Los hallazgos sugieren que la ventriculomegalia cerebral cong\u00e9nita no es solo un problema de circulaci\u00f3n de fluidos, sino que a menudo refleja problemas de desarrollo subyacentes en el propio cerebro. Los autores sugieren combinar im\u00e1genes prenatales con pruebas gen\u00e9ticas para identificar los casos antes del nacimiento.<\/p>\n<p>\u00abLa intervenci\u00f3n neuroquir\u00fargica suele salvar vidas y es eficaz, pero, en algunos casos, no mejora el tama\u00f1o ventricular ni los resultados del neurodesarrollo, a la vez que expone a los pacientes a futuras infecciones y a una dependencia a largo plazo de las derivaciones de drenaje\u00bb, desde el punto de vista del prof. Kahle. \u00abLas pruebas gen\u00f3micas podr\u00edan, con el tiempo, perfeccionar la selecci\u00f3n de pacientes e identificar si la atenci\u00f3n quir\u00fargica o no es la m\u00e1s adecuada en cada caso\u00bb.<\/p>\n<p>&#13;<br \/>\n            SEGUIR LEYENDO&#13;\n        <\/p>\n","protected":false},"excerpt":{"rendered":"La ventriculomegalia cerebral cong\u00e9nita (VCC) es una caracter\u00edstica de la hidrocefalia cong\u00e9nita y suele acompa\u00f1ar a trastornos como&hellip;\n","protected":false},"author":2,"featured_media":650009,"comment_status":"","ping_status":"","sticky":false,"template":"","format":"standard","meta":{"footnotes":""},"categories":[92],"tags":[32748,5715,10885,6365,82727,7775,79636,25,24,1142,2381,19784,165,119330,8633,7761,31,85514,58924,119332,9814,846,1288,166,23,3271,45833,10888,9162,10883,119331],"class_list":["post-650008","post","type-post","status-publish","format-standard","has-post-thumbnail","category-salud","tag-asociada","tag-base","tag-cerebrales","tag-claves","tag-congenita","tag-desarrollar","tag-dilatacion","tag-es","tag-espana","tag-forma","tag-genetica","tag-geneticas","tag-health","tag-hidrocefalia","tag-identificar","tag-impacto","tag-mayor","tag-nacidos","tag-neurodesarrollo","tag-podria-ayudar","tag-recien","tag-revelan","tag-riesgo","tag-salud","tag-spain","tag-su","tag-suele","tag-temprana","tag-tener","tag-trastornos","tag-ventriculos"],"share_on_mastodon":{"url":"https:\/\/pubeurope.com\/@es\/116891623861002398","error":""},"_links":{"self":[{"href":"https:\/\/www.europesays.com\/es\/wp-json\/wp\/v2\/posts\/650008","targetHints":{"allow":["GET"]}}],"collection":[{"href":"https:\/\/www.europesays.com\/es\/wp-json\/wp\/v2\/posts"}],"about":[{"href":"https:\/\/www.europesays.com\/es\/wp-json\/wp\/v2\/types\/post"}],"author":[{"embeddable":true,"href":"https:\/\/www.europesays.com\/es\/wp-json\/wp\/v2\/users\/2"}],"replies":[{"embeddable":true,"href":"https:\/\/www.europesays.com\/es\/wp-json\/wp\/v2\/comments?post=650008"}],"version-history":[{"count":0,"href":"https:\/\/www.europesays.com\/es\/wp-json\/wp\/v2\/posts\/650008\/revisions"}],"wp:featuredmedia":[{"embeddable":true,"href":"https:\/\/www.europesays.com\/es\/wp-json\/wp\/v2\/media\/650009"}],"wp:attachment":[{"href":"https:\/\/www.europesays.com\/es\/wp-json\/wp\/v2\/media?parent=650008"}],"wp:term":[{"taxonomy":"category","embeddable":true,"href":"https:\/\/www.europesays.com\/es\/wp-json\/wp\/v2\/categories?post=650008"},{"taxonomy":"post_tag","embeddable":true,"href":"https:\/\/www.europesays.com\/es\/wp-json\/wp\/v2\/tags?post=650008"}],"curies":[{"name":"wp","href":"https:\/\/api.w.org\/{rel}","templated":true}]}}