{"id":650020,"date":"2026-07-09T19:21:13","date_gmt":"2026-07-09T19:21:13","guid":{"rendered":"https:\/\/www.europesays.com\/es\/650020\/"},"modified":"2026-07-09T19:21:13","modified_gmt":"2026-07-09T19:21:13","slug":"ayuso-sobre-la-investigacion-a-su-pareja-llevo-el-80-de-la-relacion-con-este-asunto","status":"publish","type":"post","link":"https:\/\/www.europesays.com\/es\/650020\/","title":{"rendered":"Ayuso, sobre la investigaci\u00f3n a su pareja: \u201cLlevo el 80% de la relaci\u00f3n con este asunto\u201d"},"content":{"rendered":"<p class=\"article-text\">\n        La presidenta de la Comunidad de Madrid, Isabel D\u00edaz Ayuso, ha vuelto a hablar de una supuesta \u201coperaci\u00f3n de Estado\u201d sobre su \u201ccabeza\u201d en referencia al caso que investiga a su pareja, Alberto Gonz\u00e1lez Amador, que trabaja para Quir\u00f3n y que est\u00e1 <a href=\"https:\/\/www.eldiario.es\/politica\/enganos-pareja-ayuso-procesado-delito-fiscal-diez-hechos-probados_129_12676110.html\" data-mrf-recirculation=\"links-noticia\" class=\"link\" rel=\"nofollow noopener\" target=\"_blank\">procesado por delito fiscal<\/a>. Ayuso ha asegurado que lleva as\u00ed \u201cel 80%\u201d de su relaci\u00f3n: \u201cFue conocerle y su vida se convirti\u00f3 en el espejo de un Gobierno que intenta equiparar\u201d este caso con otros que rodean al PSOE, como el del exministro Jos\u00e9 Luis \u00c1balos.\n    <\/p>\n<p class=\"article-text\">\n        \u201cSi hablo porque hablo y le defiendo, si no porque no\u201d, ha continuado Ayuso, que ha asegurado que la investigaci\u00f3n que sigue en marcha sobre Alberto Gonz\u00e1lez Amador tiene como fin \u201cintentar que te hundas, mezclarte desde lo personal con algo que no tiene nada que ver\u201d. De nuevo, se ha vuelto a refererir al hecho de que su pareja defraudase a Hacienda como una \u201cpelea\u201d con la instituci\u00f3n p\u00fablica.\n    <\/p>\n<p class=\"article-text\">\n        Durante un ciclo de conferencias organizado por 20Minutos, la presidenta de la Comunidad de Madrid ha respondido as\u00ed al ser preguntada si est\u00e1 preocupada por este caso teniendo en cuenta que \u201ccada vez que menciona al hermano de Pedro S\u00e1nchez de repente aparece el caso vinculado a su pareja\u201d.\n    <\/p>\n<p class=\"article-text\">\n        El pasado mes de junio, un <a href=\"https:\/\/www.eldiario.es\/politica\/informe-hacienda-revela-pareja-ayuso-facturo-4-4-millones-quiron-prevencion-2021-2023_1_13315304.html\" data-mrf-recirculation=\"links-noticia\" class=\"link\" rel=\"nofollow noopener\" target=\"_blank\">informe de la Agencia Tributaria<\/a> revel\u00f3 que la pareja de la presidenta auton\u00f3mica factur\u00f3 un total de 4,4 millones de euros a trav\u00e9s de sus dos empresas, Maxwell Cremona y Masterman &amp; Whitaker, a Quir\u00f3n Prevenci\u00f3n entre 2021 y 2023.\n    <\/p>\n<p>    <a href=\"https:\/\/www.eldiario.es\/madrid\/ayuso-duplicado-pagos-gobierno-quiron-2021_1_13359449.html\" data-mrf-recirculation=\"saber-mas-abajo\" data-dl-event=\"saber-mas-abajo\" rel=\"nofollow noopener\" target=\"_blank\"><\/p>\n<p class=\"know-more__title\">Ayuso ha duplicado los pagos a Quir\u00f3n desde que gobierna en solitario\n<\/p>\n<p>            <img decoding=\"async\" class=\"lazy\" loading=\"lazy\" data-src=\"https:\/\/static.eldiario.es\/clip\/b6c0c199-6321-46d2-9526-0054ebc174c7_16-9-aspect-ratio_default_0_x871y312.jpg\" src=\"data:image\/svg+xml,%3Csvg xmlns=\" http:=\"\" viewbox=\"0 0 880 495\" alt=\"Ayuso ha duplicado los pagos a Quir\u00f3n desde que gobierna en solitario\"\/><\/p>\n<p>                        <\/a><\/p>\n<p class=\"article-text\">\n        \u201cNo s\u00e9 qu\u00e9 decirle, no tiene contratos con la Comunidad de Madrid, no pisa instalaciones del gobierno auton\u00f3mico para sus negocios, lleva m\u00e1s de 15 a\u00f1os en su misma profesi\u00f3n\u201d, ha continuado Ayuso durante el evento. \u201cEsta misma semana ha hecho algo in\u00e9dito y es que ha pedido por favor a la justicia que le investiguen todo, las cuentas, todo\u201d, ha dicho en referencia a la petici\u00f3n que hizo Alberto Gonz\u00e1lez Amador de este mi\u00e9rcoles al juez para que autorice \u201ca la mayor velocidad posible\u201d lo que pide la UCO para investigarle.\n    <\/p>\n","protected":false},"excerpt":{"rendered":"La presidenta de la Comunidad de Madrid, Isabel D\u00edaz Ayuso, ha vuelto a hablar de una supuesta \u201coperaci\u00f3n&hellip;\n","protected":false},"author":2,"featured_media":650021,"comment_status":"","ping_status":"","sticky":false,"template":"","format":"standard","meta":{"footnotes":""},"categories":[5],"tags":[1136,6984,17,18,858,900,767,119333,25,24,5174,13,14,582,11,19,20,9,10,15,16,2477,23,12,21,22,2606],"class_list":["post-650020","post","type-post","status-publish","format-standard","has-post-thumbnail","category-titulares","tag-asegura","tag-ayuso","tag-breaking-news","tag-breakingnews","tag-casos","tag-convirtio","tag-corrupcion","tag-equiparar","tag-es","tag-espana","tag-espejo","tag-featured-news","tag-featurednews","tag-gobierno","tag-headlines","tag-latest-news","tag-latestnews","tag-news","tag-noticias","tag-noticias-destacadas","tag-noticiasdestacadas","tag-pareja","tag-spain","tag-titulares","tag-ultimas-noticias","tag-ultimasnoticias","tag-vida"],"share_on_mastodon":{"url":"https:\/\/pubeurope.com\/@es\/116891647168853728","error":""},"_links":{"self":[{"href":"https:\/\/www.europesays.com\/es\/wp-json\/wp\/v2\/posts\/650020","targetHints":{"allow":["GET"]}}],"collection":[{"href":"https:\/\/www.europesays.com\/es\/wp-json\/wp\/v2\/posts"}],"about":[{"href":"https:\/\/www.europesays.com\/es\/wp-json\/wp\/v2\/types\/post"}],"author":[{"embeddable":true,"href":"https:\/\/www.europesays.com\/es\/wp-json\/wp\/v2\/users\/2"}],"replies":[{"embeddable":true,"href":"https:\/\/www.europesays.com\/es\/wp-json\/wp\/v2\/comments?post=650020"}],"version-history":[{"count":0,"href":"https:\/\/www.europesays.com\/es\/wp-json\/wp\/v2\/posts\/650020\/revisions"}],"wp:featuredmedia":[{"embeddable":true,"href":"https:\/\/www.europesays.com\/es\/wp-json\/wp\/v2\/media\/650021"}],"wp:attachment":[{"href":"https:\/\/www.europesays.com\/es\/wp-json\/wp\/v2\/media?parent=650020"}],"wp:term":[{"taxonomy":"category","embeddable":true,"href":"https:\/\/www.europesays.com\/es\/wp-json\/wp\/v2\/categories?post=650020"},{"taxonomy":"post_tag","embeddable":true,"href":"https:\/\/www.europesays.com\/es\/wp-json\/wp\/v2\/tags?post=650020"}],"curies":[{"name":"wp","href":"https:\/\/api.w.org\/{rel}","templated":true}]}}