{"id":650037,"date":"2026-07-09T19:38:16","date_gmt":"2026-07-09T19:38:16","guid":{"rendered":"https:\/\/www.europesays.com\/es\/650037\/"},"modified":"2026-07-09T19:38:16","modified_gmt":"2026-07-09T19:38:16","slug":"analizan-el-impacto-inmunologico-de-la-ablacion-con-campos-electricos-en-el-cancer-de-pulmon","status":"publish","type":"post","link":"https:\/\/www.europesays.com\/es\/650037\/","title":{"rendered":"Analizan el impacto inmunol\u00f3gico de la ablaci\u00f3n con campos el\u00e9ctricos en el c\u00e1ncer de pulm\u00f3n"},"content":{"rendered":"<p class=\"mostrar_fragmento\">Una investigaci\u00f3n en la que han participado diversos centros espa\u00f1oles demuestra el potencial de la tecnolog\u00eda electroquir\u00fargica Aliya, dise\u00f1ada para administrar pulsos el\u00e9ctricos en tumores sin afectar a la arquitectura del estroma. En pacientes con c\u00e1ncer de pulm\u00f3n no microc\u00edtico en estadios iniciales, la ablaci\u00f3n mediante Aliya indujo la formaci\u00f3n &#8230;            &#13;\n        <\/p>\n<p> &#13;<br \/>\n&#13;<\/p>\n<p>Una investigaci\u00f3n en la que han participado diversos centros espa\u00f1oles demuestra el potencial de la <strong>tecnolog\u00eda electroquir\u00fargica Aliya<\/strong>, dise\u00f1ada para administrar pulsos el\u00e9ctricos en tumores sin afectar a la arquitectura del estroma. En pacientes con <strong>c\u00e1ncer de pulm\u00f3n no microc\u00edtico <\/strong>en estadios iniciales, la ablaci\u00f3n mediante Aliya indujo la formaci\u00f3n de <strong>estructuras linfoides terciarias<\/strong> (ELT) con centros germinales, lo que, seg\u00fan estudios previos, se asocia a un mejor pron\u00f3stico. La proporci\u00f3n de pacientes con ELT fue casi dos veces mayor que en el grupo de control, mientras que, al comparar las muestras obtenidas antes y despu\u00e9s de la ablaci\u00f3n, la proporci\u00f3n de tumores positivos para ELT pas\u00f3 del 35% al 94%.<\/p>\n<p>Cabe destacar que este remodelado inmunol\u00f3gico se observ\u00f3 en todos los subtipos histol\u00f3gicos evaluados y se acompa\u00f1\u00f3 de <strong>un incremento de los linfocitos T de memoria inmunol\u00f3gica <\/strong>tanto en el tumor como en la sangre perif\u00e9rica, as\u00ed como de una reducci\u00f3n de los linfocitos T reguladores circulantes, una poblaci\u00f3n asociada a la inmunosupresi\u00f3n. <strong>Beryl A. Hatton<\/strong>, cient\u00edfica de Galvanize Therapeutics y codirectora del <a href=\"https:\/\/pubmed.ncbi.nlm.nih.gov\/42307634\/\" rel=\"nofollow noopener\" target=\"_blank\">estudio<\/a>, afirma que el n\u00famero total de ELT se correlacion\u00f3 positivamente con la infiltraci\u00f3n intratumoral de linfocitos citot\u00f3xicos en estado activo, lo que respalda el papel de estas estructuras como nodos de activaci\u00f3n inmunitaria.<\/p>\n<p>La investigadora a\u00f1ade que la ablaci\u00f3n increment\u00f3 de forma temprana los niveles s\u00e9ricos de <strong>un biomarcador de muerte celular inmunog\u00e9nica<\/strong>, as\u00ed como el n\u00famero de linfocitos B productores de anticuerpos en el microambiente tumoral. Estos hallazgos indican que los pulsos administrados mediante este sistema <strong>pueden favorecer la activaci\u00f3n inmunitaria frente a los tumores<\/strong>, lo que representa una estrategia para potenciar la respuesta y mejorar los resultados de la inmunoterapia, concluye Hatton.<\/p>\n<p> &#13;<\/p>\n<p>&#13;<br \/>\n            SEGUIR LEYENDO&#13;\n        <\/p>\n","protected":false},"excerpt":{"rendered":"Una investigaci\u00f3n en la que han participado diversos centros espa\u00f1oles demuestra el potencial de la tecnolog\u00eda electroquir\u00fargica Aliya,&hellip;\n","protected":false},"author":2,"featured_media":650038,"comment_status":"","ping_status":"","sticky":false,"template":"","format":"standard","meta":{"footnotes":""},"categories":[92],"tags":[92667,17138,61462,40990,5615,1066,16946,25,24,4939,1090,25872,29680,7214,165,7761,109224,46877,119334,119335,77979,3256,111475,166,23,119336,20957],"class_list":["post-650037","post","type-post","status-publish","format-standard","has-post-thumbnail","category-salud","tag-ablacion","tag-activas","tag-analizan","tag-aplicacion","tag-campos","tag-cancer","tag-electricos","tag-es","tag-espana","tag-estimula","tag-estrategia","tag-estructuras","tag-favorablemente","tag-formacion","tag-health","tag-impacto","tag-inflamatorio","tag-inmunologico","tag-intratumoral","tag-linfoides","tag-microambiente","tag-pulmon","tag-remodela","tag-salud","tag-spain","tag-terciarias","tag-tumor"],"share_on_mastodon":{"url":"https:\/\/pubeurope.com\/@es\/116891714204493743","error":""},"_links":{"self":[{"href":"https:\/\/www.europesays.com\/es\/wp-json\/wp\/v2\/posts\/650037","targetHints":{"allow":["GET"]}}],"collection":[{"href":"https:\/\/www.europesays.com\/es\/wp-json\/wp\/v2\/posts"}],"about":[{"href":"https:\/\/www.europesays.com\/es\/wp-json\/wp\/v2\/types\/post"}],"author":[{"embeddable":true,"href":"https:\/\/www.europesays.com\/es\/wp-json\/wp\/v2\/users\/2"}],"replies":[{"embeddable":true,"href":"https:\/\/www.europesays.com\/es\/wp-json\/wp\/v2\/comments?post=650037"}],"version-history":[{"count":0,"href":"https:\/\/www.europesays.com\/es\/wp-json\/wp\/v2\/posts\/650037\/revisions"}],"wp:featuredmedia":[{"embeddable":true,"href":"https:\/\/www.europesays.com\/es\/wp-json\/wp\/v2\/media\/650038"}],"wp:attachment":[{"href":"https:\/\/www.europesays.com\/es\/wp-json\/wp\/v2\/media?parent=650037"}],"wp:term":[{"taxonomy":"category","embeddable":true,"href":"https:\/\/www.europesays.com\/es\/wp-json\/wp\/v2\/categories?post=650037"},{"taxonomy":"post_tag","embeddable":true,"href":"https:\/\/www.europesays.com\/es\/wp-json\/wp\/v2\/tags?post=650037"}],"curies":[{"name":"wp","href":"https:\/\/api.w.org\/{rel}","templated":true}]}}