{"id":650065,"date":"2026-07-09T19:59:17","date_gmt":"2026-07-09T19:59:17","guid":{"rendered":"https:\/\/www.europesays.com\/es\/650065\/"},"modified":"2026-07-09T19:59:17","modified_gmt":"2026-07-09T19:59:17","slug":"confirmado-por-movistar-plus-amarga-navidad-llega-a-streaming-4-meses-despues-de-su-estreno","status":"publish","type":"post","link":"https:\/\/www.europesays.com\/es\/650065\/","title":{"rendered":"Confirmado por Movistar Plus: &#8216;Amarga Navidad&#8217; llega a streaming 4 meses despu\u00e9s de su estreno"},"content":{"rendered":"<p class=\"c-paragraph\">No pudo ser: <a href=\"https:\/\/www.20minutos.es\/cinemania\/noticias\/almodovar-cannes-palma-oro-record-director-historia_6960326_0.html\" target=\"_blank\" rel=\"nofollow noopener\"><b>Almod\u00f3var <\/b>habr\u00eda sido el \u00fanico director<\/a> en ganar en Cannes, Venecia y en el Dolby Theatre. Sin embargo, <b>Amarga Navidad<\/b> no consigui\u00f3 ning\u00fan premio en el \u00faltimo festival de Cannes, y menos a\u00fan la Palma de Oro. Lo que no significa que Amarga Navidad, que llega al streaming de Espa\u00f1a de la mano de<b><a href=\"https:\/\/www.20minutos.es\/cinemania\/series\/inmortal-movistar-plus-alex-garcia-serie_6970393_0.html\" rel=\"nofollow noopener\" target=\"_blank\"> Movistar Plus+ <\/a>este 10 de julio<\/b>, no sea loable.<\/p>\n<p class=\"c-paragraph\">Justo al contrario, <b>Amarga Navidad tiende un puente con <a href=\"https:\/\/www.20minutos.es\/cinemania\/noticias\/mejores-peliculas-pedro-almodovar-plataforma-verlas-5175996\/\" rel=\"nofollow noopener\" target=\"_blank\">Dolor y Gloria<\/a><\/b>, paralelismo evidente desde la presentaci\u00f3n de un director que escribe el guion de su pr\u00f3xima pel\u00edcula. La diferencia es que tal revelaci\u00f3n, en Dolor y Gloria, se produc\u00eda al final del largometraje, y aqu\u00ed ese cineasta, en quien tan f\u00e1cil es reconocer al propio Almod\u00f3var, est\u00e1 presente durante gran parte del metraje.<\/p>\n<p class=\"c-paragraph\">Amarga Navidad es una anomal\u00eda, no en el cine de Almod\u00f3var, sino en el cine en general: si gran parte de ella, como pel\u00edcula, fuese mejor, la pel\u00edcula en s\u00ed no ser\u00eda buena. La matrioska que construye el almodovariano cineasta interpretado por<b> <a href=\"https:\/\/www.20minutos.es\/cinemania\/noticias\/malaga-2022-amame-el-desnudo-integral-de-leonardo-sbaraglia-por-el-que-merece-todos-los-premios-4974690\/\" rel=\"nofollow noopener\" target=\"_blank\">Leonardo Sbaraglia<\/a><\/b> est\u00e1 salpicada de roces, de desperfectos, de errores de su tallador. Es decir: Amarga Navidad es una gran pel\u00edcula gracias, entre otras cosas, a que m\u00e1s de un 50% de ella es, a lo sumo, mediocre.<\/p>\n<p>\u00bfDe qu\u00e9 trata &#8216;Amarga Navidad&#8217;?<\/p>\n<p class=\"c-paragraph\">El director encarnado por Leonardo Sbaraglia escribe el guion de su pr\u00f3xima pel\u00edcula, titulada Amarga Navidad, en la que una directora devenida a publicista se marcha a Lanzarote con una amiga en horas bajas. Ambos planos se alternan: la vida del director, que ha prescindido de su agente de confianza, y la de la protagonista de su pel\u00edcula, que se entrelazan. Y no de una forma en la que Almod\u00f3var, o al menos su sosias, quede bien parado.<\/p>\n<p class=\"c-paragraph\">Como ejercicio de autoficci\u00f3n, <b>Amarga Navidad recuerda especialmente a <a href=\"https:\/\/www.20minutos.es\/cinemania\/noticias\/los-fabelman-steve-spielberg-video-critica-5099612\/\" rel=\"nofollow noopener\" target=\"_blank\">Los Fabelman<\/a> <\/b>m\u00e1s que a otros largometrajes autocelebratorios. En Los Fabelman, <b>Spielberg<\/b> recreaba su adolescencia y, quiz\u00e1 el momento m\u00e1s traum\u00e1tico de la misma, asist\u00eda desconsolado a su propia visi\u00f3n en el espejo, sosteniendo una c\u00e1mara e imaginando c\u00f3mo transformar\u00eda todo aquello en celuloide. Se sabe, entonces, condenado a experimentar su existencia a trav\u00e9s del velo del arte.<\/p>\n<p class=\"c-paragraph\">En Amarga Navidad, <b>Almod\u00f3var va un paso m\u00e1s all\u00e1 al orientar esta sentencia art\u00edstica hacia la nada<\/b>: sus mejores tiempos como director, parece decirnos, han pasado, y \u00e9l es dolorosamente consciente de ello. Por eso, parasita biograf\u00edas ajenas y se introduce en asuntos delicados sin que la pel\u00edcula resultante pueda redimirlo. Al contrario, su vampirismo solo causa dolor a gente pr\u00f3xima y, a lo sumo, un par de estrellas en Letterboxd por parte de un desconocido.<\/p>\n","protected":false},"excerpt":{"rendered":"No pudo ser: Almod\u00f3var habr\u00eda sido el \u00fanico director en ganar en Cannes, Venecia y en el Dolby&hellip;\n","protected":false},"author":2,"featured_media":650066,"comment_status":"","ping_status":"","sticky":false,"template":"","format":"standard","meta":{"footnotes":""},"categories":[169],"tags":[177,146,147,25,24,176,175,1878,7669,267,23,6879],"class_list":["post-650065","post","type-post","status-publish","format-standard","has-post-thumbnail","category-cine","tag-cine","tag-entertainment","tag-entretenimiento","tag-es","tag-espana","tag-film","tag-movies","tag-movistar-plus","tag-pedro-almodovar","tag-planseo","tag-spain","tag-streaming"],"share_on_mastodon":{"url":"https:\/\/pubeurope.com\/@es\/116891796522790558","error":""},"_links":{"self":[{"href":"https:\/\/www.europesays.com\/es\/wp-json\/wp\/v2\/posts\/650065","targetHints":{"allow":["GET"]}}],"collection":[{"href":"https:\/\/www.europesays.com\/es\/wp-json\/wp\/v2\/posts"}],"about":[{"href":"https:\/\/www.europesays.com\/es\/wp-json\/wp\/v2\/types\/post"}],"author":[{"embeddable":true,"href":"https:\/\/www.europesays.com\/es\/wp-json\/wp\/v2\/users\/2"}],"replies":[{"embeddable":true,"href":"https:\/\/www.europesays.com\/es\/wp-json\/wp\/v2\/comments?post=650065"}],"version-history":[{"count":0,"href":"https:\/\/www.europesays.com\/es\/wp-json\/wp\/v2\/posts\/650065\/revisions"}],"wp:featuredmedia":[{"embeddable":true,"href":"https:\/\/www.europesays.com\/es\/wp-json\/wp\/v2\/media\/650066"}],"wp:attachment":[{"href":"https:\/\/www.europesays.com\/es\/wp-json\/wp\/v2\/media?parent=650065"}],"wp:term":[{"taxonomy":"category","embeddable":true,"href":"https:\/\/www.europesays.com\/es\/wp-json\/wp\/v2\/categories?post=650065"},{"taxonomy":"post_tag","embeddable":true,"href":"https:\/\/www.europesays.com\/es\/wp-json\/wp\/v2\/tags?post=650065"}],"curies":[{"name":"wp","href":"https:\/\/api.w.org\/{rel}","templated":true}]}}