{"id":650098,"date":"2026-07-09T20:24:13","date_gmt":"2026-07-09T20:24:13","guid":{"rendered":"https:\/\/www.europesays.com\/es\/650098\/"},"modified":"2026-07-09T20:24:13","modified_gmt":"2026-07-09T20:24:13","slug":"te-despiertas-siempre-a-las-2-o-3-de-la-madrugada-la-ciencia-explica-por-que-ocurre-y-como-volver-a-dormir","status":"publish","type":"post","link":"https:\/\/www.europesays.com\/es\/650098\/","title":{"rendered":"\u00bfTe despiertas siempre a las 2 o 3 de la madrugada? La ciencia explica por qu\u00e9 ocurre y c\u00f3mo volver a dormir"},"content":{"rendered":"<p>\n        <a href=\"https:\/\/www.noticiasdenavarra.com\/tags\/despertar\/\" title=\"Despertarse\" rel=\"nofollow noopener\" target=\"_blank\" class=\"link copy\"><strong>Despertarse<\/strong><\/a><strong> entre las 2 y las 3 de la madrugada<\/strong> y quedarse <a href=\"https:\/\/www.noticiasdenavarra.com\/motor\/2026\/06\/20\/velomovil-bicicleta-solar-dar-vuelta-11227360.html\" title=\"dando vueltas en la cama\" rel=\"nofollow noopener\" target=\"_blank\" class=\"link copy\">dando vueltas en la cama<\/a> es una situaci\u00f3n que viven millones de personas. Lo m\u00e1s <strong>frustrante <\/strong>es que, aunque <strong>el cuerpo est\u00e1 completamente agotad<\/strong>o, <strong>la mente parece incapaz de <\/strong><a href=\"https:\/\/www.noticiasdenavarra.com\/opinion\/2026\/07\/06\/necesitamos-desconectar-11288805.html\" title=\"desconectar\" rel=\"nofollow noopener\" target=\"_blank\" class=\"link copy\"><strong>desconectar<\/strong><\/a><strong>. <\/strong>Empiezan a aparecer preocupaciones, <a href=\"https:\/\/www.noticiasdenavarra.com\/opinion\/2026\/05\/02\/segundo-mayo-deberes-pendientes-11013032.html\" title=\"tareas pendientes\" rel=\"nofollow noopener\" target=\"_blank\" class=\"link copy\">tareas pendientes<\/a> o <a href=\"https:\/\/www.noticiasdenavarra.com\/mundo\/2026\/07\/07\/israel-libano-mantendran-semana-viene-roma-11296780.html\" title=\"conversaciones del pasado\" rel=\"nofollow noopener\" target=\"_blank\" class=\"link copy\">conversaciones del pasado<\/a> que vuelven una y otra vez, <strong>haciendo imposible recuperar el <\/strong><a href=\"https:\/\/www.noticiasdenavarra.com\/tags\/sueno\/\" title=\"sue\u00f1o\" rel=\"nofollow noopener\" target=\"_blank\" class=\"link copy\"><strong>sue\u00f1o<\/strong><\/a><strong>.<\/strong>\n<\/p>\n<p class=\"article-body__text \">\n        Si esta escena te resulta familiar, la explicaci\u00f3n puede estar en c\u00f3mo responde el cerebro al <a href=\"https:\/\/www.noticiasdenavarra.com\/television\/2026\/06\/27\/decepcion-series-mueren-exito-television-11256991.html\" title=\"estr\u00e9s cr\u00f3nico\" rel=\"nofollow noopener\" target=\"_blank\" class=\"link copy\"><strong>estr\u00e9s cr\u00f3nico<\/strong><\/a>. Lejos de tratarse de <strong>una simple falta de sue\u00f1o<\/strong>, los expertos se\u00f1alan que <strong>existe un<\/strong><a href=\"https:\/\/www.noticiasdenavarra.com\/sociedad\/2026\/07\/06\/descubren-nuevas-claves-biologicas-enfermedad-huntington-11293125.html\" title=\"mecanismo biol\u00f3gico\" rel=\"nofollow noopener\" target=\"_blank\" class=\"link copy\"><strong> mecanismo biol\u00f3gico<\/strong><\/a><strong> que mantiene el organismo en <\/strong><a href=\"https:\/\/www.noticiasdenavarra.com\/sociedad\/2026\/07\/09\/alcalde-cheste-jueza-dana-llego-11306124.html\" title=\"estado de alerta\" rel=\"nofollow noopener\" target=\"_blank\" class=\"link copy\"><strong>estado de alerta<\/strong><\/a><strong> <\/strong>incluso cuando necesita descansar.\n<\/p>\n<p class=\"article-photo__footer\">\n            La cruel iron\u00eda reside en que, cuanto m\u00e1s agotados estamos, m\u00e1s dif\u00edcil suele ser regular nuestras emociones.            drazen_zigic        <\/p>\n<p class=\"article-body__text \">\n        Muchas personas describen esta sensaci\u00f3n como estar <strong>\u00abcansados, pero acelerados\u00bb<\/strong>. Es decir, <strong>sienten un <\/strong><a href=\"https:\/\/www.noticiasdenavarra.com\/sociedad\/2026\/06\/01\/consumo-productos-locales-salud-cercania-11140656.html\" title=\"agotamiento f\u00edsico\" rel=\"nofollow noopener\" target=\"_blank\" class=\"link copy\"><strong>agotamiento f\u00edsico<\/strong><\/a><strong> evidente, pero su mente contin\u00faa <\/strong><strong>funcionando a toda velocidad<\/strong><strong>.<\/strong>\n<\/p>\n<p class=\"article-body__text \">\n        Seg\u00fan explica <a href=\"https:\/\/www.bristol.ac.uk\/people\/person\/Michelle-Spear-8e4baed5-fc89-49e8-8ce4-e80122167a7a\/\" title=\"Michelle Spear\" rel=\"nofollow noopener\" target=\"_blank\" class=\"link copy\"><strong>Michelle Spear<\/strong><\/a><strong>,<\/strong> profesora de Anatom\u00eda de la <strong>Universidad de Bristol<\/strong>, en The Conversation, este fen\u00f3meno tiene <strong>una explicaci\u00f3n <\/strong><a href=\"https:\/\/www.noticiasdenavarra.com\/tags\/evolucion\/\" title=\"evolutiva\" rel=\"nofollow noopener\" target=\"_blank\" class=\"link copy\"><strong>evolutiva<\/strong><\/a><strong>.<\/strong>\n<\/p>\n<p class=\"article-body__text \">\n        Durante miles de a\u00f1os,<strong> el cerebro humano desarroll\u00f3 mecanismos para responder r\u00e1pidamente a <\/strong><a href=\"https:\/\/www.noticiasdenavarra.com\/salud\/2026\/06\/27\/peligro-invisible-calor-cuerpo-deterioro-noche-11255989.html\" title=\"peligros inmediatos\" rel=\"nofollow noopener\" target=\"_blank\" class=\"link copy\"><strong>peligros inmediatos<\/strong><\/a><strong>, <\/strong>como depredadores o conflictos con otros grupos. En esas circunstancias, <strong>la prioridad era sobrevivir, no dormir<\/strong>.\n<\/p>\n<p>  La adrenalina y el cortisol preparan al cuerpo para actuar<\/p>\n<p class=\"article-body__text \">\n        Cuando el cerebro <strong>detecta una <\/strong><a href=\"https:\/\/www.noticiasdenavarra.com\/tags\/amenaza\/\" title=\"amenaza\" rel=\"nofollow noopener\" target=\"_blank\" class=\"link copy\"><strong>amenaza<\/strong><\/a><strong>,<\/strong> activa la <strong>am\u00edgdala<\/strong>, una regi\u00f3n relacionada con<strong> las <\/strong><a href=\"https:\/\/www.noticiasdenavarra.com\/tags\/emociones\/\" title=\"emociones\" rel=\"nofollow noopener\" target=\"_blank\" class=\"link copy\"><strong>emociones<\/strong> <\/a>y<strong> la <\/strong><a href=\"https:\/\/www.noticiasdenavarra.com\/tags\/supervivencia\/\" title=\"supervivencia\" rel=\"nofollow noopener\" target=\"_blank\" class=\"link copy\"><strong>supervivencia<\/strong><\/a><strong>. <\/strong>Como consecuencia, el organismo libera <strong>adrenalina y cortisol<\/strong>, las principales <a href=\"https:\/\/www.noticiasdenavarra.com\/salud\/2026\/06\/26\/estres-paralizar-corazon-caso-real-cardiologos-11254639.html\" title=\"hormonas del estr\u00e9s\" rel=\"nofollow noopener\" target=\"_blank\" class=\"link copy\">hormonas del estr\u00e9s<\/a>.\n<\/p>\n<p class=\"article-body__text \">\n        Esto provoca que<strong> aumente la <\/strong><a href=\"https:\/\/www.noticiasdenavarra.com\/actualidad\/2026\/06\/20\/entrenamiento-fuerza-relaciona-menor-riesgo-enfermedad-11226299.html\" title=\"frecuencia card\u00edaca\" rel=\"nofollow noopener\" target=\"_blank\" class=\"link copy\"><strong>frecuencia card\u00edaca<\/strong><\/a><strong>, la respiraci\u00f3n se acelere, la atenci\u00f3n se intensifique<\/strong> y el cuerpo <strong>priorice la acci\u00f3n inmediata frente al <\/strong><a href=\"https:\/\/www.noticiasdenavarra.com\/tags\/descanso\/\" title=\"descanso\" rel=\"nofollow noopener\" target=\"_blank\" class=\"link copy\"><strong>descanso<\/strong><\/a><strong>.<\/strong>\n<\/p>\n<p class=\"article-body__text \">\n        Este mecanismo resulta muy \u00fatil ante un peligro real, pero no cuando la amenaza consiste en <strong>una <\/strong><a href=\"https:\/\/www.noticiasdenavarra.com\/economia\/2026\/07\/09\/economia-vasca-crece-afronta-retos-11306871.html\" title=\"carga de trabajo\" rel=\"nofollow noopener\" target=\"_blank\" class=\"link copy\"><strong>carga de trabajo<\/strong><\/a><strong>, <\/strong><a href=\"https:\/\/www.noticiasdenavarra.com\/economia\/2026\/07\/08\/sanchez-intentara-recabar-apoyo-presupuestos-11303108.html\" title=\"problemas econ\u00f3micos\" rel=\"nofollow noopener\" target=\"_blank\" class=\"link copy\"><strong>problemas econ\u00f3micos<\/strong><\/a><strong>, preocupaciones familiares o decenas de correos electr\u00f3nicos pendientes<\/strong>.\n<\/p>\n<p class=\"article-body__text \">\n        El problema, explica la experta, es que <strong>los <\/strong><a href=\"https:\/\/www.noticiasdenavarra.com\/salud\/2026\/06\/26\/estres-paralizar-corazon-caso-real-cardiologos-11254639.html\" title=\"factores de estr\u00e9s\" rel=\"nofollow noopener\" target=\"_blank\" class=\"link copy\"><strong>factores de estr\u00e9s<\/strong><\/a><strong> actuales rara vez desaparecen al terminar el d\u00eda<\/strong>. Aunque el cuerpo est\u00e9 acostado, <strong>el cerebro sigue interpretando que debe permanecer alerta<\/strong>. El <strong>exceso de est\u00edmulos <\/strong>o la <strong>hiperconexi\u00f3n digital<\/strong> impiden que el cerebro active su \u00abred por defecto\u00bb, la cual <strong>necesita silencio<\/strong> y <strong>pausas reales<\/strong> para procesar las vivencias y restaurar la energ\u00eda.\n<\/p>\n<p class=\"article-body__text \">\n        \u00ab<strong>Bajo <\/strong><a href=\"https:\/\/www.noticiasdenavarra.com\/salud\/2026\/05\/30\/moverse-alimenta-neuronas-jose-luis-trejo-11135910.html\" title=\"estr\u00e9s prolongado\" rel=\"nofollow noopener\" target=\"_blank\" class=\"link copy\"><strong>estr\u00e9s prolongado<\/strong><\/a><strong>, el cerebro puede quedar atrapado en un sistema de hiperactivaci\u00f3n<\/strong>, incluso cuando el cuerpo est\u00e1 exhausto\u00bb, se\u00f1ala Spear.\n<\/p>\n<p class=\"article-body__text \">\n        Esa hiperactivaci\u00f3n impide que regiones cerebrales encargadas del sue\u00f1o profundo reduzcan su actividad, <strong>dificultando tanto conciliar el sue\u00f1o como volver a dormir <\/strong>tras un despertar nocturno. El problema <strong>no es la falta de energ\u00eda<\/strong>,\n<\/p>\n<p class=\"article-body__text \">\n        sino <strong>el exceso de activaci\u00f3n<\/strong>.\n<\/p>\n<p>  Dormir poco hace que el problema empeore<\/p>\n<p class=\"article-body__text \">\n        Existe adem\u00e1s un c\u00edrculo vicioso: <strong>cuanto peor dormimos, m\u00e1s dif\u00edcil resulta controlar el estr\u00e9s y las emociones.<\/strong>\n<\/p>\n<p class=\"article-body__text \">\n        La falta de sue\u00f1o aumenta la actividad de la am\u00edgdala \u2014relacionada con las respuestas emocionales\u2014 y reduce la capacidad de la corteza prefrontal, la zona del cerebro responsable del <a href=\"https:\/\/www.noticiasdenavarra.com\/bermatu\/2025\/03\/09\/asi-es-el-primer-modelo-de-ia-capaz-de-realizar-un-razonamiento-profundo-9373438.html\" title=\"razonamiento\" rel=\"nofollow noopener\" target=\"_blank\" class=\"link copy\">razonamiento<\/a>, la <a href=\"https:\/\/www.noticiasdenavarra.com\/economia-domestica\/2026\/07\/05\/papel-de-las-decisiones-errores-financieros-hay-que-evitar-11286438.html\" title=\"toma de decisiones\" rel=\"nofollow noopener\" target=\"_blank\" class=\"link copy\">toma de decisiones<\/a> y el <a href=\"https:\/\/www.noticiasdenavarra.com\/economia\/2024\/05\/08\/autocontrol-considera-enganosa-campana-iberdrola-8208611.html\" title=\"autocontrol\" rel=\"nofollow noopener\" target=\"_blank\" class=\"link copy\">autocontrol<\/a>.\n<\/p>\n<p class=\"article-body__text \">\n        Por eso, frases como <strong>\u00abrel\u00e1jate\u00bb<\/strong> o <strong>\u00abdeja de pensar\u00bb<\/strong> rara vez ayudan a quienes sufren insomnio. El problema no depende \u00fanicamente de la voluntad, sino de un cerebro que permanece en modo alerta. Dormir mejor <strong>no siempre es a\u00f1adir algo, a veces es dejar de hacer.<\/strong>\n<\/p>\n<blockquote class=\"tiktok-embed\" cite=\"https:\/\/www.tiktok.com\/@aleresendeznut\/video\/7603520597573766420\" data-video-id=\"7603520597573766420\" data-embed-from=\"oembed\" style=\"max-width:605px; min-width:325px;\" wp_automatic_readability=\"9.6007259528131\"><p>  <a target=\"_blank\" title=\"@aleresendeznut\" href=\"https:\/\/www.tiktok.com\/@aleresendeznut?refer=embed\" rel=\"nofollow noopener\">@aleresendeznut<\/a> <\/p>\n<p>Comportamientos al dormir que NO son tan normales (y muchas veces tienen que ver con el cortisol) \ud83d\udc47\ud83e\udde0 1\ufe0f\u20e3 Tengo fr\u00edo y calor toda la noche Cuando el estr\u00e9s est\u00e1 alto, el cortisol altera la forma en que tu cerebro regula la temperatura. Por eso te tapas, te destapas y no logras sentirte c\u00f3moda. 2\ufe0f\u20e3 Duermes con las manos en posici\u00f3n \u201cT-Rex\u201d \ud83e\udd96 No es man\u00eda. Es una postura de protecci\u00f3n. Tu sistema nervioso sigue en alerta incluso dormida. 3\ufe0f\u20e3 Te despiertas a las 3\u20134 am con ansiedad A esa hora el cuerpo deber\u00eda estar en descanso profundo, pero si hay estr\u00e9s, libera cortisol y adrenalina\u2026 y despiertas con la mente acelerada. 4\ufe0f\u20e3 Duermes en posturas raras (tipo escalador) El cuerpo busca seguridad cuando no est\u00e1 relajado. Dormir encogida es una respuesta com\u00fan al estr\u00e9s sostenido. 5\ufe0f\u20e3 Sientes una descarga de adrenalina nocturna Ese \u201csusto\u201d, palpitaciones o sensaci\u00f3n rara al despertar no es psicol\u00f3gico: es una activaci\u00f3n real del sistema nervioso. 6\ufe0f\u20e3 Necesitas distraerte para poder dormir Cuando hay hiperactivaci\u00f3n, el silencio aumenta los pensamientos. El celular calma moment\u00e1neamente\u2026 pero despu\u00e9s empeora el descanso. \ud83d\udc49 No es falta de disciplina. \ud83d\udc49 No es solo la comida. \ud83d\udc49 Es tu cuerpo viviendo demasiado tiempo en modo alerta. Aprender a regular estr\u00e9s, emociones y h\u00e1bitos tambi\u00e9n impacta en tu sue\u00f1o, tus hormonas y tu p\u00e9rdida de grasa.\ud83d\udd25 \u2728 Dormir bien es parte del proceso, no un extra. \ud83d\udc49 S\u00edgueme @nut.aleresendez si quieres entender tu cuerpo y dejar de vivir en modo supervivencia<\/p>\n<p> <a target=\"_blank\" title=\"\u266c sonido original - Ale Resendez \/NutriConsciente\" href=\"https:\/\/www.tiktok.com\/music\/sonido-original-7603520629308853008?refer=embed\" rel=\"nofollow noopener\">\u266c sonido original &#8211; Ale Resendez \/NutriConsciente<\/a>  <\/p><\/blockquote>\n<p>  Consejos para volver a dormir mejor<\/p>\n<p class=\"article-body__text \">\n        Los<a href=\"https:\/\/www.noticiasdenavarra.com\/buzz-on\/2026\/07\/05\/polemica-influencer-hospital-colgar-cartel-no-molestar-indigna-medicos-viral-11288226.html\" title=\"especialistas en sue\u00f1o\" rel=\"nofollow noopener\" target=\"_blank\" class=\"link copy\"> especialistas en sue\u00f1o<\/a> coinciden en que <strong>el cerebro necesita <\/strong><strong>sentirse seguro<\/strong><strong> para descansar<\/strong>. No todo el cansancio viene de la falta de sue\u00f1o. En muchos casos, el cuerpo <strong>est\u00e1 en un estado de activaci\u00f3n constante<\/strong> que impide desconectar del todo, incluso cuando intentas descansar. Cuando el problema es la activaci\u00f3n constante, <strong>dormir m\u00e1s no es suficiente<\/strong>. Es necesario que <strong>el cuerpo pueda soltar y reducir ese estado de alerta<\/strong>.\n<\/p>\n<p class=\"article-body__text \">\n        Algunos h\u00e1bitos sencillos pueden ayudar a <strong>reducir esa hiperactivaci\u00f3n<\/strong>:\n<\/p>\n<ul class=\"article-body__text article-list article-list--unordered\">\n<li>\n                <strong>Mant\u00e9n<\/strong><strong> horarios regulares<\/strong>, incluyendo los fines de semana.\n            <\/li>\n<li>\n                <strong>Reduce el <\/strong><a href=\"https:\/\/www.noticiasdenavarra.com\/economia-domestica\/2026\/07\/03\/se-puede-prohibir-uso-piscina-vecinos-morosos-esto-dice-ley-de-propiedad-horizontal-11282986.html\" title=\"uso de dispositivos m\u00f3viles\" rel=\"nofollow noopener\" target=\"_blank\"><strong>uso de dispositivos m\u00f3viles<\/strong><\/a><strong> al menos una hora antes de acostarte<\/strong>, ya que la luz de las pantallas puede retrasar la <strong>producci\u00f3n de <\/strong><a href=\"https:\/\/www.noticiasdenavarra.com\/tags\/melatonina\/\" title=\"melatonina\" rel=\"nofollow noopener\" target=\"_blank\"><strong>melatonina<\/strong><\/a><strong>.<\/strong>\n            <\/li>\n<li>\n                <strong>Haz <\/strong><a href=\"https:\/\/www.noticiasdenavarra.com\/tags\/ejercicio-fisico\/\" title=\"ejercicio f\u00edsico\" rel=\"nofollow noopener\" target=\"_blank\"><strong>ejercicio f\u00edsico<\/strong><\/a><strong> de forma habitual<\/strong>, pero evita entrenamientos intensos justo antes de dormir.\n            <\/li>\n<li>\n                <strong>Aprovecha la <\/strong><a href=\"https:\/\/www.noticiasdenavarra.com\/economia\/2026\/07\/08\/precio-luz-baja-julio-cae-11302225.html\" title=\"luz natural\" rel=\"nofollow noopener\" target=\"_blank\"><strong>luz natural<\/strong><\/a><strong> durante la ma\u00f1ana<\/strong>, ya que ayuda a regular el reloj biol\u00f3gico.\n            <\/li>\n<li>\n                <strong>Evita el exceso de <\/strong><a href=\"https:\/\/www.noticiasdenavarra.com\/tags\/cafeina\/\" title=\"cafe\u00edna\" rel=\"nofollow noopener\" target=\"_blank\"><strong>cafe\u00edna<\/strong><\/a><strong>, alcohol o comidas copiosas<\/strong> durante la tarde y la noche.\n            <\/li>\n<li>\n                Si te despiertas y no consigues dormir despu\u00e9s de unos 20 o 30 minutos, <strong>lev\u00e1ntate y realiza una <\/strong><a href=\"https:\/\/www.noticiasdenavarra.com\/hogar-decoracion\/2026\/06\/21\/casa-refugio-claves-espacios-mas-relajantes-11229955.html\" title=\"actividad tranquila\" rel=\"nofollow noopener\" target=\"_blank\"><strong>actividad tranquila<\/strong><\/a><strong> con poca luz<\/strong>, como leer unas p\u00e1ginas de un libro, hasta que vuelva el sue\u00f1o.\n            <\/li>\n<li>\n                <strong>Practicar<\/strong><a href=\"https:\/\/www.noticiasdenavarra.com\/television\/2026\/06\/25\/leire-martinez-recuerda-primera-actuacion-tecnico-sonido-11246490.html\" title=\"t\u00e9cnicas de respiraci\u00f3n\" rel=\"nofollow noopener\" target=\"_blank\"><strong> t\u00e9cnicas de respiraci\u00f3n<\/strong><\/a><strong>, relajaci\u00f3n muscular o meditaci\u00f3n<\/strong> tambi\u00e9n puede ayudar a reducir el estado de alerta antes de acostarse.\n            <\/li>\n<\/ul>\n<p>  Cu\u00e1ndo conviene consultar con un especialista<\/p>\n<p class=\"article-body__text \">\n        Si <strong>los despertares nocturnos son frecuentes, duran varias semanas o afectan a tu <\/strong><a href=\"https:\/\/www.noticiasdenavarra.com\/sociedad\/2026\/05\/27\/universidades-euskadi-navarra-catalunya-lideran-estado-11122322.html\" title=\"rendimiento\" rel=\"nofollow noopener\" target=\"_blank\" class=\"link copy\"><strong>rendimiento<\/strong><\/a><strong>, estado de \u00e1nimo o calidad de vida<\/strong>, es recomendable <strong>consultar con un profesional sanitario.<\/strong> En algunos casos, <strong>el insomnio puede estar relacionado con <\/strong><a href=\"https:\/\/www.noticiasdenavarra.com\/salud\/2026\/07\/05\/sindrome-hikikomori-trastorno-aisla-generacion-entre-pantallas-11287681.html\" title=\"trastornos del sue\u00f1o\" rel=\"nofollow noopener\" target=\"_blank\" class=\"link copy\"><strong>trastornos del sue\u00f1o<\/strong><\/a><strong>, <\/strong><a href=\"https:\/\/www.noticiasdenavarra.com\/tags\/ansiedad\/\" title=\"ansiedad\" rel=\"nofollow noopener\" target=\"_blank\" class=\"link copy\"><strong>ansiedad<\/strong><\/a><strong>, <\/strong><a href=\"https:\/\/www.noticiasdenavarra.com\/tags\/depresion\/\" title=\"depresi\u00f3n\" rel=\"nofollow noopener\" target=\"_blank\" class=\"link copy\"><strong>depresi\u00f3n<\/strong><\/a><strong> o problemas m\u00e9dicos <\/strong>que requieren un abordaje espec\u00edfico. Identificar la causa y adoptar h\u00e1bitos saludables es el primer paso para <strong>recuperar un descanso reparador <\/strong>y evitar que <strong>el cansancio se convierta en <\/strong><a href=\"https:\/\/www.noticiasdenavarra.com\/gente\/2026\/07\/06\/problema-que-impide-descansar-adela-gonzalez-11289948.html\" title=\"un problema cr\u00f3nico\" rel=\"nofollow noopener\" target=\"_blank\" class=\"link copy\"><strong>un problema cr\u00f3nico<\/strong><\/a><strong>.<\/strong>\n<\/p>\n<p>            <script async src=\"\/\/www.tiktok.com\/embed.js\"><\/script><\/p>\n","protected":false},"excerpt":{"rendered":"Despertarse entre las 2 y las 3 de la madrugada y quedarse dando vueltas en la cama es&hellip;\n","protected":false},"author":2,"featured_media":650099,"comment_status":"","ping_status":"","sticky":false,"template":"","format":"standard","meta":{"footnotes":""},"categories":[92],"tags":[119,119342,3937,25,24,11909,6057,5134,165,17745,5043,2074,166,23,865],"class_list":["post-650098","post","type-post","status-publish","format-standard","has-post-thumbnail","category-salud","tag-ciencia","tag-despiertas","tag-dormir","tag-es","tag-espana","tag-estres","tag-evolucion","tag-explica","tag-health","tag-madrugada","tag-por","tag-que","tag-salud","tag-spain","tag-volver"],"share_on_mastodon":{"url":"https:\/\/pubeurope.com\/@es\/116891895043365134","error":""},"_links":{"self":[{"href":"https:\/\/www.europesays.com\/es\/wp-json\/wp\/v2\/posts\/650098","targetHints":{"allow":["GET"]}}],"collection":[{"href":"https:\/\/www.europesays.com\/es\/wp-json\/wp\/v2\/posts"}],"about":[{"href":"https:\/\/www.europesays.com\/es\/wp-json\/wp\/v2\/types\/post"}],"author":[{"embeddable":true,"href":"https:\/\/www.europesays.com\/es\/wp-json\/wp\/v2\/users\/2"}],"replies":[{"embeddable":true,"href":"https:\/\/www.europesays.com\/es\/wp-json\/wp\/v2\/comments?post=650098"}],"version-history":[{"count":0,"href":"https:\/\/www.europesays.com\/es\/wp-json\/wp\/v2\/posts\/650098\/revisions"}],"wp:featuredmedia":[{"embeddable":true,"href":"https:\/\/www.europesays.com\/es\/wp-json\/wp\/v2\/media\/650099"}],"wp:attachment":[{"href":"https:\/\/www.europesays.com\/es\/wp-json\/wp\/v2\/media?parent=650098"}],"wp:term":[{"taxonomy":"category","embeddable":true,"href":"https:\/\/www.europesays.com\/es\/wp-json\/wp\/v2\/categories?post=650098"},{"taxonomy":"post_tag","embeddable":true,"href":"https:\/\/www.europesays.com\/es\/wp-json\/wp\/v2\/tags?post=650098"}],"curies":[{"name":"wp","href":"https:\/\/api.w.org\/{rel}","templated":true}]}}