{"id":650117,"date":"2026-07-09T20:41:04","date_gmt":"2026-07-09T20:41:04","guid":{"rendered":"https:\/\/www.europesays.com\/es\/650117\/"},"modified":"2026-07-09T20:41:04","modified_gmt":"2026-07-09T20:41:04","slug":"demi-moore-y-su-hija-tallulah-willis-arrasan-con-sus-looks-oversize-y-se-unen-a-las-invitadas-mas-innovadoras-de-la-alta-costura-de-paris","status":"publish","type":"post","link":"https:\/\/www.europesays.com\/es\/650117\/","title":{"rendered":"Demi Moore y su hija Tallulah Willis arrasan con sus looks &#8216;oversize&#8217; y se unen a las invitadas m\u00e1s innovadoras de la Alta Costura de Par\u00eds"},"content":{"rendered":"<p id=\"eyyVdm8U4Mc\" data-wc=\"127\">Para nadie es un secreto: <strong>Par\u00eds es la capital de la moda<\/strong>. As\u00ed lo reafirma a\u00f1o tras a\u00f1o, con shows inolvidables, front rows de ensue\u00f1o, debuts \u2014y, por supuesto, tambi\u00e9n reapariciones\u2014 que paralizan la industria y un street style\u00a0impecable, donde las tendencias actuales dialogan con los c\u00f3digos que empiezan a marcar el pulso de lo que est\u00e1 por venir. Adem\u00e1s, gracias a la F\u00e9d\u00e9ration de la Haute Couture et de la Mode, es la ciudad en la que <strong>se re\u00fanen las grandes casas para presentar\u00a0<\/strong><a class=\"hm-link ho-link\" href=\"https:\/\/www.hola.com\/moda\/20260706911210\/dior-alta-costura-otono-invierno-2026-2027-desfile\/\" data-mrf-recirculation=\"article-body-link\" rel=\"nofollow noopener\" target=\"_blank\">sus colecciones de Alta Costura<\/a>, las m\u00e1s especiales de todo el calendario. Propuestas en las que el arte, el savoir-faire y la visi\u00f3n creativa de las firmas salen a relucir para dar vida a piezas que son aut\u00e9nticas obras de arte.<\/p>\n<p> <img src=\"https:\/\/www.europesays.com\/es\/wp-content\/uploads\/2026\/07\/83f03238d47b-gettyimages-2284549289.jpg\"   width=\"1024\" height=\"791\" loading=\"lazy\" decoding=\"async\" alt=\"Lyna Khoudri y Ana Rujas, en el desfile de Giorgio Armani Priv\u00e9 Alta Costura Oto\u00f1o\/Invierno 2026-2027 (7 de julio de 2026).\" fetchpriority=\"auto\" class=\"image ho-image\"\/>\u00a9 Getty ImagesLyna Khoudri y Ana Rujas, en el desfile de Giorgio Armani Priv\u00e9 Alta Costura Oto\u00f1o\/Invierno 2026-2027 (7 de julio de 2026).<\/p>\n<p id=\"e9nRVjCRWO\" data-wc=\"116\">Lo cierto es que estos shows, m\u00e1s all\u00e1 de estar definidos por los detalles y la narrativa que acompa\u00f1a a cada colecci\u00f3n, tambi\u00e9n sorprenden por <a class=\"hm-link ho-link\" href=\"https:\/\/www.hola.com\/moda\/20260707911340\/carlota-casiraghi-vaqueros-desfile-chanel-alta-costura-los-javis-paris\/\" data-mrf-recirculation=\"article-body-link\" rel=\"nofollow noopener\" target=\"_blank\">sus invitadas m\u00e1s especiales<\/a>. Aqu\u00ed, actrices, cantantes, modelos y creadoras de contenido de talla mundial se reencuentran no solo para ver de primera mano el trabajo de las firmas, sino tambi\u00e9n para ejercer, en muchas ocasiones, como sus mejores embajadoras, luciendo algunos de los looks m\u00e1s aclamados de sus \u00faltimas colecciones. En esta <a class=\"hm-link ho-link\" href=\"https:\/\/www.hola.com\/moda\/20260707911448\/chanel-alta-costura-otono-invierno-2026-2027-desfile-matthieu-blazy\/\" data-mrf-recirculation=\"article-body-link\" rel=\"nofollow noopener\" target=\"_blank\">edici\u00f3n de Oto\u00f1o\/Invierno 2026-2027<\/a>, que este a\u00f1o tiene lugar del 6 al 9 de julio, el front row vuelve a situarse en el foco de atenci\u00f3n con personalidades como Carlota Casiraghi, Alexa Chung, Deva Cassel o Ana Rujas.<\/p>\n<p>Las estrellas del front row\u00a0de la Alta Costura:<br \/>\n <img src=\"https:\/\/www.europesays.com\/es\/wp-content\/uploads\/2026\/07\/d1ec17b01f34-gettyimages-2284634628.jpg\"   width=\"682\" height=\"1024\" loading=\"lazy\" decoding=\"async\" alt=\"Tallulah Willis y Demi Moore, en el desfile de Balenciaga Alta Costura Oto\u00f1o\/Invierno 2026-2027 (8 de julio de 2026).\" fetchpriority=\"auto\" class=\"image ho-image\"\/>\u00a9 Getty ImagesDemi Moore y su hija Tallulah Willis<\/p>\n<p>La actriz y productora estadounidense nos sorprendi\u00f3 durante el desfile de <a href=\"https:\/\/www.hola.com\/moda\/20260309888292\/balenciaga-otono-invierno-2026-2027-desfile-paris-fashion-week-rosalia-euphoria\/\" rel=\"nofollow noopener\" target=\"_blank\">Balenciaga<\/a> Alta Costura con una aparici\u00f3n inesperada junto a su hija menor,\u00a0<a href=\"https:\/\/www.hola.com\/actualidad\/20250623839807\/tallulah-willis-hija-bruce-willis-fotografias-abuela-familia-reencuentro\/\" rel=\"nofollow noopener\" target=\"_blank\">Tallulah Willis<\/a>. Para la cita, ambas apostaron por el volumen, aunque cada una lo llev\u00f3 a su propio terreno. Demi se decant\u00f3 por una propuesta completamente negra, con falda de bajo globo y camisa de manga larga abotonada hasta arriba. Su hija, en cambio, eligi\u00f3 una f\u00f3rmula mucho m\u00e1s luminosa, protagonizada por una falda verde de silueta amplia, camiseta clara y bolso a juego. Dos maneras coordinadas de interpretar la teatralidad que define a la firma. <\/p>\n<p> <img src=\"https:\/\/www.europesays.com\/es\/wp-content\/uploads\/2026\/07\/0a981612702b-gettyimages-2285001145.jpg\"   width=\"682\" height=\"1024\" loading=\"lazy\" decoding=\"async\" alt=\"Alexa Chung, en el desfile de Christian Dior Alta Costura Oto\u00f1o\/Invierno 2026-2027 (6 de julio de 2026).\" fetchpriority=\"auto\" class=\"image ho-image\"\/>\u00a9 Getty ImagesAlexa Chung<\/p>\n<p>La influencer, habitual en las grandes citas de moda, ha asistido al desfile de Dior en el Museo Rodin de Par\u00eds, donde sorprendi\u00f3 a las expertas de la industria con un vestido tan rom\u00e1ntico como elegante, perteneciente a la colecci\u00f3n Crucero 2027 de la ic\u00f3nica firma francesa. Una elecci\u00f3n ideal, definida por su acabado satinado en tono negro y por las delicadas aplicaciones florales blancas y amarillas que ca\u00edan a un lado del hombro. Para cerrar la propuesta, la\u00a0insider brit\u00e1nica complement\u00f3 el look con las sandalias slingback Dior Bow y un bolso tipo clutch en negro.<\/p>\n<p> <img src=\"https:\/\/www.europesays.com\/es\/wp-content\/uploads\/2026\/07\/c5376a18536d-gettyimages-2284988113.jpg\"   width=\"819\" height=\"1024\" loading=\"lazy\" decoding=\"async\" alt=\"Sabrina Carpenter, en el desfile de Dior Alta Costura Oto\u00f1o\/Invierno 2026-2027 (6 de julio de 2026).\" fetchpriority=\"auto\" class=\"image ho-image\"\/>\u00a9 Getty ImagesSabrina Carpenter<\/p>\n<p>La cantante e int\u00e9rprete del \u00e9xito mundial Espresso tambi\u00e9n fue una de las asistentes m\u00e1s especiales del desfile de Dior. Para la ocasi\u00f3n, la estadounidense apost\u00f3 por una pieza de inspiraci\u00f3n nupcial, definida por su dise\u00f1o drapeado de estilo a\u00f1os 20 en tono marfil, que complement\u00f3 con un bolso Lady Dior blanco y unas sandalias slingback Dior Bow a juego. Un look que parec\u00eda dialogar con la colecci\u00f3n Crucero 2027, en la que Jonathan Anderson rindi\u00f3 homenaje al viejo Hollywood.<\/p>\n<p> <img src=\"https:\/\/www.europesays.com\/es\/wp-content\/uploads\/2026\/07\/bc5d6a31a18c-gettyimages-2285219718.jpg\"   width=\"682\" height=\"1024\" loading=\"lazy\" decoding=\"async\" alt=\"Nieves \u00c1lvarez, en el desfile de Elie Saab Alta Costura Oto\u00f1o\/Invierno 2026-2027 (8 de julio de 2026).\" fetchpriority=\"auto\" class=\"image ho-image\"\/>\u00a9 Getty ImagesNieves Alvar\u00e9z <\/p>\n<p>Nieves \u00c1lvarez <a href=\"https:\/\/www.hola.com\/actualidad\/20260708911736\/nieves-alvarez-bill-saad-reaparecen-paris-boda-hola-primicia\/\" rel=\"nofollow noopener\" target=\"_blank\">reaparece tras su boda sorpresa<\/a> en el front row de Elie Saab Alta Costura de Par\u00eds. La modelo madrile\u00f1a, que es portada del <a href=\"https:\/\/www.hola.com\/actualidad\/20260708911398\/por-que-no-te-puedes-perder-nuevo-numero-si-quiero-sorpresa-grandes-exclusivas-entrevistas\/\" rel=\"nofollow noopener\" target=\"_blank\">nuevo n\u00famero de \u00a1HOLA<\/a>! con motivo de su enlace, no se perdi\u00f3 esta entrega del dise\u00f1ador, que, tal y como contaba la firma en redes sociales, invitaba a entrar en un reino de glamour enigm\u00e1tico, donde la Alta Costura difuminaba los l\u00edmites entre lo real y lo fant\u00e1stico. Para la cita, la reci\u00e9n casada apost\u00f3 por un total look\u00a0en tono marr\u00f3n chocolate, protagonizado por un vestido midi drapeado, escote asim\u00e9trico y abertura frontal, que combin\u00f3 con cintur\u00f3n y bolso a juego, salones negros y gafas de sol.<\/p>\n<p>Te recomendamosSeguir leyendo<\/p>\n<p> <img src=\"https:\/\/www.europesays.com\/es\/wp-content\/uploads\/2026\/07\/ae422a8ded3b-gettyimages-2284344335.jpg\"   width=\"682\" height=\"1024\" loading=\"lazy\" decoding=\"async\" alt=\"Naomi Watts, en el desfile de Dior Alta Costura Oto\u00f1o\/Invierno 2026-2027 (6 de julio de 2026).\" fetchpriority=\"auto\" class=\"image ho-image\"\/>Naomi Watts<\/p>\n<p>La actriz anglo-australiana, protagonista de pel\u00edculas como Lo imposible, tambi\u00e9n estuvo en el front row de Dior para conocer de primera mano la propuesta m\u00e1s tropical de Oto\u00f1o\/Invierno firmada por Jonathan Anderson. Para esta cita, se decant\u00f3 por un conjunto totalmente blanco, con un sutil acabado satinado, formado por una camisa y un pantal\u00f3n fluido, que combin\u00f3 con una chaqueta de inspiraci\u00f3n napole\u00f3nica en tono gris oscuro. Complet\u00f3 el look con unos salones negros de puntera afilada, que terminaban de elevar la apuesta.<\/p>\n<p> <img src=\"https:\/\/www.europesays.com\/es\/wp-content\/uploads\/2026\/07\/40537716b3e4-gettyimages-2284988425.jpg\"   width=\"819\" height=\"1024\" loading=\"lazy\" decoding=\"async\" alt=\"Deva Cassel, en el desfile de Dior Alta Costura Oto\u00f1o\/Invierno 2026-2027 (6 de julio de 2026).\" fetchpriority=\"auto\" class=\"image ho-image\"\/>Deva Cassel<\/p>\n<p>La ya ic\u00f3nica hija de la modelo y actriz italiana Monica Bellucci no pod\u00eda perderse la segunda entrega de Alta Costura del dise\u00f1ador irland\u00e9s. As\u00ed, para la cita, apost\u00f3 por un estilismo construido a partir de un impecable juego de contrastes, con una camisa blanca, de inspiraci\u00f3n masculina, y una falda negra, tipo tubo, como grandes protagonistas de la propuesta. Una elecci\u00f3n que, adem\u00e1s, parec\u00eda evocar algunos de los estilismos m\u00e1s memorables que su madre ha lucido sobre la alfombra roja de Cannes.<\/p>\n<p> <img src=\"https:\/\/www.europesays.com\/es\/wp-content\/uploads\/2026\/07\/0c42e4268757-gettyimages-2285004184.jpg\"   width=\"682\" height=\"1024\" loading=\"lazy\" decoding=\"async\" alt=\"Leonie Hanne, en el desfile de Tamara Ralph Alta Costura Oto\u00f1o\/Invierno 2026-2027 (6 de julio de 2026).\" fetchpriority=\"auto\" class=\"image ho-image\"\/>\u00a9 Getty ImagesLeonie Hanne<\/p>\n<p>La creadora de contenido alemana asisti\u00f3 al desfile de Tamara Ralph, donde apost\u00f3 por un look en tonos suaves, formado por un top palabra de honor blanco de silueta abullonada y una falda midi en rosa empolvado cubierta de plumas, que aportaba movimiento y un aire teatral a la apuesta. Complet\u00f3 el estilismo con mules a juego y un bolso de mano claro, reforzando esa est\u00e9tica et\u00e9rea y sofisticada que tan bien encaja con la Alta Costura.<\/p>\n<p> <img src=\"https:\/\/www.europesays.com\/es\/wp-content\/uploads\/2026\/07\/9945ff53f20b-gettyimages-2285099406.jpg\"   width=\"682\" height=\"1024\" loading=\"lazy\" decoding=\"async\" alt=\"Cate Blanchett, en el desfile de Giorgio Armani Priv\u00e9 Alta Costura Oto\u00f1o\/Invierno 2026-2027 (7 de julio de 2026).\" fetchpriority=\"auto\" class=\"image ho-image\"\/>\u00a9 Getty ImagesCate Blanchett<\/p>\n<p>Casi un a\u00f1o despu\u00e9s de la muerte del fundador de la firma, Armani Priv\u00e9 present\u00f3 su colecci\u00f3n de Alta Costura en Par\u00eds. Entre los asistentes a esta cita estaban la actriz australiana Cate Blanchett y su hijo, Ignatius Martin Upton. Para la ocasi\u00f3n, la int\u00e9rprete, que destaca por su estilo sofisticado y atemporal, apost\u00f3 por un traje de Alta Costura de la colecci\u00f3n Oto\u00f1o\/Invierno 2025-2026, que ya hab\u00eda lucido anteriormente en los premios Emmy.<\/p>\n<p> <img src=\"https:\/\/www.europesays.com\/es\/wp-content\/uploads\/2026\/07\/10cab7d9e4d3-gettyimages-2284549435.jpg\"   width=\"731\" height=\"1024\" loading=\"lazy\" decoding=\"async\" alt=\"Ana Rujas, en el desfile de Giorgio Armani Priv\u00e9 Alta Costura Oto\u00f1o\/Invierno 2026-2027 (7 de julio de 2026).\" fetchpriority=\"auto\" class=\"image ho-image\"\/>\u00a9 Getty ImagesAna Rujas<\/p>\n<p>La actriz espa\u00f1ola, que ya hab\u00eda confiado en Armani Priv\u00e9 para sus alfombras rojas m\u00e1s especiales, no quiso perderse la \u00faltima cita de la firma en Par\u00eds. Para la ocasi\u00f3n, Ana Rujas apost\u00f3 por un conjunto en clave nocturna, protagonizado por un top halter negro con bordados de lentejuelas, transparencias estrat\u00e9gicas y un gran lazo de terciopelo al cuello, que combin\u00f3 con una falda negra de acabado aterciopelado. El toque final lo puso un casquete brillante a juego, reforzando esa est\u00e9tica sofisticada, teatral y ligeramente a\u00f1os veinte que tan bien dialoga con el universo Armani.<\/p>\n<p> <img src=\"https:\/\/www.europesays.com\/es\/wp-content\/uploads\/2026\/07\/c253deb66bf7-gettyimages-2285098616.jpg\"   width=\"682\" height=\"1024\" loading=\"lazy\" decoding=\"async\" alt=\"Rosamund Pike, en el desfile de Giorgio Armani Priv\u00e9 Alta Costura Oto\u00f1o\/Invierno 2026-2027 (7 de julio de 2026).\" fetchpriority=\"auto\" class=\"image ho-image\"\/>\u00a9 Getty ImagesRosamund Pike<\/p>\n<p>Mundialmente conocida por t\u00edtulos como Perdida, pero tambi\u00e9n reconocida entre las amantes de la moda por su estilo impecable y sofisticado, Rosamund Pike tambi\u00e9n fue una de las asistentes m\u00e1s especiales del front row de Armani Priv\u00e9, donde estuvo sentada justo al lado de Cate Blanchett. Para la cita, se decant\u00f3 por un cl\u00e1sico esmoquin negro de clara inspiraci\u00f3n masculina, con silueta entallada, solapas ligeramente satinadas y pantal\u00f3n con banda lateral a tono. Lo combin\u00f3 con una camisa blanca de pechera marcada, clutch negro y gafas de sol, a\u00f1adiendo un toque contempor\u00e1neo a una de las f\u00f3rmulas m\u00e1s elegantes de la sastrer\u00eda.<\/p>\n<p> <img src=\"https:\/\/www.europesays.com\/es\/wp-content\/uploads\/2026\/07\/2de6cd1ec70b-gettyimages-2284548097.jpg\"   width=\"682\" height=\"1024\" loading=\"lazy\" decoding=\"async\" alt=\"Laura Harrier, en el desfile de Giorgio Armani Priv\u00e9 Alta Costura Oto\u00f1o\/Invierno 2026-2027 (7 de julio de 2026).\" fetchpriority=\"auto\" class=\"image ho-image\"\/>\u00a9 Getty ImagesHaura Harrier<\/p>\n<p>Laura Harrier tambi\u00e9n form\u00f3 parte de la primera fila de Armani Priv\u00e9, donde apost\u00f3 por una propuesta que reinterpretaba la sastrer\u00eda desde un punto de vista mucho m\u00e1s sensual y contempor\u00e1neo. La actriz combin\u00f3 unos pantalones negros de acabado aterciopelado con una chaqueta asim\u00e9trica de un solo hombro, confeccionada en un tejido satinado con bordados en azul y negro. Complet\u00f3 el estilismo con salones de puntera afilada y gafas de sol,.<\/p>\n<p> <img src=\"https:\/\/www.europesays.com\/es\/wp-content\/uploads\/2026\/07\/970dc7630189-gettyimages-2284504639.jpg\"   width=\"682\" height=\"1024\" loading=\"lazy\" decoding=\"async\" alt=\"Carlota Casiraghi, en el desfile de Chanel Alta Costura Oto\u00f1o\/Invierno 2026-2027 (7 de julio de 2026).\" fetchpriority=\"auto\" class=\"image ho-image\"\/>Carlota Casiraghi<\/p>\n<p>Carlota Casiraghi, embajadora oficial de Chanel desde 2020, no pod\u00eda faltar a esta cita de Alta Costura, donde sorprendi\u00f3 al alejarse de los habituales vestidos de inspiraci\u00f3n cl\u00e1sica y rom\u00e1ntica para apostar por un estilismo mucho m\u00e1s relajado, construido desde esa elegancia sin esfuerzo que la maison domina tan bien. Para la ocasi\u00f3n, eligi\u00f3 un total look de Chanel, compuesto por unos vaqueros amplios de talle bajo, una camisa masculina de rayas, salones negros y un sofisticado bolso color cereza con acabado efecto cocodrilo.<\/p>\n<p> <img src=\"https:\/\/www.europesays.com\/es\/wp-content\/uploads\/2026\/07\/7f1f584260b3-gettyimages-2285025598.jpg\"   width=\"682\" height=\"1024\" loading=\"lazy\" decoding=\"async\" alt=\"Sarah Pidgeon, en el desfile de Chanel Alta Costura Oto\u00f1o\/Invierno 2026-2027 (7 de julio de 2026).\" fetchpriority=\"auto\" class=\"image ho-image\"\/>\u00a9 Getty ImagesSarah Pidgeon<\/p>\n<p>La actriz estadounidense Sarah Pidgeon, uno de los nuevos rostros con mayor proyecci\u00f3n de Hollywood gracias a t\u00edtulos como Tiny Beautiful Things, tambi\u00e9n se dej\u00f3 ver en el jard\u00edn encantado del desfile de Chanel. Para la ocasi\u00f3n, apost\u00f3 por un look de contrastes, protagonizado por un vestido blanco con escote drapeado negro, falda plisada con estampado gr\u00e1fico en blanco, negro y rojo, y cintur\u00f3n a la cadera. Complet\u00f3 la propuesta con zapatos bicolor y un peque\u00f1o bolso de mano.<\/p>\n<p> Lux Pascal<\/p>\n<p>La actriz chilena Lux Pascal, hermana del tambi\u00e9n actor Pedro Pascal y cada vez m\u00e1s presente en la escena internacional con producciones como Narcos, tambi\u00e9n estuvo en el desfile de Chanel Alta Costura Oto\u00f1o\/Invierno 2026-2027. Para la ocasi\u00f3n, apost\u00f3 por el look 68 de pasarela de la colecci\u00f3n Oto\u00f1o\/Invierno 2026, un vestido de aire delicado, con cuerpo bordado de aplicaciones florales, acabado texturizado y bajo con vuelo en tono marfil. Complet\u00f3 la propuesta con salones bicolor.<\/p>\n<p><img src=\"https:\/\/www.europesays.com\/es\/wp-content\/uploads\/2026\/07\/1783629663_98_f0714a7b874f-gettyimages-2285027159.jpg\"   width=\"682\" height=\"1024\" loading=\"lazy\" decoding=\"async\" alt=\"Lux Pascal, en el desfile de Chanel Alta Costura Oto\u00f1o\/Invierno 2026-2027 (7 de julio de 2026).\" fetchpriority=\"auto\" class=\"image ho-image\"\/>\u00a9 Getty Images<\/p>\n<p> <img src=\"https:\/\/www.europesays.com\/es\/wp-content\/uploads\/2026\/07\/a5f80e4af7eb-gettyimages-2284504401.jpg\"   width=\"682\" height=\"1024\" loading=\"lazy\" decoding=\"async\" alt=\"Alexa Demie, en el desfile de Chanel Alta Costura Oto\u00f1o\/Invierno 2026-2027 (7 de julio de 2026).\" fetchpriority=\"auto\" class=\"image ho-image\"\/>\u00a9 Getty ImagesAlexa Demie<\/p>\n<p>Alexa Demie, convertida en una de las grandes prescriptoras de estilo desde su papel de Maddy P\u00e9rez en Euphoria, tambi\u00e9n asisti\u00f3 a la segunda entrega de Alta Costura de Matthieu Blazy como director creativo de Chanel. Fiel a esa est\u00e9tica sensual, sofisticada y con un punto enigm\u00e1tico que define muchas de sus apariciones, la actriz apost\u00f3 por un vestido negro de l\u00edneas depuradas, con escote halter pronunciado, ca\u00edda fluida y un detalle joya a la altura de la cadera. Complet\u00f3 el look con pendientes largos y el cabello recogido en un mo\u00f1o deshecho, reforzando una elegancia minimalista, pero con mucha intenci\u00f3n.<\/p>\n<p><\/p>\n","protected":false},"excerpt":{"rendered":"Para nadie es un secreto: Par\u00eds es la capital de la moda. As\u00ed lo reafirma a\u00f1o tras a\u00f1o,&hellip;\n","protected":false},"author":2,"featured_media":650118,"comment_status":"","ping_status":"","sticky":false,"template":"","format":"standard","meta":{"footnotes":""},"categories":[174],"tags":[1024,79657,111439,17328,44721,255,4490,253,146,147,25,24,256,54123,22403,1023,338,23],"class_list":["post-650117","post","type-post","status-publish","format-standard","has-post-thumbnail","category-famosos","tag-actualidad-moda","tag-alta-costura","tag-ana-rujas","tag-carlota-casiraghi","tag-cate-blanchett","tag-celebrities","tag-demi-moore","tag-discover","tag-entertainment","tag-entretenimiento","tag-es","tag-espana","tag-famosos","tag-looks","tag-mejores-looks","tag-moda","tag-portada","tag-spain"],"share_on_mastodon":{"url":"https:\/\/pubeurope.com\/@es\/116891963333764811","error":""},"_links":{"self":[{"href":"https:\/\/www.europesays.com\/es\/wp-json\/wp\/v2\/posts\/650117","targetHints":{"allow":["GET"]}}],"collection":[{"href":"https:\/\/www.europesays.com\/es\/wp-json\/wp\/v2\/posts"}],"about":[{"href":"https:\/\/www.europesays.com\/es\/wp-json\/wp\/v2\/types\/post"}],"author":[{"embeddable":true,"href":"https:\/\/www.europesays.com\/es\/wp-json\/wp\/v2\/users\/2"}],"replies":[{"embeddable":true,"href":"https:\/\/www.europesays.com\/es\/wp-json\/wp\/v2\/comments?post=650117"}],"version-history":[{"count":0,"href":"https:\/\/www.europesays.com\/es\/wp-json\/wp\/v2\/posts\/650117\/revisions"}],"wp:featuredmedia":[{"embeddable":true,"href":"https:\/\/www.europesays.com\/es\/wp-json\/wp\/v2\/media\/650118"}],"wp:attachment":[{"href":"https:\/\/www.europesays.com\/es\/wp-json\/wp\/v2\/media?parent=650117"}],"wp:term":[{"taxonomy":"category","embeddable":true,"href":"https:\/\/www.europesays.com\/es\/wp-json\/wp\/v2\/categories?post=650117"},{"taxonomy":"post_tag","embeddable":true,"href":"https:\/\/www.europesays.com\/es\/wp-json\/wp\/v2\/tags?post=650117"}],"curies":[{"name":"wp","href":"https:\/\/api.w.org\/{rel}","templated":true}]}}