{"id":650170,"date":"2026-07-09T21:34:13","date_gmt":"2026-07-09T21:34:13","guid":{"rendered":"https:\/\/www.europesays.com\/es\/650170\/"},"modified":"2026-07-09T21:34:13","modified_gmt":"2026-07-09T21:34:13","slug":"es-timothee-chalamet-el-villano-en-dune-3-estas-son-las-claves-del-nuevo-trailer","status":"publish","type":"post","link":"https:\/\/www.europesays.com\/es\/650170\/","title":{"rendered":"\u00bfEs Timoth\u00e9e Chalamet el villano en \u00abDune 3\u00bb? Estas son las claves del nuevo tr\u00e1iler"},"content":{"rendered":"<p>      CNN Espa\u00f1ol\u00a0\u2014\u00a0\n    <\/p>\n<p class=\"paragraph inline-placeholder vossi-paragraph\" data-uri=\"es.cms.cnn.com\/_components\/paragraph\/instances\/cmrdkmrvb001q28p5cqcg5cc9@published\" data-editable=\"text\" data-component-name=\"paragraph\" data-article-gutter=\"true\">\n            Este mi\u00e9rcoles se divulg\u00f3 el nuevo tr\u00e1iler de la pel\u00edcula \u201cDune: Part Three\u201d, la esperada superproducci\u00f3n de ciencia ficci\u00f3n dirigida por Denis Villeneuve y protagonizada por un elenco de estrellas liderado por Timoth\u00e9e Chalamet.\n    <\/p>\n<p class=\"paragraph inline-placeholder vossi-paragraph\" data-uri=\"es.cms.cnn.com\/_components\/paragraph\/instances\/cmrdn1o4f0001356ruvmkuftw@published\" data-editable=\"text\" data-component-name=\"paragraph\" data-article-gutter=\"true\">\n            Al igual que en la novela \u201cDune: Messiah\u201d (1969) escrita por Frank Herbert, que inspira la nueva pel\u00edcula, el tr\u00e1iler de \u201cDune: Part Three\u201d confirma que el h\u00e9roe de la historia, Paul Atreides (Timoth\u00e9e Chalamet), gobierna desde hace a\u00f1os como emperador de la galaxia, liderando una guerra religiosa que ha causado la destrucci\u00f3n de mundos y civilizaciones.\n    <\/p>\n<p class=\"paragraph inline-placeholder vossi-paragraph\" data-uri=\"es.cms.cnn.com\/_components\/paragraph\/instances\/cmrdn1rdu0003356rt7s7u265@published\" data-editable=\"text\" data-component-name=\"paragraph\" data-article-gutter=\"true\">\n            Las escenas del tr\u00e1iler muestran una confrontaci\u00f3n de Paul con Chani (Zendaya), su expareja, y un combate con el clon de Duncan Idaho (Jason Momoa). Incluso el personaje de Scytale, interpretado por Robert Pattinson, quien busca la muerte de Paul Atreides, luce como un villano secundario en las im\u00e1genes reveladas. \u201cDune: Part Three\u201d va de la conspiraci\u00f3n entre distintas facciones para derribar la tiran\u00eda de Paul.\n    <\/p>\n<blockquote class=\"twitter__tweet\">\n<blockquote class=\"twitter-tweet\">\n<p lang=\"en\" dir=\"ltr\">\u201cForgive me for all I\u2019ve done.\u201d Experience the epic conclusion. Dune: Part Three only in theaters and IMAX December 18. <a href=\"https:\/\/x.com\/hashtag\/DuneMovie?src=hash&amp;ref_src=twsrc%5Etfw\" target=\"_blank\" rel=\"nofollow\">#DuneMovie<\/a>  <a href=\"https:\/\/x.com\/hashtag\/FilmedforIMAX?src=hash&amp;ref_src=twsrc%5Etfw\" target=\"_blank\" rel=\"nofollow\">#FilmedforIMAX<\/a> <a href=\"https:\/\/t.co\/x9Nftg9yXd\" target=\"_blank\" rel=\"nofollow\">pic.twitter.com\/x9Nftg9yXd<\/a><\/p>\n<p>\u2014 DUNE (@dunemovie) <a href=\"https:\/\/x.com\/dunemovie\/status\/2074915319253242203?ref_src=twsrc%5Etfw\" target=\"_blank\" rel=\"nofollow\">July 8, 2026<\/a><\/p><\/blockquote>\n<\/blockquote>\n<p class=\"paragraph inline-placeholder vossi-paragraph\" data-uri=\"es.cms.cnn.com\/_components\/paragraph\/instances\/cmrdn6i8t0007356rcb1w5cxn@published\" data-editable=\"text\" data-component-name=\"paragraph\" data-article-gutter=\"true\">\n            El nuevo cartel oficial de \u201cDune: Part Three\u201d muestra a los personajes de Chalamet y Zendaya en extremos opuestos, listos para enfrentarse en combate.\n    <\/p>\n<p class=\"paragraph inline-placeholder vossi-paragraph\" data-uri=\"es.cms.cnn.com\/_components\/paragraph\/instances\/cmrdprza6000a356rljr750of@published\" data-editable=\"text\" data-component-name=\"paragraph\" data-article-gutter=\"true\">\n            En un <a href=\"https:\/\/www.yahoo.com\/entertainment\/movies\/articles\/dune-part-three-trailer-timoth-180554047.html\" target=\"_blank\" rel=\"nofollow noopener\">evento de lanzamiento<\/a> del tr\u00e1iler, Villeneuve dijo que \u201clas personas que conocen el libro saben que es una bestia muy diferente. Es m\u00e1s un thriller. Es una historia m\u00e1s intensa. Y definitivamente es tambi\u00e9n mucho m\u00e1s emocional. As\u00ed que ser\u00e1 la tercera y \u00faltima pel\u00edcula de \u2018Dune\u2019\u201d.\n    <\/p>\n<blockquote class=\"twitter__tweet\">\n<blockquote class=\"twitter-tweet\">\n<p lang=\"en\" dir=\"ltr\">All paths have led to this moment. Experience the epic conclusion. Dune: Part Three only in theaters and IMAX December 18. <a href=\"https:\/\/x.com\/hashtag\/DuneMovie?src=hash&amp;ref_src=twsrc%5Etfw\" target=\"_blank\" rel=\"nofollow\">#DuneMovie<\/a>  <a href=\"https:\/\/x.com\/hashtag\/FilmedforIMAX?src=hash&amp;ref_src=twsrc%5Etfw\" target=\"_blank\" rel=\"nofollow\">#FilmedforIMAX<\/a> <a href=\"https:\/\/t.co\/mMfrpY6vrt\" target=\"_blank\" rel=\"nofollow\">pic.twitter.com\/mMfrpY6vrt<\/a><\/p>\n<p>\u2014 DUNE (@dunemovie) <a href=\"https:\/\/x.com\/dunemovie\/status\/2074871209502851549?ref_src=twsrc%5Etfw\" target=\"_blank\" rel=\"nofollow\">July 8, 2026<\/a><\/p><\/blockquote>\n<\/blockquote>\n<p class=\"paragraph inline-placeholder vossi-paragraph\" data-uri=\"es.cms.cnn.com\/_components\/paragraph\/instances\/cmrdpwqih000c356r45d6cuak@published\" data-editable=\"text\" data-component-name=\"paragraph\" data-article-gutter=\"true\">\n            Esta declaraci\u00f3n de Villeneuve es algo desconcertante, pues \u201cDune: Messiah\u201d es apenas el segundo libro de la saga escrita por Frank Herbert. El autor escribi\u00f3 cuatro libros m\u00e1s. As\u00ed que ser\u00e1 interesante conocer c\u00f3mo se cierra el arco narrativo de Paul Atreides.\n    <\/p>\n<p class=\"paragraph inline-placeholder vossi-paragraph\" data-uri=\"es.cms.cnn.com\/_components\/paragraph\/instances\/cmrdq74z9000e356rgp07jmoi@published\" data-editable=\"text\" data-component-name=\"paragraph\" data-article-gutter=\"true\">\n            Adem\u00e1s de Chalamet, Zendaya, Momoa y Pattinson, la pel\u00edcula incluye en su elenco a Florence Pugh, Rebecca Ferguson, Isaach de Bankol\u00e9, Charlotte Rampling, Anya Taylor-Joy y Javier Bardem.\n    <\/p>\n<p class=\"paragraph inline-placeholder vossi-paragraph\" data-uri=\"es.cms.cnn.com\/_components\/paragraph\/instances\/cmrdn6x4t000b356rne448bkn@published\" data-editable=\"text\" data-component-name=\"paragraph\" data-article-gutter=\"true\">\n            \u201cDune: Part Three\u201d se estrena en cines este 18 de diciembre.\n    <\/p>\n<p>              <script async src=\"https:\/\/platform.twitter.com\/widgets.js\" charset=\"utf-8\"><\/script><\/p>\n","protected":false},"excerpt":{"rendered":"CNN Espa\u00f1ol\u00a0\u2014\u00a0 Este mi\u00e9rcoles se divulg\u00f3 el nuevo tr\u00e1iler de la pel\u00edcula \u201cDune: Part Three\u201d, la esperada superproducci\u00f3n&hellip;\n","protected":false},"author":2,"featured_media":650171,"comment_status":"","ping_status":"","sticky":false,"template":"","format":"standard","meta":{"footnotes":""},"categories":[169],"tags":[177,66269,146,147,25,24,176,175,23,33953,28275],"class_list":["post-650170","post","type-post","status-publish","format-standard","has-post-thumbnail","category-cine","tag-cine","tag-dune-3","tag-entertainment","tag-entretenimiento","tag-es","tag-espana","tag-film","tag-movies","tag-spain","tag-timothee-chalamet","tag-zendaya"],"share_on_mastodon":{"url":"https:\/\/pubeurope.com\/@es\/116892170138251739","error":""},"_links":{"self":[{"href":"https:\/\/www.europesays.com\/es\/wp-json\/wp\/v2\/posts\/650170","targetHints":{"allow":["GET"]}}],"collection":[{"href":"https:\/\/www.europesays.com\/es\/wp-json\/wp\/v2\/posts"}],"about":[{"href":"https:\/\/www.europesays.com\/es\/wp-json\/wp\/v2\/types\/post"}],"author":[{"embeddable":true,"href":"https:\/\/www.europesays.com\/es\/wp-json\/wp\/v2\/users\/2"}],"replies":[{"embeddable":true,"href":"https:\/\/www.europesays.com\/es\/wp-json\/wp\/v2\/comments?post=650170"}],"version-history":[{"count":0,"href":"https:\/\/www.europesays.com\/es\/wp-json\/wp\/v2\/posts\/650170\/revisions"}],"wp:featuredmedia":[{"embeddable":true,"href":"https:\/\/www.europesays.com\/es\/wp-json\/wp\/v2\/media\/650171"}],"wp:attachment":[{"href":"https:\/\/www.europesays.com\/es\/wp-json\/wp\/v2\/media?parent=650170"}],"wp:term":[{"taxonomy":"category","embeddable":true,"href":"https:\/\/www.europesays.com\/es\/wp-json\/wp\/v2\/categories?post=650170"},{"taxonomy":"post_tag","embeddable":true,"href":"https:\/\/www.europesays.com\/es\/wp-json\/wp\/v2\/tags?post=650170"}],"curies":[{"name":"wp","href":"https:\/\/api.w.org\/{rel}","templated":true}]}}