{"id":650224,"date":"2026-07-09T22:18:18","date_gmt":"2026-07-09T22:18:18","guid":{"rendered":"https:\/\/www.europesays.com\/es\/650224\/"},"modified":"2026-07-09T22:18:18","modified_gmt":"2026-07-09T22:18:18","slug":"chloe-de-la-rosa-participante-de-eurovision-junior-en-2024-interpreta-a-rocio-jurado-de-nina-en-su-biopic","status":"publish","type":"post","link":"https:\/\/www.europesays.com\/es\/650224\/","title":{"rendered":"Chloe de la Rosa, participante de Eurovisi\u00f3n Junior en 2024, interpreta a Roc\u00edo Jurado de ni\u00f1a en su biopic"},"content":{"rendered":"<p class=\"c-paragraph\">Chloe de la Rosa se dio a conocer en 2024 como aspirante espa\u00f1ola a conquistar el festival de Eurovisi\u00f3n Junior, con la canci\u00f3n, Como la Lola. <b>Entonces ten\u00eda 9 a\u00f1os.<\/b><\/p>\n<p class=\"c-paragraph\">La peque\u00f1a, de ra\u00edces extreme\u00f1as y andaluzas, ha sido escogida para hacer de <b>Roc\u00edo Jurado de ni\u00f1a<\/b> en el biopic que se est\u00e1 grabando de momento en su localidad natal de Chipiona (C\u00e1diz).<\/p>\n<p class=\"c-paragraph\"><b>Chloe tiene ahora 11 a\u00f1os<\/b> y ha pegado un notable estir\u00f3n desde que represent\u00f3 a Espa\u00f1a. Las im\u00e1genes que circulan ya de este trabajo permiten verla caminando descalza por las calles de Chipiona, junto a la casa recreada de los abuelos de Roc\u00edo Jurado.<\/p>\n<p class=\"c-paragraph\">La serie cuenta con<b> distintas actrices,<\/b> una por cada etapa de la cantante, fallecida en 2006 de c\u00e1ncer. Desde su ni\u00f1ez, hasta su boda con Ortega Cano y su fallecimiento.<\/p>\n","protected":false},"excerpt":{"rendered":"Chloe de la Rosa se dio a conocer en 2024 como aspirante espa\u00f1ola a conquistar el festival de&hellip;\n","protected":false},"author":2,"featured_media":650225,"comment_status":"","ping_status":"","sticky":false,"template":"","format":"standard","meta":{"footnotes":""},"categories":[171],"tags":[33123,146,147,25,24,24121,3368,18097,2465,23,214],"class_list":["post-650224","post","type-post","status-publish","format-standard","has-post-thumbnail","category-tv","tag-chloe","tag-entertainment","tag-entretenimiento","tag-es","tag-espana","tag-eurovision","tag-junior","tag-participante","tag-rosa","tag-spain","tag-tv"],"share_on_mastodon":{"url":"https:\/\/pubeurope.com\/@es\/116892343224242046","error":""},"_links":{"self":[{"href":"https:\/\/www.europesays.com\/es\/wp-json\/wp\/v2\/posts\/650224","targetHints":{"allow":["GET"]}}],"collection":[{"href":"https:\/\/www.europesays.com\/es\/wp-json\/wp\/v2\/posts"}],"about":[{"href":"https:\/\/www.europesays.com\/es\/wp-json\/wp\/v2\/types\/post"}],"author":[{"embeddable":true,"href":"https:\/\/www.europesays.com\/es\/wp-json\/wp\/v2\/users\/2"}],"replies":[{"embeddable":true,"href":"https:\/\/www.europesays.com\/es\/wp-json\/wp\/v2\/comments?post=650224"}],"version-history":[{"count":0,"href":"https:\/\/www.europesays.com\/es\/wp-json\/wp\/v2\/posts\/650224\/revisions"}],"wp:featuredmedia":[{"embeddable":true,"href":"https:\/\/www.europesays.com\/es\/wp-json\/wp\/v2\/media\/650225"}],"wp:attachment":[{"href":"https:\/\/www.europesays.com\/es\/wp-json\/wp\/v2\/media?parent=650224"}],"wp:term":[{"taxonomy":"category","embeddable":true,"href":"https:\/\/www.europesays.com\/es\/wp-json\/wp\/v2\/categories?post=650224"},{"taxonomy":"post_tag","embeddable":true,"href":"https:\/\/www.europesays.com\/es\/wp-json\/wp\/v2\/tags?post=650224"}],"curies":[{"name":"wp","href":"https:\/\/api.w.org\/{rel}","templated":true}]}}