{"id":650235,"date":"2026-07-09T22:26:15","date_gmt":"2026-07-09T22:26:15","guid":{"rendered":"https:\/\/www.europesays.com\/es\/650235\/"},"modified":"2026-07-09T22:26:15","modified_gmt":"2026-07-09T22:26:15","slug":"un-piloto-salta-al-vacio-en-pleno-vuelo-y-su-aprendiz-logra-aterrizar-sola","status":"publish","type":"post","link":"https:\/\/www.europesays.com\/es\/650235\/","title":{"rendered":"Un piloto salta al vac\u00edo en pleno vuelo y su aprendiz logra aterrizar sola"},"content":{"rendered":"<p style=\"\">Leandro Andr\u00e9s Bertazzo, piloto e instructor de vuelo <a href=\"https:\/\/www.abc.es\/noticias\/argentina\/\" title=\"\" data-voc-vtm-id=\"in-text-traffic\" data-mrf-link=\"www.abc.es\" rel=\"nofollow noopener\" target=\"_blank\">argentino<\/a>, se encontraba a bordo de un avi\u00f3n Cessna C-150 cuando, de repente, se quit\u00f3 los auriculares, se desabroch\u00f3 el cintur\u00f3n de seguridad, abri\u00f3 la puerta de la aeronave y<strong> se arroj\u00f3 al vac\u00edo <\/strong> &#8230; ante la mirada estupefacta de la alumna que se encontraba con \u00e9l. Tras la sorpresa inicial, la joven, de 22 a\u00f1os, avis\u00f3 a la torre de control y logr\u00f3 aterrizar el aparato, mientras que el profesor muri\u00f3 de manera inmediata al impactar contra el suelo.<\/p>\n<p class=\"v-d-p\" style=\"\">Nada esa ma\u00f1ana de s\u00e1bado <strong>hab\u00eda hecho presagiar la tragedia <\/strong>despu\u00e9s de que Bertazzo llegara a la escuela de vuelo Flying Parrot C\u00f3rdoba y saludase a sus colegas antes de comenzar la jornada laboral. De hecho, el instructor de vuelo tuvo su primera clase con un compa\u00f1ero en un reentrenamiento sin problemas, antes de comenzar la que ser\u00eda la \u00faltima lecci\u00f3n de su carrera, de acuerdo con la CNN y medios locales.<\/p>\n<p class=\"v-d-p\" style=\"\"><strong>\u00abYa sab\u00e9s lo que ten\u00e9s que hacer, segu\u00ed adelante\u00bb<\/strong>, dijo Bertazzo a su alumna antes de lanzarse al vac\u00edo, seg\u00fan ha informado TN, una filial de la cadena estadounidense CNN. Tras esas \u00faltimas palabras, el instructor de vuelo, de 42 a\u00f1os, salt\u00f3 y fue posteriormente localizado sin vida tras el accidente, ocurrido en Toledo (Argentina) el pasado s\u00e1bado.<\/p>\n<ul class=\"v-cmp-rld__u\">\n<li class=\"v-cmp-rld__l\">\n<p><a class=\"v-a-lnk\" href=\"http:\/\/www.abc.es\/internacional\/estrella-avioneta-francia-personas-bordo-20260628133517-nt.html#vtm_modulosEngag=noticiasrelacionadas-cmp-uno:internacional:noticia:1\" data-voc-vtm-id=\"in-text-traffic\" rel=\"nofollow noopener\" target=\"_blank\"><br \/>\n<img decoding=\"async\" loading=\"lazy\" src=\"https:\/\/www.europesays.com\/es\/wp-content\/uploads\/2026\/07\/Captura-khTD--366x256@diario_abc.PNG\" class=\"v-a-img\" width=\"258\" height=\"180\" alt=\"Mueren 11 personas de una escuela de paracaidismo al estrellarse una avioneta en el este de Francia\"\/><br \/>\n<\/a><\/p>\n<\/li>\n<\/ul>\n<p class=\"v-d-p\" style=\"\">El director de la escuela de aviaci\u00f3n donde trabajaba Bertazzo, Eduardo \u00c1lvarez, apunt\u00f3 en unas declaraciones iniciales a TN que <strong>no hab\u00eda indicios<\/strong> de que el piloto estuviera planeando arrojarse del avi\u00f3n. \u00abTom\u00f3 esta tr\u00e1gica decisi\u00f3n a bordo de un avi\u00f3n, con otra persona a su lado. Es imposible pensarlo o comprenderlo, pero la mente humana es muy compleja\u00bb, se\u00f1al\u00f3, antes de recalcar que el instructor era una \u00abpersona maravillosa con una gran sonrisa\u00bb.<\/p>\n<p class=\"v-d-p\" style=\"\">\u00abEse d\u00eda, hab\u00edamos visto a Leandro como cualquier otro. Lleg\u00f3 con alegr\u00eda, a los besos como siempre. Solo llam\u00f3 la atenci\u00f3n que, en lugar de venir con su auto como siempre, le hab\u00eda pedido a un alumno que lo fuera a buscar a la casa donde viv\u00eda con sus padres en un barrio de la ciudad de C\u00f3rdoba. <strong>Vinieron conversando lo m\u00e1s bien<\/strong>\u00bb, dijo al peri\u00f3dico argentino &#8216;La naci\u00f3n&#8217;. <\/p>\n<p>\n\u00abBajo tratamiento psiqui\u00e1trico\u00bb\n<\/p>\n<p class=\"v-d-p\" style=\"\">Con posterioridad, tambi\u00e9n en declaraciones a ese diario local, \u00c1lvarez habl\u00f3 de sus conversaciones con la familia del piloto: \u00abEl padre me confirm\u00f3 que su hijo estaba <strong>bajo tratamiento psiqui\u00e1trico<\/strong>. Sus allegados despu\u00e9s me dijeron que ten\u00eda que ver con algo de su vida personal\u00bb.<\/p>\n<p class=\"v-d-p\" style=\"\">\u00c1lvarez tambi\u00e9n ha manifestado su extra\u00f1eza ante los hechos, no solo por la personalidad de Bertazzo, sino por las complicaciones pr\u00e1cticas de arrojarse al vac\u00edo desde un avi\u00f3n en pleno vuelo. El director de la escuela ha confesado no saber \u00abcon qu\u00e9 fuerza poderosa\u00bb abri\u00f3 la puerta el instructor, pues esta acci\u00f3n equivale a <strong>hacerlo en un coche a 300 kil\u00f3metros por hora<\/strong>.<\/p>\n","protected":false},"excerpt":{"rendered":"Leandro Andr\u00e9s Bertazzo, piloto e instructor de vuelo argentino, se encontraba a bordo de un avi\u00f3n Cessna C-150&hellip;\n","protected":false},"author":2,"featured_media":650236,"comment_status":"","ping_status":"","sticky":false,"template":"","format":"standard","meta":{"footnotes":""},"categories":[42],"tags":[119361,4575,17,18,51,13,14,11,61,62,63,64,19,20,9,10,15,16,14725,2464,950,9236,12,21,22,30417,11266,65,66,67],"class_list":["post-650235","post","type-post","status-publish","format-standard","has-post-thumbnail","category-internacional","tag-aprendiz","tag-aterrizar","tag-breaking-news","tag-breakingnews","tag-deja","tag-featured-news","tag-featurednews","tag-headlines","tag-internacional","tag-international","tag-international-news","tag-internationalnews","tag-latest-news","tag-latestnews","tag-news","tag-noticias","tag-noticias-destacadas","tag-noticiasdestacadas","tag-piloto","tag-pleno","tag-salta","tag-sola","tag-titulares","tag-ultimas-noticias","tag-ultimasnoticias","tag-vacio","tag-vuelo","tag-world","tag-world-news","tag-worldnews"],"share_on_mastodon":{"url":"https:\/\/pubeurope.com\/@es\/116892375492288624","error":""},"_links":{"self":[{"href":"https:\/\/www.europesays.com\/es\/wp-json\/wp\/v2\/posts\/650235","targetHints":{"allow":["GET"]}}],"collection":[{"href":"https:\/\/www.europesays.com\/es\/wp-json\/wp\/v2\/posts"}],"about":[{"href":"https:\/\/www.europesays.com\/es\/wp-json\/wp\/v2\/types\/post"}],"author":[{"embeddable":true,"href":"https:\/\/www.europesays.com\/es\/wp-json\/wp\/v2\/users\/2"}],"replies":[{"embeddable":true,"href":"https:\/\/www.europesays.com\/es\/wp-json\/wp\/v2\/comments?post=650235"}],"version-history":[{"count":0,"href":"https:\/\/www.europesays.com\/es\/wp-json\/wp\/v2\/posts\/650235\/revisions"}],"wp:featuredmedia":[{"embeddable":true,"href":"https:\/\/www.europesays.com\/es\/wp-json\/wp\/v2\/media\/650236"}],"wp:attachment":[{"href":"https:\/\/www.europesays.com\/es\/wp-json\/wp\/v2\/media?parent=650235"}],"wp:term":[{"taxonomy":"category","embeddable":true,"href":"https:\/\/www.europesays.com\/es\/wp-json\/wp\/v2\/categories?post=650235"},{"taxonomy":"post_tag","embeddable":true,"href":"https:\/\/www.europesays.com\/es\/wp-json\/wp\/v2\/tags?post=650235"}],"curies":[{"name":"wp","href":"https:\/\/api.w.org\/{rel}","templated":true}]}}