{"id":650490,"date":"2026-07-10T02:24:21","date_gmt":"2026-07-10T02:24:21","guid":{"rendered":"https:\/\/www.europesays.com\/es\/650490\/"},"modified":"2026-07-10T02:24:21","modified_gmt":"2026-07-10T02:24:21","slug":"canarias-se-declara-en-riesgo-extremo-de-radiacion-ultravioleta-y-piden-no-exponerse-al-sol","status":"publish","type":"post","link":"https:\/\/www.europesays.com\/es\/650490\/","title":{"rendered":"Canarias se declara en riesgo extremo de radiaci\u00f3n ultravioleta y piden no exponerse al sol"},"content":{"rendered":"<p class=\"v-ath__p v-ath__p--1\">\nCANARIAS7\n<\/p>\n<p class=\"v-ath__p v-ath__p--2\">\nLas Palmas de Gran Canaria\n<\/p>\n<p>09\/07\/2026<\/p>\n<p>Actualizado a las 15:55h.<\/p>\n<p class=\"v-d-p\" style=\"\">Todas las islas del archipi\u00e9lago canario se situar\u00e1n durante los pr\u00f3ximos d\u00edas en riesgo extremo por radiaci\u00f3n ultravioleta, el nivel m\u00e1s alto en la escala. El riesgo es \u00abextremadamente alto\u00bb en toda Canarias, salvo en los municipios tinerfe\u00f1os de Garachico, San Juan de la Rambla, Puerto de la Cruz, Santa \u00darsula, Santa Cruz de Tenerife, Candelaria y G\u00fcimar, que se encuentran en riesgo \u00abmuy alto\u00bb. <\/p>\n<p class=\"v-d-p\" style=\"\">La Direcci\u00f3n General de Salud P\u00fablica ha recordado que cuando el riesgo por radiaci\u00f3n ultravioleta alcanza el nivel de \u00abmuy alto\u00bb, la recomendaci\u00f3n es hacer uso a diario de protecci\u00f3n solar (SPF 50+), permanecer en zonas de sombra en las horas centrales del d\u00eda, usar gafas de sol y utilizar ropa que cubra brazos y piernas. Cuando el aviso sube al nivel de \u00abextremadamente alto\u00bb, lo m\u00e1s adecuado es evitar exponerse al sol. <\/p>\n<p class=\"v-d-p\" style=\"\">Adem\u00e1s, Salud P\u00fablica ha enfatizado que el da\u00f1o solar es acumulativo y puede provocar algunos tipos de c\u00e1ncer a\u00f1os despu\u00e9s. Los m\u00e1s vulnerables a la radiaci\u00f3n son los m\u00e1s peque\u00f1os y los m\u00e1s mayores, aunque el riesgo tambi\u00e9n aumenta en caso de tener ojos claros o por tomar ciertos medicamentos.<\/p>\n<p class=\"v-d-p\" style=\"\">El comunicado de la Consejer\u00eda de Sanidad ha hecho hincapi\u00e9 en que la exposici\u00f3n a la radiaci\u00f3n ultravioleta aumenta con la altura y en que los rayos solares se filtran tambi\u00e9n a trav\u00e9s de las nubes, por lo que el riesgo est\u00e1 presente incluso en d\u00edas nublados. <\/p>\n","protected":false},"excerpt":{"rendered":"CANARIAS7 Las Palmas de Gran Canaria 09\/07\/2026 Actualizado a las 15:55h. Todas las islas del archipi\u00e9lago canario se&hellip;\n","protected":false},"author":2,"featured_media":650491,"comment_status":"","ping_status":"","sticky":false,"template":"","format":"standard","meta":{"footnotes":""},"categories":[8],"tags":[17,18,1896,2797,25,24,116158,8868,13,14,11,19,20,9,10,15,16,5747,11684,1288,2829,23,12,21,22,11685],"class_list":["post-650490","post","type-post","status-publish","format-standard","has-post-thumbnail","category-espana","tag-breaking-news","tag-breakingnews","tag-canarias","tag-declara","tag-es","tag-espana","tag-exponerse","tag-extremo","tag-featured-news","tag-featurednews","tag-headlines","tag-latest-news","tag-latestnews","tag-news","tag-noticias","tag-noticias-destacadas","tag-noticiasdestacadas","tag-piden","tag-radiacion","tag-riesgo","tag-sol","tag-spain","tag-titulares","tag-ultimas-noticias","tag-ultimasnoticias","tag-ultravioleta"],"share_on_mastodon":{"url":"https:\/\/pubeurope.com\/@es\/116893310507076169","error":""},"_links":{"self":[{"href":"https:\/\/www.europesays.com\/es\/wp-json\/wp\/v2\/posts\/650490","targetHints":{"allow":["GET"]}}],"collection":[{"href":"https:\/\/www.europesays.com\/es\/wp-json\/wp\/v2\/posts"}],"about":[{"href":"https:\/\/www.europesays.com\/es\/wp-json\/wp\/v2\/types\/post"}],"author":[{"embeddable":true,"href":"https:\/\/www.europesays.com\/es\/wp-json\/wp\/v2\/users\/2"}],"replies":[{"embeddable":true,"href":"https:\/\/www.europesays.com\/es\/wp-json\/wp\/v2\/comments?post=650490"}],"version-history":[{"count":0,"href":"https:\/\/www.europesays.com\/es\/wp-json\/wp\/v2\/posts\/650490\/revisions"}],"wp:featuredmedia":[{"embeddable":true,"href":"https:\/\/www.europesays.com\/es\/wp-json\/wp\/v2\/media\/650491"}],"wp:attachment":[{"href":"https:\/\/www.europesays.com\/es\/wp-json\/wp\/v2\/media?parent=650490"}],"wp:term":[{"taxonomy":"category","embeddable":true,"href":"https:\/\/www.europesays.com\/es\/wp-json\/wp\/v2\/categories?post=650490"},{"taxonomy":"post_tag","embeddable":true,"href":"https:\/\/www.europesays.com\/es\/wp-json\/wp\/v2\/tags?post=650490"}],"curies":[{"name":"wp","href":"https:\/\/api.w.org\/{rel}","templated":true}]}}