{"id":650746,"date":"2026-07-10T06:40:15","date_gmt":"2026-07-10T06:40:15","guid":{"rendered":"https:\/\/www.europesays.com\/es\/650746\/"},"modified":"2026-07-10T06:40:15","modified_gmt":"2026-07-10T06:40:15","slug":"masterchef-24-7-lista-completa-de-los-cocineros-con-delantal-negro-este-09-de-julio-y-que-puedes-salir-del-reality","status":"publish","type":"post","link":"https:\/\/www.europesays.com\/es\/650746\/","title":{"rendered":"MasterChef 24\/7: Lista COMPLETA de los Cocineros con Delantal Negro este 09 de julio y que puedes salir del reality"},"content":{"rendered":"<p>Este jueves de Delantales Negros en <a class=\"link \" href=\"https:\/\/www.tvazteca.com\/aztecauno\/masterchef\/transmision-en-vivo-24-7\" target=\"_blank\" rel=\"nofollow noopener\"><b>MasterChef 24\/7<\/b><\/a> conocimos a los Participantes que podr\u00edan abandonar el reality show este domingo, pues esta octava semana ha marcado de gran manera lo que representa la exigencia para los Cocineros, llegando a instancias donde tienen que darlo el todo por el todo.<\/p>\n<p>Te puede interesar: <a class=\"link \" href=\"https:\/\/www.tvazteca.com\/aztecauno\/masterchef\/masterchef-24-7-emmanuel-e-ixdit-reciben-un-castigo-por-romper-las-reglas\/\" target=\"_blank\" rel=\"nofollow noopener\">Emmanuel e Ixidit recibir\u00e1n un castigo tras hacer cosas prohibidas dentro de MasterChef 24\/7<\/a><\/p>\n<p>Si bien, la semana comenz\u00f3 a tomar forma desde el lunes de donde Carmen consigui\u00f3 hacerse con el codiciado Pin del Chef, teniendo ciertos privilegios y decisiones importantes dentro del universo de <b>MasterChef 24\/7<\/b> en los \u00faltimos d\u00edas que han terminado impactando directamente en los retos.<\/p>\n<p>\u00bfQui\u00e9nes son los Cocineros de MasterChef 24\/7 con Delantal Negro hasta hoy 09 de julio de 2026?\n<\/p>\n<p>Tras el Reto de este jueves 09 de julio, <b>ellos son los participantes del reality show de la cocina m\u00e1s popular de todo M\u00e9xico que tienen Delantal Negro<\/b> y que podr\u00edan ser eliminados esta octava semana:<\/p>\n<ul>\n<li><b>Emmanuel<\/b><\/li>\n<li><b>Flor <\/b><\/li>\n<li><b>Nora<\/b><\/li>\n<li><b>Camila <\/b><\/li>\n<li><b>Ixdit<\/b> <\/li>\n<\/ul>\n<p>Una vez que vimos la sorpresiva Batalla por Equipos donde el combinado de Daniela Parra de color Amarillo gan\u00f3 de manera un\u00e1nime en un reto especial, conocimos a los primeros tres participantes de <b>MasterChef 24\/7<\/b> que consiguieron subir al Balc\u00f3n de la Salvaci\u00f3n: Daniela (al ser la Capitana) y quien termin\u00f3 eligiendo a Luis y Julio.<\/p>\n<p>\u00bfQui\u00e9nes han sido los eliminados de MasterChef 24\/7?\n<\/p>\n<p>Este programa con un formato 24 horas los 7 d\u00edas de la semana ha dado un mont\u00f3n de sorpresas y hasta ahora, debido a que en su momento consiguieron un Delantal Negro (a excepci\u00f3n de Mar\u00eda quien abandon\u00f3 la competencia por motivos de salud), ellos son los participantes que han salido de <b>MasterChef 24\/7<\/b>:<\/p>\n<ul class=\"rte2-style-ul\">\n<li>Javier \u201cLa Chuleta Metalera\u201d<\/li>\n<li>Nash<\/li>\n<li>Arturo<\/li>\n<li>Ricardo<\/li>\n<li>Mar\u00eda<\/li>\n<li>Lula<\/li>\n<li>Pablo<\/li>\n<li>Ismael<\/li>\n<li>Diego<\/li>\n<\/ul>\n<p><b>\u00a1No te pierdas MasterChef 24\/7 de lunes a viernes de 8:30 a 10:30 pm! Sigue la transmisi\u00f3n a trav\u00e9s de Azteca UNO, <\/b><a class=\"link \" href=\"https:\/\/www.tvazteca.com\/aztecauno\/masterchef\/envivo\" target=\"_blank\" rel=\"nofollow noopener\"><b>nuestro sitio web oficial<\/b><\/a><b> y la app de TV Azteca En Vivo y los domingos de 8:00 a 11:00 pm. <\/b><\/p>\n","protected":false},"excerpt":{"rendered":"Este jueves de Delantales Negros en MasterChef 24\/7 conocimos a los Participantes que podr\u00edan abandonar el reality show&hellip;\n","protected":false},"author":2,"featured_media":650747,"comment_status":"","ping_status":"","sticky":false,"template":"","format":"standard","meta":{"footnotes":""},"categories":[171],"tags":[119441,146,147,25,24,15297,117977,119443,119442,119440,23,214],"class_list":["post-650746","post","type-post","status-publish","format-standard","has-post-thumbnail","category-tv","tag-delantales-negros-masterchef","tag-entertainment","tag-entretenimiento","tag-es","tag-espana","tag-masterchef","tag-masterchef-hoy","tag-masterchef-jueves","tag-que-paso-en-masterchef","tag-quien-salio-de-masterchef","tag-spain","tag-tv"],"share_on_mastodon":{"url":"https:\/\/pubeurope.com\/@es\/116894317108765162","error":""},"_links":{"self":[{"href":"https:\/\/www.europesays.com\/es\/wp-json\/wp\/v2\/posts\/650746","targetHints":{"allow":["GET"]}}],"collection":[{"href":"https:\/\/www.europesays.com\/es\/wp-json\/wp\/v2\/posts"}],"about":[{"href":"https:\/\/www.europesays.com\/es\/wp-json\/wp\/v2\/types\/post"}],"author":[{"embeddable":true,"href":"https:\/\/www.europesays.com\/es\/wp-json\/wp\/v2\/users\/2"}],"replies":[{"embeddable":true,"href":"https:\/\/www.europesays.com\/es\/wp-json\/wp\/v2\/comments?post=650746"}],"version-history":[{"count":0,"href":"https:\/\/www.europesays.com\/es\/wp-json\/wp\/v2\/posts\/650746\/revisions"}],"wp:featuredmedia":[{"embeddable":true,"href":"https:\/\/www.europesays.com\/es\/wp-json\/wp\/v2\/media\/650747"}],"wp:attachment":[{"href":"https:\/\/www.europesays.com\/es\/wp-json\/wp\/v2\/media?parent=650746"}],"wp:term":[{"taxonomy":"category","embeddable":true,"href":"https:\/\/www.europesays.com\/es\/wp-json\/wp\/v2\/categories?post=650746"},{"taxonomy":"post_tag","embeddable":true,"href":"https:\/\/www.europesays.com\/es\/wp-json\/wp\/v2\/tags?post=650746"}],"curies":[{"name":"wp","href":"https:\/\/api.w.org\/{rel}","templated":true}]}}