{"id":650770,"date":"2026-07-10T07:00:13","date_gmt":"2026-07-10T07:00:13","guid":{"rendered":"https:\/\/www.europesays.com\/es\/650770\/"},"modified":"2026-07-10T07:00:13","modified_gmt":"2026-07-10T07:00:13","slug":"la-presentadora-rocio-madrid-rehabilita-una-cabana-en-luena-cantabria-es-un-lugar-eterno-por-descubrir","status":"publish","type":"post","link":"https:\/\/www.europesays.com\/es\/650770\/","title":{"rendered":"La presentadora Roc\u00edo Madrid rehabilita una caba\u00f1a en Luena: \u00abCantabria es un lugar eterno por descubrir\u00bb"},"content":{"rendered":"<p style=\"\">La presentadora y actriz Roc\u00edo Madrid (M\u00e1laga, 1978), conocida por sus apariciones en &#8216;Cr\u00f3nicas Marcianas&#8217; y &#8216;Supervivientes&#8217;, contin\u00faa dando pasos en el cambio de vida  &#8230; que emprendi\u00f3 hace a\u00f1os lejos de los focos. La malague\u00f1a est\u00e1 inmersa en la rehabilitaci\u00f3n de una caba\u00f1a pasiega en el municipio de Luena, un proyecto para el que ya existe una propuesta favorable de autorizaci\u00f3n por parte del Gobierno de Cantabria.<\/p>\n<p class=\"v-d-p\" style=\"\">A trav\u00e9s de su cuenta de Instagram, la propia Roc\u00edo desvel\u00f3 hace unas semanas que estaba a punto de arrancar un sue\u00f1o en el que llevaba \u00aba\u00f1o y medio\u00bb trabajando. Su v\u00ednculo con la regi\u00f3n viene de atr\u00e1s: \u00abVisit\u00e9 Valles Pasiegos hace casi dos a\u00f1os, en invierno, y me enamor\u00e9 perdidamente\u00bb, explicaba a sus seguidores. Fue entonces cuando decidi\u00f3 dar el paso y comprar la caba\u00f1a junto a su pareja, \u00c1ngel Morales Cuerva, y dos amigos, con el claro objetivo de \u00abdevolverle la vida que en su tiempo tuvo\u00bb.<\/p>\n<p class=\"v-d-p\" style=\"\">La solicitud de obra a la Crotu, promovida por la propia presentadora, plantea la rehabilitaci\u00f3n y el cambio de uso de la edificaci\u00f3n a vivienda en una parcela ubicada en suelo no urbanizable de Luena. El expediente, que sali\u00f3 a informaci\u00f3n p\u00fablica en diciembre de 2025, cuenta con una propuesta de acuerdo favorable. Eso s\u00ed, con la condici\u00f3n de respetar el proyecto original y soterrar el cableado (el\u00e9ctrico, telef\u00f3nico y de televisi\u00f3n) para proteger el paisaje y minimizar cualquier impacto visual.<\/p>\n<p class=\"v-d-p\" style=\"\">Seg\u00fan la documentaci\u00f3n t\u00e9cnica, el inmueble -cuya existencia puede acreditarse desde el a\u00f1o 1956 gracias a los vuelos fotogram\u00e9tricos del Gobierno de Cantabria- tiene una superficie de 138 metros cuadrados seg\u00fan el Catastro, aunque la documentaci\u00f3n aportada por la promotora la cifra en 155,58 metros cuadrados.<\/p>\n<p class=\"v-d-p\" style=\"\">El proyecto de la que fuera uno de los rostros m\u00e1s queridos de &#8216;Cr\u00f3nicas Marcianas&#8217; pretende conservar la imagen tradicional de la construcci\u00f3n \u00abdesde el m\u00e1ximo respeto a la incre\u00edble naturaleza de este lugar y su cultura\u00bb. Adem\u00e1s, sus palabras en redes, donde expres\u00f3 su deseo de convertir la caba\u00f1a \u00aben un lugar donde pod\u00e1is ser muy felices todos los que decid\u00e1is visitar esta tierra llena de belleza\u00bb, apuntan a que el inmueble podr\u00eda tener un uso abierto al turismo.<\/p>\n<p class=\"v-d-p\" style=\"\">Para hacerlo realidad, la presentadora ha mostrado su agradecimiento y confianza en la empresa encargada de la rehabilitaci\u00f3n, Refyconstrns J.A. Ortiz, con la que ya comparte ilusionada los primeros avances de las obras.<\/p>\n<p>\nDe los plat\u00f3s al campo\n<\/p>\n<p class=\"v-d-p\" style=\"\">Este proyecto en Cantabria supone un paso m\u00e1s en el giro vital que Roc\u00edo Madrid inici\u00f3 hace siete a\u00f1os. La actriz, conocida tambi\u00e9n por su participaci\u00f3n en programas como &#8216;Tu cara me suena&#8217; y &#8216;Supervivientes&#8217;, explic\u00f3 hace tiempo que abandonaba Madrid y Barcelona tras atravesar una crisis personal para regresar a su M\u00e1laga natal e instalarse en el campo.<\/p>\n<p class=\"v-d-p\" style=\"\">Desde entonces, est\u00e1 detr\u00e1s del proyecto agr\u00edcola Pitayas La M\u00edstica, dedicado al cultivo sostenible de estas frutas ex\u00f3ticas mediante t\u00e9cnicas biodin\u00e1micas. \u00abMi compromiso con la naturaleza es real. As\u00ed soy feliz\u00bb, escrib\u00eda recientemente, dejando claro que su nueva aventura en los Valles Pasiegos no es una an\u00e9cdota, sino la continuaci\u00f3n natural de una forma de entender la vida.<\/p>\n<p class=\"v-d-p\" style=\"\">Su v\u00ednculo con Cantabria tambi\u00e9n se refleja en sus redes sociales. A finales de junio comparti\u00f3 varias im\u00e1genes de los Valles Pasiegos, entre ellas fotograf\u00edas de la caba\u00f1a, paisajes de la zona y un plato de cocido monta\u00f1\u00e9s. Las acompa\u00f1\u00f3 con el mensaje: \u00abCantabria es un lugar eterno por descubrir. Los Valles Pasiegos m\u00e1s a\u00fan. En invierno vine y me enamor\u00e9 perdidamente y aqu\u00ed estoy de nuevo descubriendo m\u00e1s y con proyectos preciosos a la vista\u00bb, una publicaci\u00f3n que coincid\u00eda con el desarrollo del proyecto de rehabilitaci\u00f3n en Luena.<\/p>\n","protected":false},"excerpt":{"rendered":"La presentadora y actriz Roc\u00edo Madrid (M\u00e1laga, 1978), conocida por sus apariciones en &#8216;Cr\u00f3nicas Marcianas&#8217; y &#8216;Supervivientes&#8217;, contin\u00faa&hellip;\n","protected":false},"author":2,"featured_media":650771,"comment_status":"","ping_status":"","sticky":false,"template":"","format":"standard","meta":{"footnotes":""},"categories":[174],"tags":[49545,2771,255,2238,146,147,25,24,26826,256,119446,2676,205,27834,60681,3152,23],"class_list":["post-650770","post","type-post","status-publish","format-standard","has-post-thumbnail","category-famosos","tag-cabana","tag-cantabria","tag-celebrities","tag-descubrir","tag-entertainment","tag-entretenimiento","tag-es","tag-espana","tag-eterno","tag-famosos","tag-luena","tag-lugar","tag-madrid","tag-presentadora","tag-rehabilita","tag-rocio","tag-spain"],"share_on_mastodon":{"url":"https:\/\/pubeurope.com\/@es\/116894395644698291","error":""},"_links":{"self":[{"href":"https:\/\/www.europesays.com\/es\/wp-json\/wp\/v2\/posts\/650770","targetHints":{"allow":["GET"]}}],"collection":[{"href":"https:\/\/www.europesays.com\/es\/wp-json\/wp\/v2\/posts"}],"about":[{"href":"https:\/\/www.europesays.com\/es\/wp-json\/wp\/v2\/types\/post"}],"author":[{"embeddable":true,"href":"https:\/\/www.europesays.com\/es\/wp-json\/wp\/v2\/users\/2"}],"replies":[{"embeddable":true,"href":"https:\/\/www.europesays.com\/es\/wp-json\/wp\/v2\/comments?post=650770"}],"version-history":[{"count":0,"href":"https:\/\/www.europesays.com\/es\/wp-json\/wp\/v2\/posts\/650770\/revisions"}],"wp:featuredmedia":[{"embeddable":true,"href":"https:\/\/www.europesays.com\/es\/wp-json\/wp\/v2\/media\/650771"}],"wp:attachment":[{"href":"https:\/\/www.europesays.com\/es\/wp-json\/wp\/v2\/media?parent=650770"}],"wp:term":[{"taxonomy":"category","embeddable":true,"href":"https:\/\/www.europesays.com\/es\/wp-json\/wp\/v2\/categories?post=650770"},{"taxonomy":"post_tag","embeddable":true,"href":"https:\/\/www.europesays.com\/es\/wp-json\/wp\/v2\/tags?post=650770"}],"curies":[{"name":"wp","href":"https:\/\/api.w.org\/{rel}","templated":true}]}}