{"id":650834,"date":"2026-07-10T07:54:22","date_gmt":"2026-07-10T07:54:22","guid":{"rendered":"https:\/\/www.europesays.com\/es\/650834\/"},"modified":"2026-07-10T07:54:22","modified_gmt":"2026-07-10T07:54:22","slug":"audiencias-tv-jueves-9-de-julio-rtve-barre-con-el-triunfo-de-francia-en-el-mundial-48-7-y-el-perro-andaluz-21-8-ladra-alto-tambien-de-madrugada","status":"publish","type":"post","link":"https:\/\/www.europesays.com\/es\/650834\/","title":{"rendered":"Audiencias TV jueves 9 de julio RTVE barre con el triunfo de Francia en el Mundial (48.7%) y &#8216;El perro andaluz&#8217; (21.8%) ladra alto tambi\u00e9n de madrugada"},"content":{"rendered":"<ul>\n<li><strong>PROGRAMAS CON MEJOR CUOTA DEL JUEVES (POR CADENAS)<\/strong><\/li>\n<\/ul>\n<tr>\n<td colspan=\"2\" class=\"                                                \">\n                    <strong>                    La 1:<br \/>\n                    <\/strong>                <\/td>\n<td class=\"                                                \">\n                                        Futbol: Copa mundial: Francia-Marruecos: 1: 4\n                                    <\/td>\n<td class=\"new_share__tbl--5                                                \">\n                                        48.7%\n                                    <\/td>\n<\/tr>\n<tr>\n<td colspan=\"2\" class=\"                                                \">\n                    <strong>                    Antena 3:<br \/>\n                    <\/strong>                <\/td>\n<td class=\"                                                \">\n                                        La ruleta de la suerte\n                                    <\/td>\n<td class=\"new_share__tbl--5                                                \">\n                                        20.9%\n                                    <\/td>\n<\/tr>\n<tr>\n<td colspan=\"2\" class=\"                                                \">\n                    <strong>                    Telecinco:<br \/>\n                    <\/strong>                <\/td>\n<td class=\"                                                \">\n                                        La mirada cr\u00edtica\n                                    <\/td>\n<td class=\"new_share__tbl--5                                                \">\n                                        10.4%\n                                    <\/td>\n<\/tr>\n<tr>\n<td colspan=\"2\" class=\"                                                \">\n                    <strong>                    laSexta:<br \/>\n                    <\/strong>                <\/td>\n<td class=\"                                                \">\n                                        Aruser@s fresh\n                                    <\/td>\n<td class=\"new_share__tbl--5                                                \">\n                                        8.3%\n                                    <\/td>\n<\/tr>\n<tr>\n<td colspan=\"2\" class=\"                                                \">\n                    <strong>                    Cuatro:<br \/>\n                    <\/strong>                <\/td>\n<td class=\"                                                \">\n                                        En boca de todos\n                                    <\/td>\n<td class=\"new_share__tbl--5                                                \">\n                                        7.5%\n                                    <\/td>\n<\/tr>\n<tr>\n<td colspan=\"2\" class=\"                                                \">\n                    <strong>                    La 2:<br \/>\n                    <\/strong>                <\/td>\n<td class=\"                                                \">\n                                        Malas lenguas\n                                    <\/td>\n<td class=\"new_share__tbl--5                                                \">\n                                        7.2%\n                                    <\/td>\n<\/tr>\n<tr>\n<td colspan=\"2\" class=\"                                                \">\n                    <strong>                    Informativo con mejor share:<br \/>\n                    <\/strong>                <\/td>\n<td class=\"                                                \">\n                                        Antena 3 Noticias 1\n                                    <\/td>\n<td class=\"new_share__tbl--5                                                \">\n                                        21.9%\n                                    <\/td>\n<\/tr>\n<p class=\"article-text\">\n        *Programas emitidos entre las 07:30 y las 01:00 horas\n    <\/p>\n<p>    <a href=\"https:\/\/www.eldiario.es\/vertele\/audiencias-tv\/jueves-9-julio-2026-tour-francia-escala-rtve-liderar-sobremesa-sonsoles-distancia-despues-lunes-viernes_1_13370306.html\" data-mrf-recirculation=\"saber-mas\" data-dl-event=\"saber-mas\" rel=\"nofollow noopener\" target=\"_blank\"><\/p>\n<p class=\"know-more__title\">M\u00c1S AUDIENCIAS | El Tour de Francia (15.4%) escala en La 1 para liderar la sobremesa y Sonsoles se distancia despu\u00e9s de &#8216;De lunes a viernes&#8217;<\/p>\n<p>            <img decoding=\"async\" class=\"lazy\" loading=\"lazy\" data-src=\"https:\/\/static.eldiario.es\/clip\/19e52944-936d-40be-af64-694c6e2a03de_16-9-aspect-ratio_default_0.jpg\" src=\"data:image\/svg+xml,%3Csvg xmlns=\" http:=\"\" viewbox=\"0 0 880 495\" alt=\"El Tour de Francia (15.4%) escala en La 1 para liderar la sobremesa y Sonsoles se distancia despu\u00e9s de 'De lunes a viernes'\"\/><\/p>\n<p>                        <\/a><\/p>\n<p class=\"article-text\">\n        \u201cF\u00fatbol: Copa Mundial\u201d (La 1), a las 22:43 con 6.970.140 espectadores y un 53.7% de share\n    <\/p>\n<p>    D\u00eda<\/p>\n<tr>\n<td class=\"                                                \">\n                                        La 1\n                                    <\/td>\n<td class=\"new_share__tbl--5                                                \">\n                                        22.8%\n                                    <\/td>\n<\/tr>\n<tr>\n<td class=\"                                                \">\n                                        Antena 3\n                                    <\/td>\n<td class=\"new_share__tbl--5                                                \">\n                                        11%\n                                    <\/td>\n<\/tr>\n<tr>\n<td class=\"                                                \">\n                                        Auton\u00f3micas (FORTA)\n                                    <\/td>\n<td class=\"new_share__tbl--5                                                \">\n                                        7.8%\n                                    <\/td>\n<\/tr>\n<tr>\n<td class=\"                                                \">\n                                        Telecinco\n                                    <\/td>\n<td class=\"new_share__tbl--5                                                \">\n                                        6.7%\n                                    <\/td>\n<\/tr>\n<tr>\n<td class=\"                                                \">\n                                        Cuatro\n                                    <\/td>\n<td class=\"new_share__tbl--5                                                \">\n                                        5.6%\n                                    <\/td>\n<\/tr>\n<tr>\n<td class=\"                                                \">\n                                        laSexta\n                                    <\/td>\n<td class=\"new_share__tbl--5                                                \">\n                                        4.8%\n                                    <\/td>\n<\/tr>\n<tr>\n<td class=\"                                                \">\n                                        La 2\n                                    <\/td>\n<td class=\"new_share__tbl--5                                                \">\n                                        3.6%\n                                    <\/td>\n<\/tr>\n<tr>\n<td class=\"                                                \">\n                                        Auton\u00f3micas privadas\n                                    <\/td>\n<td class=\"new_share__tbl--5                                                \">\n                                        0.2%\n                                    <\/td>\n<\/tr>\n<p>    Mes<\/p>\n<tr>\n<td class=\"                                                \">\n                                        La 1\n                                    <\/td>\n<td class=\"new_share__tbl--5                                                \">\n                                        19.6%\n                                    <\/td>\n<\/tr>\n<tr>\n<td class=\"                                                \">\n                                        Antena 3\n                                    <\/td>\n<td class=\"new_share__tbl--5                                                \">\n                                        11.5%\n                                    <\/td>\n<\/tr>\n<tr>\n<td class=\"                                                \">\n                                        Auton\u00f3micas (FORTA)\n                                    <\/td>\n<td class=\"new_share__tbl--5                                                \">\n                                        7.7%\n                                    <\/td>\n<\/tr>\n<tr>\n<td class=\"                                                \">\n                                        Telecinco\n                                    <\/td>\n<td class=\"new_share__tbl--5                                                \">\n                                        6.9%\n                                    <\/td>\n<\/tr>\n<tr>\n<td class=\"                                                \">\n                                        Cuatro\n                                    <\/td>\n<td class=\"new_share__tbl--5                                                \">\n                                        5.5%\n                                    <\/td>\n<\/tr>\n<tr>\n<td class=\"                                                \">\n                                        laSexta\n                                    <\/td>\n<td class=\"new_share__tbl--5                                                \">\n                                        5%\n                                    <\/td>\n<\/tr>\n<tr>\n<td class=\"                                                \">\n                                        La 2\n                                    <\/td>\n<td class=\"new_share__tbl--5                                                \">\n                                        3.5%\n                                    <\/td>\n<\/tr>\n<tr>\n<td class=\"                                                \">\n                                        Auton\u00f3micas privadas\n                                    <\/td>\n<td class=\"new_share__tbl--5                                                \">\n                                        0.2%\n                                    <\/td>\n<\/tr>\n<tr class=\"article-tvchannel\">\n<td colspan=\"3\">\n                    <img decoding=\"async\" src=\"https:\/\/www.europesays.com\/es\/wp-content\/uploads\/2026\/07\/telecinco-larga-2024.png\" alt=\"Telecinco larga 2024\" style=\"max-width: 150px\"\/>\n                <\/td>\n<\/tr>\n<tr>\n<td class=\"                                                \">\n                                        Ella, maldita alma\n                                    <\/td>\n<td class=\"new_share__tbl--5                                                \">\n                                        4.4%\n                                    <\/td>\n<td class=\"                        new_share__tbl--10                        \">\n                                        161.000\n                                    <\/td>\n<\/tr>\n<tr>\n<td class=\"                                                \">\n                                        Gran Madrid show\n                                    <\/td>\n<td class=\"new_share__tbl--5                                                \">\n                                        3.2%\n                                    <\/td>\n<td class=\"                        new_share__tbl--10                        \">\n                                        68.000\n                                    <\/td>\n<\/tr>\n<tr class=\"article-tvchannel\">\n<td colspan=\"3\">\n                    <img decoding=\"async\" src=\"https:\/\/www.europesays.com\/es\/wp-content\/uploads\/2026\/07\/la1-2026.png\" alt=\"La1 - 2026\" style=\"max-width: 150px\"\/>\n                <\/td>\n<\/tr>\n<tr>\n<td class=\"                                                \">\n                                        El perro andaluz by manu sanchez: Maria del Monte-Paula Vazquez\n                                    <\/td>\n<td class=\"new_share__tbl--5                                                \">\n                                        21.8%\n                                    <\/td>\n<td class=\"                        new_share__tbl--10                        \">\n                                        1.071.000\n                                    <\/td>\n<\/tr>\n<tr>\n<td class=\"                                                \">\n                                        El perro andaluz by manu sanchez: Ni\u00f1a Pastori-Anabel Alonso\n                                    <\/td>\n<td class=\"new_share__tbl--5                                                \">\n                                        15.2%\n                                    <\/td>\n<td class=\"                        new_share__tbl--10                        \">\n                                        341.000\n                                    <\/td>\n<\/tr>\n<tr class=\"article-tvchannel\">\n<td colspan=\"3\">\n                    <img decoding=\"async\" src=\"https:\/\/www.europesays.com\/es\/wp-content\/uploads\/2026\/07\/bf338975-ea7e-4169-9587-70789a0e0f39_source-aspect-ratio_default_0.jpg\" alt=\"cuatro_larga\" style=\"max-width: 150px\"\/>\n                <\/td>\n<\/tr>\n<tr>\n<td class=\"                                                \">\n                                        Callejeros: Un d\u00eda en benidorm\n                                    <\/td>\n<td class=\"new_share__tbl--5                                                \">\n                                        5.2%\n                                    <\/td>\n<td class=\"                        new_share__tbl--10                        \">\n                                        160.000\n                                    <\/td>\n<\/tr>\n<tr>\n<td class=\"                                                \">\n                                        En el punto de mira: Boom turistico\n                                    <\/td>\n<td class=\"new_share__tbl--5                                                \">\n                                        4.6%\n                                    <\/td>\n<td class=\"                        new_share__tbl--10                        \">\n                                        89.000\n                                    <\/td>\n<\/tr>\n<tr class=\"article-tvchannel\">\n<td colspan=\"3\">\n                    <img decoding=\"async\" src=\"https:\/\/www.europesays.com\/es\/wp-content\/uploads\/2026\/07\/la2-2026.png\" alt=\"La2 - 2026\" style=\"max-width: 150px\"\/>\n                <\/td>\n<\/tr>\n<tr>\n<td class=\"                                                \">\n                                        Cine: Gaza mon amour\n                                    <\/td>\n<td class=\"new_share__tbl--5                                                \">\n                                        1.4%\n                                    <\/td>\n<td class=\"                        new_share__tbl--10                        \">\n                                        61.000\n                                    <\/td>\n<\/tr>\n<tr>\n<td class=\"                                                \">\n                                        Conciertos radio 3: Juana everett\n                                    <\/td>\n<td class=\"new_share__tbl--5                                                \">\n                                        0.5%\n                                    <\/td>\n<td class=\"                        new_share__tbl--10                        \">\n                                        11.000\n                                    <\/td>\n<\/tr>\n<p class=\"article-text\">\n        <strong>SOBREMESA<\/strong>\n    <\/p>\n<tr>\n<td class=\"                                                \">\n                                        Antena 3 Noticias 1\n                                    <\/td>\n<td class=\"new_share__tbl--5                                                \">\n                                        21.9%\n                                    <\/td>\n<td class=\"                        new_share__tbl--10                        \">\n                                        1.995.000\n                                    <\/td>\n<\/tr>\n<tr>\n<td class=\"                                                \">\n                                        Telediario 1\n                                    <\/td>\n<td class=\"new_share__tbl--5                                                \">\n                                        13.1%\n                                    <\/td>\n<td class=\"                        new_share__tbl--10                        \">\n                                        1.192.000\n                                    <\/td>\n<\/tr>\n<tr>\n<td class=\"                                                \">\n                                        Informativos Telecinco 15h\n                                    <\/td>\n<td class=\"new_share__tbl--5                                                \">\n                                        8.3%\n                                    <\/td>\n<td class=\"                        new_share__tbl--10                        \">\n                                        756.000\n                                    <\/td>\n<\/tr>\n<tr>\n<td class=\"                                                \">\n                                        laSexta Noticias 14h\n                                    <\/td>\n<td class=\"new_share__tbl--5                                                \">\n                                        8.2%\n                                    <\/td>\n<td class=\"                        new_share__tbl--10                        \">\n                                        668.000\n                                    <\/td>\n<\/tr>\n<tr>\n<td class=\"                                                \">\n                                        Jugones\n                                    <\/td>\n<td class=\"new_share__tbl--5                                                \">\n                                        5.2%\n                                    <\/td>\n<td class=\"                        new_share__tbl--10                        \">\n                                        479.000\n                                    <\/td>\n<\/tr>\n<tr>\n<td class=\"                                                \">\n                                        Noticias Cuatro 1\n                                    <\/td>\n<td class=\"new_share__tbl--5                                                \">\n                                        7.2%\n                                    <\/td>\n<td class=\"                        new_share__tbl--10                        \">\n                                        496.000\n                                    <\/td>\n<\/tr>\n<tr>\n<td class=\"                                                \">\n                                        El Desmarque Cuatro 1\n                                    <\/td>\n<td class=\"new_share__tbl--5                                                \">\n                                        4.3%\n                                    <\/td>\n<td class=\"                        new_share__tbl--10                        \">\n                                        389.000\n                                    <\/td>\n<\/tr>\n<p class=\"article-text\">\n        <strong>PRIME TIME<\/strong>\n    <\/p>\n<tr>\n<td class=\"                                                \">\n                                        Antena 3 Noticias 2\n                                    <\/td>\n<td class=\"new_share__tbl--5                                                \">\n                                        17.7%\n                                    <\/td>\n<td class=\"                        new_share__tbl--10                        \">\n                                        1.601.000\n                                    <\/td>\n<\/tr>\n<tr>\n<td class=\"                                                \">\n                                        Telediario 2\n                                    <\/td>\n<td class=\"new_share__tbl--5                                                \">\n                                        17.2%\n                                    <\/td>\n<td class=\"                        new_share__tbl--10                        \">\n                                        1.533.000\n                                    <\/td>\n<\/tr>\n<tr>\n<td class=\"                                                \">\n                                        laSexta Noticias 20h\n                                    <\/td>\n<td class=\"new_share__tbl--5                                                \">\n                                        7.8%\n                                    <\/td>\n<td class=\"                        new_share__tbl--10                        \">\n                                        565.000\n                                    <\/td>\n<\/tr>\n<tr>\n<td class=\"                                                \">\n                                        Informativos Telecinco 21h\n                                    <\/td>\n<td class=\"new_share__tbl--5                                                \">\n                                        7.1%\n                                    <\/td>\n<td class=\"                        new_share__tbl--10                        \">\n                                        631.000\n                                    <\/td>\n<\/tr>\n<tr>\n<td class=\"                                                \">\n                                        Noticias Cuatro 2\n                                    <\/td>\n<td class=\"new_share__tbl--5                                                \">\n                                        6.6%\n                                    <\/td>\n<td class=\"                        new_share__tbl--10                        \">\n                                        474.000\n                                    <\/td>\n<\/tr>\n<p class=\"article-text\">\n        <strong>FRANJA MATINAL<\/strong>\n    <\/p>\n<tr>\n<td class=\"                                                \">\n                                        Telediario matinal\n                                    <\/td>\n<td class=\"new_share__tbl--5                                                \">\n                                        18.4%\n                                    <\/td>\n<td class=\"                        new_share__tbl--10                        \">\n                                        105.000\n                                    <\/td>\n<\/tr>\n<tr>\n<td class=\"                                                \">\n                                        Antena 3 Noticias de la ma\u00f1ana\n                                    <\/td>\n<td class=\"new_share__tbl--5                                                \">\n                                        12.9%\n                                    <\/td>\n<td class=\"                        new_share__tbl--10                        \">\n                                        103.000\n                                    <\/td>\n<\/tr>\n<tr>\n<td class=\"                                                \">\n                                        El Matinal (Telecinco)\n                                    <\/td>\n<td class=\"new_share__tbl--5                                                \">\n                                        7.3%\n                                    <\/td>\n<td class=\"                        new_share__tbl--10                        \">\n                                        127.000\n                                    <\/td>\n<\/tr>\n<p>    <a href=\"https:\/\/www.eldiario.es\/vertele\/noticias\/mediaset-anuncia-demanda-atresmedia-alaz-prueba-sustituye-rosco-pasapalabra-diferencias-similitudes-antena-3-telecinco_1_13368709.html\" data-mrf-recirculation=\"saber-mas-abajo\" data-dl-event=\"saber-mas-abajo\" rel=\"nofollow noopener\" target=\"_blank\"><\/p>\n<p class=\"know-more__title\">Mediaset anuncia una demanda contra Atresmedia por &#8216;AlaZ&#8217;, la prueba que sustituye a &#8216;El Rosco&#8217; en &#8216;Pasapalabra&#8217;\n<\/p>\n<p>            <img decoding=\"async\" class=\"lazy\" loading=\"lazy\" data-src=\"https:\/\/static.eldiario.es\/clip\/9f408bde-8f5c-4e9d-8818-4d3aa8515713_16-9-aspect-ratio_default_0.jpg\" src=\"data:image\/svg+xml,%3Csvg xmlns=\" http:=\"\" viewbox=\"0 0 880 495\" alt=\"Mediaset anuncia una demanda contra Atresmedia por 'AlaZ', la prueba que sustituye a 'El Rosco' en 'Pasapalabra'\"\/><\/p>\n<p>                        <\/a><\/p>\n<p class=\"article-text\">\n        Todos los datos de audiencia de este informe son CON invitados y CON segundas residencias, el est\u00e1ndar del sector acordado por las cadenas con Kantar Media y aceptado por los anunciantes. Kantar Media, como fabricante de la base de datos que contiene los \u00edndices de audiencia, es la propietaria exclusiva de la informaci\u00f3n suministrada a Vertele. Cualquier utilizaci\u00f3n o reutilizaci\u00f3n de los datos y el uso indebido de los productos Kantar Media S.A. dar\u00e1 lugar a las correspondientes responsabilidades legales.\n    <\/p>\n","protected":false},"excerpt":{"rendered":"PROGRAMAS CON MEJOR CUOTA DEL JUEVES (POR CADENAS) La 1: Futbol: Copa mundial: Francia-Marruecos: 1: 4 48.7% Antena&hellip;\n","protected":false},"author":2,"featured_media":650835,"comment_status":"","ping_status":"","sticky":false,"template":"","format":"standard","meta":{"footnotes":""},"categories":[91],"tags":[3196,16470,13048,146,147,25,24,317,119457,119458,17745,1070,8515,518,23,2886],"class_list":["post-650834","post","type-post","status-publish","format-standard","has-post-thumbnail","category-entretenimiento","tag-alto","tag-andaluz","tag-barre","tag-entertainment","tag-entretenimiento","tag-es","tag-espana","tag-francia","tag-jueves-9-julio-2026","tag-ladra","tag-madrugada","tag-mundial","tag-perro","tag-rtve","tag-spain","tag-triunfo"],"share_on_mastodon":{"url":"https:\/\/pubeurope.com\/@es\/116894609240663092","error":""},"_links":{"self":[{"href":"https:\/\/www.europesays.com\/es\/wp-json\/wp\/v2\/posts\/650834","targetHints":{"allow":["GET"]}}],"collection":[{"href":"https:\/\/www.europesays.com\/es\/wp-json\/wp\/v2\/posts"}],"about":[{"href":"https:\/\/www.europesays.com\/es\/wp-json\/wp\/v2\/types\/post"}],"author":[{"embeddable":true,"href":"https:\/\/www.europesays.com\/es\/wp-json\/wp\/v2\/users\/2"}],"replies":[{"embeddable":true,"href":"https:\/\/www.europesays.com\/es\/wp-json\/wp\/v2\/comments?post=650834"}],"version-history":[{"count":0,"href":"https:\/\/www.europesays.com\/es\/wp-json\/wp\/v2\/posts\/650834\/revisions"}],"wp:featuredmedia":[{"embeddable":true,"href":"https:\/\/www.europesays.com\/es\/wp-json\/wp\/v2\/media\/650835"}],"wp:attachment":[{"href":"https:\/\/www.europesays.com\/es\/wp-json\/wp\/v2\/media?parent=650834"}],"wp:term":[{"taxonomy":"category","embeddable":true,"href":"https:\/\/www.europesays.com\/es\/wp-json\/wp\/v2\/categories?post=650834"},{"taxonomy":"post_tag","embeddable":true,"href":"https:\/\/www.europesays.com\/es\/wp-json\/wp\/v2\/tags?post=650834"}],"curies":[{"name":"wp","href":"https:\/\/api.w.org\/{rel}","templated":true}]}}