{"id":651085,"date":"2026-07-10T11:23:18","date_gmt":"2026-07-10T11:23:18","guid":{"rendered":"https:\/\/www.europesays.com\/es\/651085\/"},"modified":"2026-07-10T11:23:18","modified_gmt":"2026-07-10T11:23:18","slug":"donde-ver-la-hardrock-100-en-directo-tv-canal-y-horarios-desde-espana","status":"publish","type":"post","link":"https:\/\/www.europesays.com\/es\/651085\/","title":{"rendered":"D\u00f3nde ver la Hardrock 100 en directo: TV, canal y horarios desde Espa\u00f1a"},"content":{"rendered":"<p class=\"ft-text\"><strong>Hardrock 100 <\/strong>se pone en marcha este viernes 10 de julio a las <strong>14:00 horas en Espa\u00f1a<\/strong>, en Silverton, un antiguo pueblo minero de Colorado a m\u00e1s de 2.800 metros de altitud. Ciento cuarenta y siete corredores <a class=\"ft-link ft-link--decoration\" href=\"https:\/\/www.sport.es\/es\/noticias\/outdoor\/tom-evans-courtney-dauwalter-cabezas-132191977\" rel=\"nofollow noopener\" target=\"_blank\">afrontar\u00e1n 163,8 kil\u00f3metros y unos 10.060 metros de desnivel positivo<\/a>, con un l\u00edmite de 48 horas para completar el circuito y \u00abbesar la roca\u00bb que da nombre a la prueba.<\/p>\n<p class=\"ft-text\">Este a\u00f1o el recorrido se corre en <strong>sentido horario<\/strong>, lo que la organizaci\u00f3n describe como \u00absubir muros y bajar rampas\u00bb: ascensiones m\u00e1s cortas y empinadas al principio, seguidas de descensos largos y progresivos en la segunda mitad. El punto m\u00e1s alto llega en el kil\u00f3metro 102, en la cima del Handies Peak, a 4.281 metros.<\/p>\n<p class=\"ft-text\">En la carrera masculina, el gran favorito es <strong>Ludovic Pommeret<\/strong>, bicampe\u00f3n defensor y poseedor del r\u00e9cord absoluto del recorrido con 21:33:06. El franc\u00e9s, de 50 a\u00f1os, buscar\u00e1 su tercer t\u00edtulo consecutivo ante la amenaza de <strong>Tom Evans<\/strong>, ganador de Western States 2023 y del UTMB 2025, a un triunfo aqu\u00ed de completar tres de los cuatro grandes cienmilistas del mundo. <strong>Jimmy Elam<\/strong>, en racha de seis victorias consecutivas en monta\u00f1a, completa el tr\u00edo de referencia.<\/p>\n<p class=\"ft-text\">En mujeres, <strong>Courtney Dauwalter<\/strong> parte como favorita clara para sumar su cuarto t\u00edtulo, aunque llega apenas 65 d\u00edas despu\u00e9s de disputar el Cocodona 250. Su principal amenaza es <strong>Careth Arnold<\/strong>, debutante en Hardrock pero campeona del TDS 2025, mientras que <strong>Tara Dower<\/strong> afronta el exigente doblete de correr Western States y Hardrock con solo 13 d\u00edas de diferencia. <\/p>\n<p class=\"ft-text\">La ausencia m\u00e1s notable es la de <strong>Katie Schide<\/strong>, r\u00e9cord absoluto del recorrido, que no correr\u00e1 este a\u00f1o por lesi\u00f3n.<\/p>\n<p>C\u00f3mo seguir la Hardrock 100 en directo y online desde Espa\u00f1a<\/p>\n<p class=\"ft-text\">La organizaci\u00f3n ofrecer\u00e1 seis retransmisiones en directo a lo largo de las 48 horas de carrera a trav\u00e9s de su canal de <strong>YouTube <\/strong>y de <strong>Mountain Outpost<\/strong>. <\/p>\n<p class=\"ft-text\">El seguimiento GPS de cada corredor, con los tiempos de paso por cada avituallamiento, <strong>estar\u00e1 disponible en la web oficial de Hardrock100.com<\/strong> desde la misma ma\u00f1ana del viernes. <\/p>\n<p class=\"ft-text\">Para quienes prefieran un seguimiento en texto con actualizaciones constantes desde el propio recorrido, <strong>iRunFar<\/strong> desplegar\u00e1 reporteros en varios puntos del circuito durante todo el fin de semana.<\/p>\n","protected":false},"excerpt":{"rendered":"Hardrock 100 se pone en marcha este viernes 10 de julio a las 14:00 horas en Espa\u00f1a, en&hellip;\n","protected":false},"author":2,"featured_media":651086,"comment_status":"","ping_status":"","sticky":false,"template":"","format":"standard","meta":{"footnotes":""},"categories":[171],"tags":[21882,2125,146,147,25,24,119491,4074,23,18042,214,809],"class_list":["post-651085","post","type-post","status-publish","format-standard","has-post-thumbnail","category-tv","tag-21882","tag-directo","tag-entertainment","tag-entretenimiento","tag-es","tag-espana","tag-hardrock","tag-horarios","tag-spain","tag-trail","tag-tv","tag-ver"],"share_on_mastodon":{"url":"https:\/\/pubeurope.com\/@es\/116895429937018631","error":""},"_links":{"self":[{"href":"https:\/\/www.europesays.com\/es\/wp-json\/wp\/v2\/posts\/651085","targetHints":{"allow":["GET"]}}],"collection":[{"href":"https:\/\/www.europesays.com\/es\/wp-json\/wp\/v2\/posts"}],"about":[{"href":"https:\/\/www.europesays.com\/es\/wp-json\/wp\/v2\/types\/post"}],"author":[{"embeddable":true,"href":"https:\/\/www.europesays.com\/es\/wp-json\/wp\/v2\/users\/2"}],"replies":[{"embeddable":true,"href":"https:\/\/www.europesays.com\/es\/wp-json\/wp\/v2\/comments?post=651085"}],"version-history":[{"count":0,"href":"https:\/\/www.europesays.com\/es\/wp-json\/wp\/v2\/posts\/651085\/revisions"}],"wp:featuredmedia":[{"embeddable":true,"href":"https:\/\/www.europesays.com\/es\/wp-json\/wp\/v2\/media\/651086"}],"wp:attachment":[{"href":"https:\/\/www.europesays.com\/es\/wp-json\/wp\/v2\/media?parent=651085"}],"wp:term":[{"taxonomy":"category","embeddable":true,"href":"https:\/\/www.europesays.com\/es\/wp-json\/wp\/v2\/categories?post=651085"},{"taxonomy":"post_tag","embeddable":true,"href":"https:\/\/www.europesays.com\/es\/wp-json\/wp\/v2\/tags?post=651085"}],"curies":[{"name":"wp","href":"https:\/\/api.w.org\/{rel}","templated":true}]}}