{"id":651102,"date":"2026-07-10T11:38:25","date_gmt":"2026-07-10T11:38:25","guid":{"rendered":"https:\/\/www.europesays.com\/es\/651102\/"},"modified":"2026-07-10T11:38:25","modified_gmt":"2026-07-10T11:38:25","slug":"roger-federer-aclara-por-que-estaba-solo-en-el-palco-real-se-lo-que-esta-pasando","status":"publish","type":"post","link":"https:\/\/www.europesays.com\/es\/651102\/","title":{"rendered":"Roger Federer aclara por qu\u00e9 estaba solo en el palco real: \u00abS\u00e9 lo que est\u00e1 pasando\u00bb"},"content":{"rendered":"<p class=\"ft-text\"><a class=\"ft-link ft-link--decoration\" href=\"https:\/\/www.sport.es\/es\/noticias\/tenis\/djokovic-sinner-duelo-historia-wimbledon-132297657\" rel=\"nofollow noopener\" target=\"_blank\"><strong>Wimbledon no solo est\u00e1 dejando grandes encuentros por el camino sino que tambi\u00e9n momentos del todo peculiares.<\/strong><\/a><strong> <\/strong>El tercer Grand Slam del a\u00f1o dej\u00f3 una imagen muy curiosa de <strong>Roger Federer completamente solo en el palco real observando algunos partidos de la jornada. <\/strong><\/p>\n<p class=\"ft-text\">Una situaci\u00f3n que nunca se hab\u00eda dado y <strong>gener\u00f3 much\u00edsimo debate respecto al motivo de por qu\u00e9 una leyenda tan grande como Federer estaba absolutamente solo<\/strong> en el &#8216;Royal Box&#8217; en una cita tan importante.<\/p>\n<p class=\"ft-text\">Esta imagen <strong>corri\u00f3 como la p\u00f3lvora<\/strong> e incluso no solo los aficionados no entend\u00edan nada, sino que <strong>muchos exjugadores tampoco comprend\u00edan qu\u00e9 era lo que estaba pasando<\/strong> con Federer. De hecho, el exn\u00famero uno del mundo <strong>Andy Roddick<\/strong> explic\u00f3 en su podcast que\u00a0le pregunt\u00f3 personalmente a Federer <strong>qu\u00e9 hab\u00eda pasado tras esa fotograf\u00eda<\/strong>.<\/p>\n<p class=\"ft-text\">Roddick explica que el suizo le cont\u00f3 exactamente qu\u00e9 hab\u00eda ocurrido. Justo al inicio del encuentro entre Zverev y Jiri Lehecka los invitados a ese palco no hab\u00edan entrado a\u00fan.<strong> \u00abRoger me dijo que recordaba perfectamente c\u00f3mo era esa situaci\u00f3n cuando \u00e9l jugaba\u00bb.<\/strong><\/p>\n<p>Los invitados tienen unos tiempos para acceder<\/p>\n<p class=\"ft-text\">Y es que, por protocolo, <strong>los invitados no pueden entrar al palco hasta el primer intercambio<\/strong>. Pero esta vez la situaci\u00f3n ocurri\u00f3 a las 21:00 horas cuando el alem\u00e1n y el checo ya iban por el tercer set.<\/p>\n<p class=\"ft-text\"><strong>\u00abTermina un partido, toda la gente se levanta, va al ba\u00f1o, compra un s\u00e1ndwich o un t\u00e9 y, cuando salen los siguientes jugadores, el\u00a0Royal Box\u00a0est\u00e1 completamente vac\u00edo. Es un momento un poco extra\u00f1o<\/strong>\u00ab, comentaban en el programa de Andy.<\/p>\n<p class=\"ft-text\">Roddik explica que cuando <strong>la organizaci\u00f3n del torneo se dio cuenta de la mala imagen <\/strong>que aquella situaci\u00f3n provocaba e\u00a0intentaron arreglarlo.<strong> \u00abEl club se dio cuenta de que la imagen no era la mejor y enviaron a un miembro para que acompa\u00f1ara a Roger. Solo a una persona\u00bb<\/strong>.<\/p>\n<p class=\"ft-text\">Cuando Andy le escribi\u00f3, Federer se quiso desmarcar de cualquier pol\u00e9mica<strong>, el suizo no se mostr\u00f3 enfadado ni le dio importancia a la situaci\u00f3n: <\/strong>\u00ab\u00c9l me dijo: <strong>&#8216;Lo entiendo perfectamente, s\u00e9 lo que est\u00e1 pasando, no pasa nada&#8217;<\/strong>.\u00bb<\/p>\n<p class=\"ft-text ft-helper-align-justify\">Andy explica el ganador de 20 Grand Slams le <strong>explic\u00f3 lo qu\u00e9 pasaba mediante una respuesta muy divertida<\/strong> y cargada de humor. \u00abLe escrib\u00ed: &#8216;\u00bfQu\u00e9 est\u00e1 pasando?&#8217;. Y \u00e9l me respondi\u00f3: <strong>&#8216;Nada, simplemente viendo tenis<\/strong>&#8230;\u00a0<strong>pasando el rato con todos mis amigos<\/strong>&#8216;.\u00bb<\/p>\n","protected":false},"excerpt":{"rendered":"Wimbledon no solo est\u00e1 dejando grandes encuentros por el camino sino que tambi\u00e9n momentos del todo peculiares. El&hellip;\n","protected":false},"author":2,"featured_media":651103,"comment_status":"","ping_status":"","sticky":false,"template":"","format":"standard","meta":{"footnotes":""},"categories":[274],"tags":[2825,168,25,24,14787,16774,798,11368,23,167,327,326],"class_list":["post-651102","post","type-post","status-publish","format-standard","has-post-thumbnail","category-tenis","tag-aclara","tag-deportes","tag-es","tag-espana","tag-federer","tag-palco","tag-real","tag-roger","tag-spain","tag-sports","tag-tenis","tag-tennis"],"share_on_mastodon":{"url":"https:\/\/pubeurope.com\/@es\/116895489047779170","error":""},"_links":{"self":[{"href":"https:\/\/www.europesays.com\/es\/wp-json\/wp\/v2\/posts\/651102","targetHints":{"allow":["GET"]}}],"collection":[{"href":"https:\/\/www.europesays.com\/es\/wp-json\/wp\/v2\/posts"}],"about":[{"href":"https:\/\/www.europesays.com\/es\/wp-json\/wp\/v2\/types\/post"}],"author":[{"embeddable":true,"href":"https:\/\/www.europesays.com\/es\/wp-json\/wp\/v2\/users\/2"}],"replies":[{"embeddable":true,"href":"https:\/\/www.europesays.com\/es\/wp-json\/wp\/v2\/comments?post=651102"}],"version-history":[{"count":0,"href":"https:\/\/www.europesays.com\/es\/wp-json\/wp\/v2\/posts\/651102\/revisions"}],"wp:featuredmedia":[{"embeddable":true,"href":"https:\/\/www.europesays.com\/es\/wp-json\/wp\/v2\/media\/651103"}],"wp:attachment":[{"href":"https:\/\/www.europesays.com\/es\/wp-json\/wp\/v2\/media?parent=651102"}],"wp:term":[{"taxonomy":"category","embeddable":true,"href":"https:\/\/www.europesays.com\/es\/wp-json\/wp\/v2\/categories?post=651102"},{"taxonomy":"post_tag","embeddable":true,"href":"https:\/\/www.europesays.com\/es\/wp-json\/wp\/v2\/tags?post=651102"}],"curies":[{"name":"wp","href":"https:\/\/api.w.org\/{rel}","templated":true}]}}