{"id":651333,"date":"2026-07-10T14:55:26","date_gmt":"2026-07-10T14:55:26","guid":{"rendered":"https:\/\/www.europesays.com\/es\/651333\/"},"modified":"2026-07-10T14:55:26","modified_gmt":"2026-07-10T14:55:26","slug":"federacion-espanola-de-baloncesto","status":"publish","type":"post","link":"https:\/\/www.europesays.com\/es\/651333\/","title":{"rendered":"| Federaci\u00f3n Espa\u00f1ola de Baloncesto"},"content":{"rendered":"<p>                        <img decoding=\"async\" class=\"photograph\" src=\"https:\/\/www.europesays.com\/es\/wp-content\/uploads\/2026\/07\/271787_4.jpg\"\/>  <\/p>\n<p>El conjunto balear suma as\u00ed una nueva pieza para su plantilla.<\/p>\n<p>                        <img decoding=\"async\" class=\"photograph\" src=\"https:\/\/www.europesays.com\/es\/wp-content\/uploads\/2026\/07\/271777_4.jpg\"\/>  <\/p>\n<p>El jugador se ha comprometido con el club de cara a la pr\u00f3xima temporada.<\/p>\n<p>                        <img decoding=\"async\" class=\"photograph\" src=\"https:\/\/www.europesays.com\/es\/wp-content\/uploads\/2026\/07\/271797_4.jpg\"\/>  <\/p>\n<p>El jugador se incorpora al equipo de cara al nuevo curso.<\/p>\n<p>                        <img decoding=\"async\" class=\"photograph\" src=\"https:\/\/www.europesays.com\/es\/wp-content\/uploads\/2026\/07\/271792_4.jpg\"\/>  <\/p>\n<p>El jugador interior, importante refuerzo de cara al nuevo curso.<\/p>\n<p>                        <img decoding=\"async\" class=\"photograph\" src=\"https:\/\/www.europesays.com\/es\/wp-content\/uploads\/2026\/07\/271802_4.jpg\"\/>  <\/p>\n<p>Importante refuerzo para el juego interior del conjunto andaluz.<\/p>\n<p>                        <img decoding=\"async\" class=\"photograph\" src=\"https:\/\/www.europesays.com\/es\/wp-content\/uploads\/2026\/07\/271822_4.jpg\"\/>  <\/p>\n<p>El club suma as\u00ed una nueva pieza a su plantilla de cara a la pr\u00f3xima temporada.<\/p>\n<p>                        <img decoding=\"async\" class=\"photograph\" src=\"https:\/\/www.europesays.com\/es\/wp-content\/uploads\/2026\/07\/271812_4.jpg\"\/>  <\/p>\n<p>La Cultural y Deportiva Leonesa de baloncesto ha llegado a un acuerdo con Diego Bult\u00f3 para la renovaci\u00f3n del jugador culturalista por una temporada m\u00e1s.<\/p>\n<p>                        <img decoding=\"async\" class=\"photograph\" src=\"https:\/\/www.europesays.com\/es\/wp-content\/uploads\/2026\/07\/271807_4.jpg\"\/>  <\/p>\n<p>El jugador exterior, un a\u00f1o m\u00e1s en el equipo.<\/p>\n<p>                        <img decoding=\"async\" class=\"photograph\" src=\"https:\/\/www.europesays.com\/es\/wp-content\/uploads\/2026\/07\/271772_4.jpg\"\/>  <\/p>\n<p>El club suma as\u00ed una nueva pieza de cara a la pr\u00f3xima temporada.<\/p>\n<p>                        <img decoding=\"async\" class=\"photograph\" src=\"https:\/\/www.europesays.com\/es\/wp-content\/uploads\/2026\/07\/271782_4.jpg\"\/>  <\/p>\n<p>El jugador catal\u00e1n seguir\u00e1 un a\u00f1o m\u00e1s en el conjunto riojano.<\/p>\n<p>                        <img decoding=\"async\" class=\"photograph\" src=\"https:\/\/www.europesays.com\/es\/wp-content\/uploads\/2026\/07\/271842_4.jpg\"\/>  <\/p>\n<p>Espa\u00f1a U20 Masculina encara el Eurobasket de la categor\u00eda, que se disputar\u00e1 en Liubliana, con el obj&#8230;<\/p>\n<p>                        <img decoding=\"async\" class=\"photograph\" src=\"https:\/\/www.europesays.com\/es\/wp-content\/uploads\/2026\/07\/271837_4.jpg\"\/>  <\/p>\n<p>Espa\u00f1a U17 Femenina afronta a partir de este s\u00e1bado en Brno (Rep\u00fablica Checa) el desaf\u00edo de la Copa &#8230;<\/p>\n<p>                        <img decoding=\"async\" class=\"photograph\" src=\"https:\/\/www.europesays.com\/es\/wp-content\/uploads\/2026\/07\/271832_4.jpg\"\/>  <\/p>\n<p>Leandro Nicol\u00e1s Lezcano y Javier \u00c1vila Zurita formar\u00e1n parte del equipo arbitral de la acb en las co&#8230;<\/p>\n<p>                        <img decoding=\"async\" class=\"photograph\" src=\"https:\/\/www.europesays.com\/es\/wp-content\/uploads\/2026\/07\/271822_4.jpg\"\/>  <\/p>\n<p>El club suma as\u00ed una nueva pieza a su plantilla de cara a la pr\u00f3xima temporada.<\/p>\n<p>                        <img decoding=\"async\" class=\"photograph\" src=\"https:\/\/www.europesays.com\/es\/wp-content\/uploads\/2026\/07\/271817_4.jpg\"\/>  <\/p>\n<p>El Amics Castell\u00f3 contin\u00faa dando forma a su plantilla para la temporada 2026\/27 con la incorporaci\u00f3n&#8230;<\/p>\n<p>                        <img decoding=\"async\" class=\"photograph\" src=\"https:\/\/www.europesays.com\/es\/wp-content\/uploads\/2026\/07\/270727_4.jpg\"\/>  <\/p>\n<p>Los Campeonatos de Espa\u00f1a 3&#215;3 U13 y U15 celebrados en Melilla cerraron el curso 2025\/26 para las sel&#8230;<\/p>\n<p>                        <img decoding=\"async\" class=\"photograph\" src=\"https:\/\/www.europesays.com\/es\/wp-content\/uploads\/2026\/07\/270722_4.jpg\"\/>  <\/p>\n<p>La Federaci\u00f3n de Baloncesto de Madrid celebr\u00f3 su Asamblea General el lunes 15 de junio en el hotel M&#8230;<\/p>\n<p>                        <img decoding=\"async\" class=\"photograph\" src=\"https:\/\/www.europesays.com\/es\/wp-content\/uploads\/2026\/07\/269352_4.jpg\"\/>  <\/p>\n<p>Benissa disfrut\u00f3 este s\u00e1bado de una nueva edici\u00f3n de la Copa Puleva Tido, una cita que reuni\u00f3 a los &#8230;<\/p>\n<p>                        <img decoding=\"async\" class=\"photograph\" src=\"https:\/\/www.europesays.com\/es\/wp-content\/uploads\/2026\/07\/269347_4.jpg\"\/>  <\/p>\n<p>El cuadro de campeones en categor\u00eda Alev\u00edn 2025-2026 se ha completado este s\u00e1bado en Benissa, centro&#8230;<\/p>\n<p>                        <img decoding=\"async\" class=\"photograph\" src=\"https:\/\/www.europesays.com\/es\/wp-content\/uploads\/2026\/07\/269342_4.jpg\"\/>  <\/p>\n<p>Benissa, epicentro del Minibasket de la Comunitat Valencia esta temporada 2025-2026, ya ha coronado &#8230;<\/p>\n<p>                        <img decoding=\"async\" class=\"photograph\" src=\"https:\/\/www.europesays.com\/es\/wp-content\/uploads\/2026\/07\/269047_4.jpg\"\/>  <\/p>\n<p>CB Ifach Calpe es el nuevo campe\u00f3n de la Liga Foster\u2019s Hollywood 1\u00aa Divisi\u00f3n Masculina tras imponers&#8230;<\/p>\n<p>                        <img decoding=\"async\" class=\"photograph\" src=\"https:\/\/www.europesays.com\/es\/wp-content\/uploads\/2026\/07\/268752_4.jpg\"\/>  <\/p>\n<p>La Generalitat Valenciana ha recibido este lunes a las Selecciones Auton\u00f3micas de la Comunitat Valen&#8230;<\/p>\n<p>                        <img decoding=\"async\" class=\"photograph\" src=\"https:\/\/www.europesays.com\/es\/wp-content\/uploads\/2026\/07\/268722_4.jpg\"\/>  <\/p>\n<p>Las Fases Finales Alev\u00edn IR Auton\u00f3mico ya tienen due\u00f1o. Doblete de Valencia Basket, que sale triunfa&#8230;<\/p>\n<p>                        <img decoding=\"async\" class=\"photograph\" src=\"https:\/\/www.europesays.com\/es\/wp-content\/uploads\/2026\/07\/268097_4.jpg\"\/>  <\/p>\n<p>Fundaci\u00f3n Valencia B\u00e0squet en masculino y Valencia Basket en femenino se han coronado campeones Infa&#8230;<\/p>\n<p>                        <img decoding=\"async\" class=\"photograph\" src=\"https:\/\/www.europesays.com\/es\/wp-content\/uploads\/2026\/07\/268092_4.jpg\"\/>  <\/p>\n<p>Unidad de Reproducci\u00f3n Vistahermosa Lucentum Alicante ha levantado el trofeo de campe\u00f3n de la Liga F&#8230;<\/p>\n","protected":false},"excerpt":{"rendered":"El conjunto balear suma as\u00ed una nueva pieza para su plantilla. El jugador se ha comprometido con el&hellip;\n","protected":false},"author":2,"featured_media":651334,"comment_status":"","ping_status":"","sticky":false,"template":"","format":"standard","meta":{"footnotes":""},"categories":[269],"tags":[4605,299,1918,298,4597,4613,4616,4609,4608,4610,168,4603,4606,25,24,4120,4598,4614,2713,4601,830,4599,4600,4602,4615,4617,4607,4604,23,167,4611,4612],"class_list":["post-651333","post","type-post","status-publish","format-standard","has-post-thumbnail","category-baloncesto","tag-arbitros-baloncesto","tag-baloncesto","tag-basket","tag-basketball","tag-basquet","tag-canalfeb","tag-clasificacion","tag-copa-princesa","tag-copa-principe","tag-copa-reina","tag-deportes","tag-eba","tag-entrenadores-baloncesto","tag-es","tag-espana","tag-estadisticas","tag-federacion-baloncesto","tag-jornada-virtual","tag-jugadores","tag-laeb-plata","tag-leb-oro","tag-liga-espana","tag-liga-espanola-baloncesto","tag-liga-femenina","tag-marcadores-baloncesto","tag-rankings","tag-reglas-baloncesto","tag-seleccion-baloncesto","tag-spain","tag-sports","tag-supercopa","tag-television-baloncesto"],"share_on_mastodon":{"url":"https:\/\/pubeurope.com\/@es\/116896265639055686","error":""},"_links":{"self":[{"href":"https:\/\/www.europesays.com\/es\/wp-json\/wp\/v2\/posts\/651333","targetHints":{"allow":["GET"]}}],"collection":[{"href":"https:\/\/www.europesays.com\/es\/wp-json\/wp\/v2\/posts"}],"about":[{"href":"https:\/\/www.europesays.com\/es\/wp-json\/wp\/v2\/types\/post"}],"author":[{"embeddable":true,"href":"https:\/\/www.europesays.com\/es\/wp-json\/wp\/v2\/users\/2"}],"replies":[{"embeddable":true,"href":"https:\/\/www.europesays.com\/es\/wp-json\/wp\/v2\/comments?post=651333"}],"version-history":[{"count":0,"href":"https:\/\/www.europesays.com\/es\/wp-json\/wp\/v2\/posts\/651333\/revisions"}],"wp:featuredmedia":[{"embeddable":true,"href":"https:\/\/www.europesays.com\/es\/wp-json\/wp\/v2\/media\/651334"}],"wp:attachment":[{"href":"https:\/\/www.europesays.com\/es\/wp-json\/wp\/v2\/media?parent=651333"}],"wp:term":[{"taxonomy":"category","embeddable":true,"href":"https:\/\/www.europesays.com\/es\/wp-json\/wp\/v2\/categories?post=651333"},{"taxonomy":"post_tag","embeddable":true,"href":"https:\/\/www.europesays.com\/es\/wp-json\/wp\/v2\/tags?post=651333"}],"curies":[{"name":"wp","href":"https:\/\/api.w.org\/{rel}","templated":true}]}}