{"id":651339,"date":"2026-07-10T15:00:20","date_gmt":"2026-07-10T15:00:20","guid":{"rendered":"https:\/\/www.europesays.com\/es\/651339\/"},"modified":"2026-07-10T15:00:20","modified_gmt":"2026-07-10T15:00:20","slug":"el-motor-la-hipica-y-el-trail-running-protagonizan-la-nueva-entrega-de-atv-deportes","status":"publish","type":"post","link":"https:\/\/www.europesays.com\/es\/651339\/","title":{"rendered":"El motor, la h\u00edpica y el trail running protagonizan la nueva entrega de \u00abATV Deportes\u00bb"},"content":{"rendered":"<p>                                                <img decoding=\"async\" loading=\"eager\" src=\"https:\/\/www.europesays.com\/es\/wp-content\/uploads\/2026\/07\/e059da98-22f0-4339-ad29-640789d14b68_source-aspect-ratio_1600w_0.jpg\" alt=\"&quot;ATV Deportes&quot;, automovilismo\" title=\"&quot;ATV Deportes&quot;, automovilismo\" fetchpriority=\"high\" height=\"900\" width=\"1600\"\/><\/p>\n<p>                \u00abATV Deportes\u00bb, automovilismo<\/p>\n<p class=\"paragraph-atom &#10;        A-500-300-700-N A-550-300-700-N--md  \">\n                    La programaci\u00f3n de <strong>\u00abATV Deportes\u00bb<\/strong> comenzar\u00e1 a las <strong>17:00 horas<\/strong> con el resumen de la <strong>Cronometrada de La R\u00e1bita<\/strong>, quinta prueba del calendario andaluz de cronometradas. La cita dej\u00f3 el triunfo de <strong>Francisco Javier Ag\u00fci<\/strong> en la categor\u00eda de turismos, mientras que el cordob\u00e9s <strong>Francisco Javier Avil\u00e9s<\/strong> se impuso en la categor\u00eda de monoplazas.\n            <\/p>\n<p class=\"paragraph-atom &#10;        A-500-300-700-N A-550-300-700-N--md  \">\n                    A las <strong>17:30 horas<\/strong>, el espacio ofrecer\u00e1 un amplio resumen del <strong>Concurso Internacional de Saltos Maeza<\/strong>, celebrado en Asturias. La victoria fue para el jinete franc\u00e9s <strong>Olivier Robert<\/strong>, que se alz\u00f3 con el triunfo montando a <strong>&#8216;Iglesias DV&#8217;<\/strong>.\n            <\/p>\n<p class=\"paragraph-atom &#10;        A-500-300-700-N A-550-300-700-N--md  \">\n                    La jornada deportiva concluir\u00e1 a las <strong>18:30 horas<\/strong> con el resumen de la <strong>HOKA Valle de Ar\u00e1n<\/strong>, prueba puntuable para el circuito mundial de <strong>trail running<\/strong>. En la distancia reina, de <strong>163 kil\u00f3metros<\/strong>, el argentino <strong>Santos Gabriel Rueda<\/strong> se proclam\u00f3 vencedor en la categor\u00eda masculina, mientras que la polaca <strong>Katarzyna Dombrowska<\/strong> hizo lo propio en la femenina. El evento reuni\u00f3 a <strong>m\u00e1s de 6.000 corredores<\/strong> repartidos entre las diferentes modalidades de la competici\u00f3n.\n            <\/p>\n<p class=\"paragraph-atom &#10;        A-500-300-700-N A-550-300-700-N--md  \">\n                    <strong>Todos los contenidos de \u00abATV Deportes\u00bb est\u00e1n disponibles en la plataforma CanalSur M\u00e1s.<\/strong>\n            <\/p>\n<p>    Fecha de emisi\u00f3n<\/p>\n<p class=\"paragraph-atom &#10;        A-300-300-500-N  \">\n                    S\u00e1bado, 11 de julio, a partir de las 17:00 horas, en Andaluc\u00eda Televisi\u00f3n (ATV).\n            <\/p>\n","protected":false},"excerpt":{"rendered":"\u00abATV Deportes\u00bb, automovilismo La programaci\u00f3n de \u00abATV Deportes\u00bb comenzar\u00e1 a las 17:00 horas con el resumen de la&hellip;\n","protected":false},"author":2,"featured_media":651340,"comment_status":"","ping_status":"","sticky":false,"template":"","format":"standard","meta":{"footnotes":""},"categories":[171],"tags":[146,147,25,24,8585,2362,3556,717,23,18042,214],"class_list":["post-651339","post","type-post","status-publish","format-standard","has-post-thumbnail","category-tv","tag-entertainment","tag-entretenimiento","tag-es","tag-espana","tag-hipica","tag-motor","tag-protagonizan","tag-running","tag-spain","tag-trail","tag-tv"],"share_on_mastodon":{"url":"https:\/\/pubeurope.com\/@es\/116896284088741493","error":""},"_links":{"self":[{"href":"https:\/\/www.europesays.com\/es\/wp-json\/wp\/v2\/posts\/651339","targetHints":{"allow":["GET"]}}],"collection":[{"href":"https:\/\/www.europesays.com\/es\/wp-json\/wp\/v2\/posts"}],"about":[{"href":"https:\/\/www.europesays.com\/es\/wp-json\/wp\/v2\/types\/post"}],"author":[{"embeddable":true,"href":"https:\/\/www.europesays.com\/es\/wp-json\/wp\/v2\/users\/2"}],"replies":[{"embeddable":true,"href":"https:\/\/www.europesays.com\/es\/wp-json\/wp\/v2\/comments?post=651339"}],"version-history":[{"count":0,"href":"https:\/\/www.europesays.com\/es\/wp-json\/wp\/v2\/posts\/651339\/revisions"}],"wp:featuredmedia":[{"embeddable":true,"href":"https:\/\/www.europesays.com\/es\/wp-json\/wp\/v2\/media\/651340"}],"wp:attachment":[{"href":"https:\/\/www.europesays.com\/es\/wp-json\/wp\/v2\/media?parent=651339"}],"wp:term":[{"taxonomy":"category","embeddable":true,"href":"https:\/\/www.europesays.com\/es\/wp-json\/wp\/v2\/categories?post=651339"},{"taxonomy":"post_tag","embeddable":true,"href":"https:\/\/www.europesays.com\/es\/wp-json\/wp\/v2\/tags?post=651339"}],"curies":[{"name":"wp","href":"https:\/\/api.w.org\/{rel}","templated":true}]}}