{"id":651428,"date":"2026-07-10T16:09:15","date_gmt":"2026-07-10T16:09:15","guid":{"rendered":"https:\/\/www.europesays.com\/es\/651428\/"},"modified":"2026-07-10T16:09:15","modified_gmt":"2026-07-10T16:09:15","slug":"atresmedia-desmonta-las-acusaciones-de-mediaset-sobre-alaz-la-prueba-que-sustituye-a-el-rosco","status":"publish","type":"post","link":"https:\/\/www.europesays.com\/es\/651428\/","title":{"rendered":"Atresmedia desmonta las acusaciones de Mediaset sobre &#8216;AlaZ&#8217;, la prueba que sustituye a &#8216;El Rosco&#8217;"},"content":{"rendered":"<p style=\"\"><a href=\"https:\/\/www.abc.es\/play\/television\/noticias\/corre-peligro-marca-pasapalabra-verdades-mentiras-ofensiva-20260710112032-nt.html\" data-voc-vtm-id=\"in-text-traffic\" rel=\"nofollow noopener\" target=\"_blank\">Batalla sin cuartel entre Atresmedia y Mediaset.<\/a> Despu\u00e9s de que el grupo de Fuencarral anunciara ayer la inminente demanda de MC&amp;F, propietaria holandesa de los derechos de &#8216;El Rosco&#8217;, <a href=\"https:\/\/www.abc.es\/play\/television\/noticias\/mediaset-anuncia-demanda-atresmedia-parecido-rosco-alaz-20260709181546-nt.html\" data-voc-vtm-id=\"in-text-traffic\" rel=\"nofollow noopener\" target=\"_blank\">por las \u00absimilitudes insalvables\u00bb<\/a> de esta prueba con la reci\u00e9n adquirida por Antena  &#8230; 3 para sustituir la rueda final en &#8216;Pasapalabra&#8217; tras la sentencia del Tribunal Supremo, Atresmedia ha desmentido punto por punto todas las acusaciones vertidas por la cadena rival sobre el parecido entre &#8216;AlaZ&#8217; y la adquirida por Telecinco. <\/p>\n<p class=\"v-d-p\" style=\"\">As\u00ed, desde el grupo de comunicaci\u00f3n de San Sebasti\u00e1n de los Reyes afirman que han \u00abcumplido escrupulosamente con la sentencia\u00bb que les requer\u00eda el cese de la emisi\u00f3n de la prueba &#8216;El Rosco&#8217; en &#8216;Pasapalabra&#8217; y han hecho efectiva la consignaci\u00f3n de la indemnizaci\u00f3n oportuna. <\/p>\n<p class=\"v-d-p\" style=\"\">Insisten, adem\u00e1s, en que la prueba <a href=\"https:\/\/www.abc.es\/play\/television\/noticias\/intrahistoria-alaz-gesto-busqueda-prueba-estrella-pasapalabra-20260626143053-nt.html\" data-voc-vtm-id=\"in-text-traffic\" rel=\"nofollow noopener\" target=\"_blank\">&#8216;AlaZ&#8217;, actualmente emitida con \u00e9xito de audiencias al final de &#8216;Pasapalabra&#8217;, <\/a>no es una copia de &#8216;El Rosco&#8217; sino que ha sido creado de manera independiente. En este sentido, Atresmedia asegura que ha obtenido una licencia para la adaptaci\u00f3n del formato &#8216;DallAZetA&#8217;, propiedad de la productora suiza RSI, empresa ajena a las partes litigantes, y justifican que &#8216;AlaZ&#8217; no est\u00e1 basada en &#8216;El Rosco&#8217; porque es \u00abun formato preexistente, original y novedoso\u00bb.<\/p>\n<ul class=\"v-cmp-rld__u\">\n<li class=\"v-cmp-rld__l\">\n<p><a class=\"v-a-lnk\" href=\"http:\/\/www.abc.es\/play\/television\/noticias\/corre-peligro-marca-pasapalabra-verdades-mentiras-ofensiva-20260710112032-nt.html#vtm_modulosEngag=noticiasrelacionadas-cmp-uno:play:noticia:1\" data-voc-vtm-id=\"in-text-traffic\" rel=\"nofollow noopener\" target=\"_blank\"><br \/>\n<img decoding=\"async\" loading=\"lazy\" src=\"https:\/\/www.europesays.com\/es\/wp-content\/uploads\/2026\/07\/pasapalabra-alaz-rosco-kqoF--366x256@diario_abc.jpg\" class=\"v-a-img\" width=\"258\" height=\"180\" alt=\"\u00bfCorre peligro la marca 'Pasapalabra'? Verdades y mentiras de la ofensiva de Mediaset\"\/><br \/>\n<\/a><\/p>\n<\/li>\n<\/ul>\n<p class=\"v-d-p\" style=\"\">\u00abLas diferencias entre\u00a0&#8216;AlaZ&#8217;\u00a0y\u00a0&#8216;El Rosco&#8217;\u00a0son incuestionables\u00bb, reafirman desde Atresmedia, y desglosan esas diferencias, desde la ausencia del distintivo elemento gr\u00e1fico de la rueda de &#8216;El Rosco&#8217; a la disposici\u00f3n de los concursantes, el cambio de tiempo de respuesta, la opci\u00f3n \u00abpedir pista\u00bb contemplada en el nuevo juego que emite &#8216;Pasapalabra&#8217; ahora y \u00abla introducci\u00f3n de la nueva mec\u00e1nica, que consiste en completar los huecos de cada letra a partir de una definici\u00f3n, lo que la dota de m\u00e1s precisi\u00f3n dado que la respuesta correcta s\u00f3lo puede ser una\u00bb. <\/p>\n","protected":false},"excerpt":{"rendered":"Batalla sin cuartel entre Atresmedia y Mediaset. Despu\u00e9s de que el grupo de Fuencarral anunciara ayer la inminente&hellip;\n","protected":false},"author":2,"featured_media":651429,"comment_status":"","ping_status":"","sticky":false,"template":"","format":"standard","meta":{"footnotes":""},"categories":[171],"tags":[11931,114928,151,2912,146,147,25,24,955,2761,48852,57,23,9832,214],"class_list":["post-651428","post","type-post","status-publish","format-standard","has-post-thumbnail","category-tv","tag-acusaciones","tag-alaz","tag-atresmedia","tag-desmonta","tag-entertainment","tag-entretenimiento","tag-es","tag-espana","tag-mediaset","tag-prueba","tag-rosco","tag-sobre","tag-spain","tag-sustituye","tag-tv"],"share_on_mastodon":{"url":"https:\/\/pubeurope.com\/@es\/116896555419935019","error":""},"_links":{"self":[{"href":"https:\/\/www.europesays.com\/es\/wp-json\/wp\/v2\/posts\/651428","targetHints":{"allow":["GET"]}}],"collection":[{"href":"https:\/\/www.europesays.com\/es\/wp-json\/wp\/v2\/posts"}],"about":[{"href":"https:\/\/www.europesays.com\/es\/wp-json\/wp\/v2\/types\/post"}],"author":[{"embeddable":true,"href":"https:\/\/www.europesays.com\/es\/wp-json\/wp\/v2\/users\/2"}],"replies":[{"embeddable":true,"href":"https:\/\/www.europesays.com\/es\/wp-json\/wp\/v2\/comments?post=651428"}],"version-history":[{"count":0,"href":"https:\/\/www.europesays.com\/es\/wp-json\/wp\/v2\/posts\/651428\/revisions"}],"wp:featuredmedia":[{"embeddable":true,"href":"https:\/\/www.europesays.com\/es\/wp-json\/wp\/v2\/media\/651429"}],"wp:attachment":[{"href":"https:\/\/www.europesays.com\/es\/wp-json\/wp\/v2\/media?parent=651428"}],"wp:term":[{"taxonomy":"category","embeddable":true,"href":"https:\/\/www.europesays.com\/es\/wp-json\/wp\/v2\/categories?post=651428"},{"taxonomy":"post_tag","embeddable":true,"href":"https:\/\/www.europesays.com\/es\/wp-json\/wp\/v2\/tags?post=651428"}],"curies":[{"name":"wp","href":"https:\/\/api.w.org\/{rel}","templated":true}]}}