{"id":651590,"date":"2026-07-10T18:15:12","date_gmt":"2026-07-10T18:15:12","guid":{"rendered":"https:\/\/www.europesays.com\/es\/651590\/"},"modified":"2026-07-10T18:15:12","modified_gmt":"2026-07-10T18:15:12","slug":"cuatro-personas-en-estado-grave-tras-una-reaccion-quimica-en-la-piscina-de-la-bisbal-de-penedes-noticias-de-cataluna","status":"publish","type":"post","link":"https:\/\/www.europesays.com\/es\/651590\/","title":{"rendered":"Cuatro personas, en estado grave tras una reacci\u00f3n qu\u00edmica en la piscina de la Bisbal de Pened\u00e8s | Noticias de Catalu\u00f1a"},"content":{"rendered":"<p class=\"\">El Ayuntamiento de <a href=\"https:\/\/elpais.com\/espana\/elecciones\/municipales\/09\/43\/28\/\" target=\"_self\" rel=\"nofollow noopener\" title=\"https:\/\/elpais.com\/espana\/elecciones\/municipales\/09\/43\/28\/\">La Bisbal del Pened\u00e8s (Tarragona)<\/a> ha pedido a sus vecinos que se confinen en sus casas debido a la formaci\u00f3n de una nube t\u00f3xica en la piscina municipal por una mezcla de productos qu\u00edmicos, que ha causado 17 heridos, cuatro de ellos graves sin que se tema por su vida. De estos, diez han sido trasladados a varios hospitales, de los cuales cinco son menores. El resto han sido atendidos y dados de alta en el lugar.<\/p>\n<p class=\"\">El Consistorio ha pedido a toda la poblaci\u00f3n que mantenga puertas y ventanas cerradas y que evite salir a la calle si no es estrictamente necesario. Adem\u00e1s, el Ayuntamiento se\u00f1ala que si alguna persona presenta s\u00edntomas o molestias como escozor en la garganta o en la nariz, dificultad para respirar, mareos o n\u00e1useas llame inmediatamente al 112. <\/p>\n<p class=\"\">La alcaldesa de la localidad, Agn\u00e8s Ferr\u00e9, ha explicado a Catalunya Informci\u00f3 que el incidente se ha generado porque la empresa que se encarga del mantenimiento ha echado cloro en el dep\u00f3sito equivocado, lo cual ha generado la nube t\u00f3xica. Ferr\u00e9 ha recomendado a los vecinos que se queden en casa como \u201cprevenci\u00f3n\u201d, aunque ha tranquilizado a los vecinos. \u201cEl cloro se evapora en cuesti\u00f3n de horas\u201d, ha recordado.<\/p>\n<p class=\"\">Seg\u00fan <a href=\"https:\/\/elpais.com\/noticias\/bomberos\/\" target=\"_self\" rel=\"nofollow noopener\" title=\"https:\/\/elpais.com\/noticias\/bomberos\/\">han informado los Bomberos<\/a> de la Generalitat, a las 14.12 horas han recibido el aviso de que una mezcla de productos qu\u00edmicos hab\u00eda provocado una reacci\u00f3n, por lo que han evacuado la piscina y han delimitado un \u00e1rea de seguridad. El <a href=\"https:\/\/elpais.com\/noticias\/urgencias\/\" target=\"_self\" rel=\"nofollow noopener\" title=\"https:\/\/elpais.com\/noticias\/urgencias\/\">Sistema de Emergencias M\u00e9dicas<\/a> (SEM) ha atendido a 17 afectados por este incidente en la piscina municipal, de los que cuatro est\u00e1n graves y los dem\u00e1s leves, seg\u00fan el balance preliminar. <\/p>\n<p class=\"\">La piscina municipal permanecer\u00e1 cerrada hoy y ma\u00f1ana y no reanudar\u00e1 su actividad hasta que se pueda garantizar al 100 % la seguridad de las instalaciones, seg\u00fan el Ayuntamiento.<\/p>\n","protected":false},"excerpt":{"rendered":"El Ayuntamiento de La Bisbal del Pened\u00e8s (Tarragona) ha pedido a sus vecinos que se confinen en sus&hellip;\n","protected":false},"author":2,"featured_media":651591,"comment_status":"","ping_status":"","sticky":false,"template":"","format":"standard","meta":{"footnotes":""},"categories":[8],"tags":[16672,4343,17,18,1980,25,24,13,14,11,11225,19,20,9,10,15,16,6126,23,257,12,21,22,12353],"class_list":["post-651590","post","type-post","status-publish","format-standard","has-post-thumbnail","category-espana","tag-ayuntamientos","tag-bomberos","tag-breaking-news","tag-breakingnews","tag-cataluna","tag-es","tag-espana","tag-featured-news","tag-featurednews","tag-headlines","tag-heridos","tag-latest-news","tag-latestnews","tag-news","tag-noticias","tag-noticias-destacadas","tag-noticiasdestacadas","tag-piscinas","tag-spain","tag-sucesos","tag-titulares","tag-ultimas-noticias","tag-ultimasnoticias","tag-urgencias"],"share_on_mastodon":{"url":"https:\/\/pubeurope.com\/@es\/116897049978754463","error":""},"_links":{"self":[{"href":"https:\/\/www.europesays.com\/es\/wp-json\/wp\/v2\/posts\/651590","targetHints":{"allow":["GET"]}}],"collection":[{"href":"https:\/\/www.europesays.com\/es\/wp-json\/wp\/v2\/posts"}],"about":[{"href":"https:\/\/www.europesays.com\/es\/wp-json\/wp\/v2\/types\/post"}],"author":[{"embeddable":true,"href":"https:\/\/www.europesays.com\/es\/wp-json\/wp\/v2\/users\/2"}],"replies":[{"embeddable":true,"href":"https:\/\/www.europesays.com\/es\/wp-json\/wp\/v2\/comments?post=651590"}],"version-history":[{"count":0,"href":"https:\/\/www.europesays.com\/es\/wp-json\/wp\/v2\/posts\/651590\/revisions"}],"wp:featuredmedia":[{"embeddable":true,"href":"https:\/\/www.europesays.com\/es\/wp-json\/wp\/v2\/media\/651591"}],"wp:attachment":[{"href":"https:\/\/www.europesays.com\/es\/wp-json\/wp\/v2\/media?parent=651590"}],"wp:term":[{"taxonomy":"category","embeddable":true,"href":"https:\/\/www.europesays.com\/es\/wp-json\/wp\/v2\/categories?post=651590"},{"taxonomy":"post_tag","embeddable":true,"href":"https:\/\/www.europesays.com\/es\/wp-json\/wp\/v2\/tags?post=651590"}],"curies":[{"name":"wp","href":"https:\/\/api.w.org\/{rel}","templated":true}]}}