{"id":651600,"date":"2026-07-10T18:24:14","date_gmt":"2026-07-10T18:24:14","guid":{"rendered":"https:\/\/www.europesays.com\/es\/651600\/"},"modified":"2026-07-10T18:24:14","modified_gmt":"2026-07-10T18:24:14","slug":"un-jugador-del-casademont-zaragoza-que-sono-para-volver-ficha-por-el-joventut","status":"publish","type":"post","link":"https:\/\/www.europesays.com\/es\/651600\/","title":{"rendered":"Un jugador del Casademont Zaragoza que son\u00f3 para volver ficha por el Joventut"},"content":{"rendered":"<p class=\"ft-text ft-helper-closenews\"><strong>El Casademont Zaragoza necesitaba un ala-pivot y Emir Sulejmanovic, un lugar donde sentirse importante tras su decepcionante paso por el Unicaja<\/strong>. Que sus caminos volvieran a unirse ten\u00eda sentido, pero finalmente ese regreso no se producir\u00e1 porque el jugador bosnio ha fichado por el <strong>Joventut de Badalona<\/strong>. El anuncio se ha producido el mismo d\u00eda que el club aragon\u00e9s ha hecho oficial la llegada de Blumbergs<\/p>\n<p class=\"ft-text ft-helper-align-justify\">\u00abEl ASISA Joventut y Emir Sulejmanovic han llegado a un acuerdo para las pr\u00f3ximas dos temporadas, y el jugador bosnio firma hasta el 30 de junio del 2028. El ala-p\u00edvot llega a Badalona para reforzar el juego interior verdinegro y dar un plus de intensidad a la pintura. Sulejmanovic (Srebrenica, Bosnia y Herzegovina, 13\/07\/1995)<strong> es un ala-p\u00edvot de 2&#8217;05m que destaca por su entrega, su agresividad competitiva y su capacidad para dominar el rebote. Es un jugador f\u00edsico, muy intenso en defensa, con movilidad para correr la pista<\/strong> y recursos ofensivos para generar ventajas tanto cerca del aro como del tiro exterior. Su versatilidad le permite ocupar ambas posiciones interiores, convirti\u00e9ndolo en un perfil muy completo y de gran valor para el equipo\u00bb, presenta el club catal\u00e1n a su nuevo fichaje.<\/p>\n<p class=\"ft-text ft-helper-align-justify\">Sulejmanovic lleg\u00f3 al Casademont hace temporadas procedente del Bilbao Basket. Durante toda su etapa en la Liga ACB se hab\u00eda mostrado como un jugador s\u00f3lido, de equipo, de los que siempre suman.\u00a0<strong>En Zaragoza ha dado un paso m\u00e1s y se ha convertido en una pieza imprescindible,\u00a0<\/strong>protagonizando este \u00faltimo curso la mejor temporada de su carrera en la Liga Endesa, donde lleva comptiendo ocho a\u00f1os. La pasada campa\u00f1a, pag\u00f3 su cl\u00e1usula para fichar por el Unicaja.<\/p>\n<p data-close=\"closedContent\" class=\"subscribeHideForDisplay\">Suscr\u00edbete para seguir leyendo<\/p>\n","protected":false},"excerpt":{"rendered":"El Casademont Zaragoza necesitaba un ala-pivot y Emir Sulejmanovic, un lugar donde sentirse importante tras su decepcionante paso&hellip;\n","protected":false},"author":2,"featured_media":651601,"comment_status":"","ping_status":"","sticky":false,"template":"","format":"standard","meta":{"footnotes":""},"categories":[269],"tags":[299,298,2511,168,25,24,378,80742,23,167,865,491],"class_list":["post-651600","post","type-post","status-publish","format-standard","has-post-thumbnail","category-baloncesto","tag-baloncesto","tag-basketball","tag-casademont","tag-deportes","tag-es","tag-espana","tag-jugador","tag-sono","tag-spain","tag-sports","tag-volver","tag-zaragoza"],"share_on_mastodon":{"url":"https:\/\/pubeurope.com\/@es\/116897085472856294","error":""},"_links":{"self":[{"href":"https:\/\/www.europesays.com\/es\/wp-json\/wp\/v2\/posts\/651600","targetHints":{"allow":["GET"]}}],"collection":[{"href":"https:\/\/www.europesays.com\/es\/wp-json\/wp\/v2\/posts"}],"about":[{"href":"https:\/\/www.europesays.com\/es\/wp-json\/wp\/v2\/types\/post"}],"author":[{"embeddable":true,"href":"https:\/\/www.europesays.com\/es\/wp-json\/wp\/v2\/users\/2"}],"replies":[{"embeddable":true,"href":"https:\/\/www.europesays.com\/es\/wp-json\/wp\/v2\/comments?post=651600"}],"version-history":[{"count":0,"href":"https:\/\/www.europesays.com\/es\/wp-json\/wp\/v2\/posts\/651600\/revisions"}],"wp:featuredmedia":[{"embeddable":true,"href":"https:\/\/www.europesays.com\/es\/wp-json\/wp\/v2\/media\/651601"}],"wp:attachment":[{"href":"https:\/\/www.europesays.com\/es\/wp-json\/wp\/v2\/media?parent=651600"}],"wp:term":[{"taxonomy":"category","embeddable":true,"href":"https:\/\/www.europesays.com\/es\/wp-json\/wp\/v2\/categories?post=651600"},{"taxonomy":"post_tag","embeddable":true,"href":"https:\/\/www.europesays.com\/es\/wp-json\/wp\/v2\/tags?post=651600"}],"curies":[{"name":"wp","href":"https:\/\/api.w.org\/{rel}","templated":true}]}}