{"id":651754,"date":"2026-07-10T20:06:20","date_gmt":"2026-07-10T20:06:20","guid":{"rendered":"https:\/\/www.europesays.com\/es\/651754\/"},"modified":"2026-07-10T20:06:20","modified_gmt":"2026-07-10T20:06:20","slug":"adriana-ugarte-desde-el-trapecio-pinito-del-oro-era-mas-duena-que-nunca-de-su-propia-vida","status":"publish","type":"post","link":"https:\/\/www.europesays.com\/es\/651754\/","title":{"rendered":"Adriana Ugarte: \u00abDesde el trapecio Pinito del Oro era m\u00e1s due\u00f1a que nunca de su propia vida\u00bb"},"content":{"rendered":"<p style=\"\">Con el mes del orgullo LGTBIQ+ llegando a su final, llega este viernes a los cines &#8216;Tal vez&#8217;, la \u00f3pera prima de Arima Le\u00f3n como directora. Una carta de amor a los v\u00ednculos que forjaron en vida la famosa trapecista Pinito del Oro y la  &#8230; escritora Natalia Sosa. Dos mujeres que vivieron una bella e inacabada historia desde finales de los a\u00f1os 60: \u00abTrabaj\u00e1bamos siempre desde el respeto, nuestra intenci\u00f3n \u00faltima era reivindicar estas figuras olvidadas pero a su vez tambi\u00e9n a mujeres que sufrieron mucho, algunas m\u00e1s por su identidad queer y otras con su posicionamiento como mujer en una sociedad franquista\u00bb, explica Le\u00f3n.<\/p>\n<p class=\"v-d-p\" style=\"\">Pinito del Oro, interpretada por <a href=\"https:\/\/www.abc.es\/play\/series\/noticias\/entranas-sira-emocion-adriana-ugarte-20260428011449-nt.html\" target=\"_self\" data-voc-vtm-id=\"in-text-traffic\" data-mrf-link=\"www.abc.es\" rel=\"nofollow noopener\">Adriana Ugarte<\/a>, fue una trapecista que se recorri\u00f3 los escenarios de toda Espa\u00f1a y de parte del extranjero subida en su trapecio. Una mujer que naci\u00f3 y se crio en el circo, que forj\u00f3 su propio destino y que, por miedo a perder todo lo construido, nunca se dej\u00f3 llevar por el amor que naci\u00f3 de su amistad con la escritora Natalia Sosa, con Tania Santana a los mandos de este papel. \u00abCuando le dije a mi abuela que iba a interpretar a Pinito se emocion\u00f3\u00bb, confiesa Ugarte al recordar esos d\u00edas en los que la figura de la canaria resurg\u00eda del imaginario popular. \u00abHab\u00eda una alegr\u00eda genuina \u2013contin\u00faa la actriz\u2013 porque son dos personajes que se dejaron la piel y dieron su vida por el arte de una manera muy desnuda y franca, jug\u00e1ndose la vida. Creo que hay algo de homenaje y de justicia en contar sus vidas y hablar de sus emociones de una manera como tan sincera y desnuda\u00bb. Una mujer que siempre vivi\u00f3 sobre un trapecio que la reten\u00eda y la hac\u00eda libre. \u00abConquistar determinados terrenos o conseguir llegar a un lugar que deseas profesionalmente es agotador, por eso creo que desde el trapecio Pinito del Oro era m\u00e1s due\u00f1a que nunca de su propia vida\u00bb.<\/p>\n<p class=\"v-d-p\" style=\"\">Aunque Pinito pose\u00eda un nombre m\u00e1s conocido, la historia se construye desde los poemas y las cartas de amor de Sosa. \u00abNatalia es uno de esos personajes que solo vas a poder interpretar una vez en la vida. Se sale de todos los conceptos que tenemos en la cabeza, de c\u00f3mo es una mujer escritora y lesbiana, adem\u00e1s de ser isle\u00f1a\u00bb, reflexiona Santana. Y es que esa identidad canaria es muy importante para la pel\u00edcula porque fue muy importante para la escritora. Arima Le\u00f3n explica que era vital trabajar desde una Canarias desconocida: \u00abDesde las instituciones se ha fortalecido esa imagen de para\u00edso, de sol y playa, pero Canarias es inmensa, y Natalia en sus versos hablaba de las tardes grises, de la panza de burro, que es esa capa de nubes que los vientos alisios siempre provocan, adem\u00e1s de que era un contexto tambi\u00e9n muy gris pol\u00edticamente, con todo el franquismo\u00bb.<\/p>\n<ul class=\"v-cmp-rld__u\">\n<li class=\"v-cmp-rld__l\">\n<p><a class=\"v-a-lnk\" href=\"http:\/\/www.abc.es\/play\/cine\/noticias\/dwayne-johnson-puedes-seguir-fuerte-sentirte-comodo-20260709013257-nt.html#vtm_modulosEngag=noticiasrelacionadas-cmp-uno:play:noticia:1\" data-voc-vtm-id=\"in-text-traffic\" rel=\"nofollow noopener\" target=\"_blank\"><br \/>\n<img decoding=\"async\" loading=\"lazy\" src=\"https:\/\/www.europesays.com\/es\/wp-content\/uploads\/2026\/07\/vaiana-k9RB--366x256@diario_abc.jpg\" class=\"v-a-img\" width=\"258\" height=\"180\" alt=\"Dwayne Johnson: \u00abPuedes seguir siendo fuerte y sentirte c\u00f3modo siendo vulnerable\u00bb\"\/><br \/>\n<\/a><\/p>\n<\/li>\n<\/ul>\n<p class=\"v-d-p\" style=\"\">Una historia imperfecta e inacabada, pero forjada desde la valent\u00eda y el miedo apartes iguales. Porque todo nace de una gira de despedida que Pinito quiere contar y llama a Natalia Sosa para que sea su cronista personal, desde el circo, un amor entre bambalinas. \u00abTrabaj\u00e1bamos mucho la simbolog\u00eda del circo para reflejar los conflictos internos que te provocaba el rechazo de una sociedad que no te entend\u00eda, es muy complicado vivir en una sociedad que no te comprende y eso se puede trasladar a muchos aspectos de la vida\u00bb, comenta Le\u00f3n al hablar del contexto social del momento.<\/p>\n<p class=\"v-d-p\" style=\"\">&#8216;Tal vez&#8217; viene de un poema hom\u00f3nimo de Sosa, donde habla de la memoria y de c\u00f3mo se difuminan los recuerdos con el paso del tiempo. \u00bfPas\u00f3 de verdad o solo lo estoy idealizando? Arima Le\u00f3n reflexiona en torno a este poema: \u00abCreo que Natalia refleja muy bien esa necesidad de recordar por el regocijo de sentirse, quiz\u00e1s, amada o protegida. Para m\u00ed era muy importante y transversal reflejar esa necesidad de sembrar la duda, no solamente lo que pudo haber pasado entre ellas, porque al final s\u00f3lo conocemos lo que ellas nos permitieron saber, pero tambi\u00e9n me gustaba esta idea de poner en duda nuestros propios recuerdos\u00bb. Las actrices tambi\u00e9n se han planteado sus propios finales, el m\u00e1s optimista viene de Ugarte. \u00abA m\u00ed me gustar\u00eda pensar que en el \u00faltimo momento Pinito dio un golpe en la mesa y se atrevi\u00f3 a vivir su propia vida, no la de los focos y la prensa, sino la Pinito que est\u00e1 deseando sentir y que arde por dentro. Me imagino que un d\u00eda llamas a mi puerta y nos ponemos a escribir juntas, aunque no fuese as\u00ed\u00bb. Su compa\u00f1era de reparto es m\u00e1s esc\u00e9ptica: \u00abLas dos ten\u00edan caracteres muy fuertes y hay historias que est\u00e1n destinadas  a tener este final, a veces es mejor dejarlas en lo plat\u00f3nico\u00bb, rebate Santana.<\/p>\n","protected":false},"excerpt":{"rendered":"Con el mes del orgullo LGTBIQ+ llegando a su final, llega este viernes a los cines &#8216;Tal vez&#8217;,&hellip;\n","protected":false},"author":2,"featured_media":651755,"comment_status":"","ping_status":"","sticky":false,"template":"","format":"standard","meta":{"footnotes":""},"categories":[91],"tags":[162,63383,146,147,981,25,24,1050,3371,119576,872,23,44571,163,2606],"class_list":["post-651754","post","type-post","status-publish","format-standard","has-post-thumbnail","category-entretenimiento","tag-adriana","tag-duena","tag-entertainment","tag-entretenimiento","tag-era","tag-es","tag-espana","tag-nunca","tag-oro","tag-pinito","tag-propia","tag-spain","tag-trapecio","tag-ugarte","tag-vida"],"share_on_mastodon":{"url":"https:\/\/pubeurope.com\/@es\/116897487348525265","error":""},"_links":{"self":[{"href":"https:\/\/www.europesays.com\/es\/wp-json\/wp\/v2\/posts\/651754","targetHints":{"allow":["GET"]}}],"collection":[{"href":"https:\/\/www.europesays.com\/es\/wp-json\/wp\/v2\/posts"}],"about":[{"href":"https:\/\/www.europesays.com\/es\/wp-json\/wp\/v2\/types\/post"}],"author":[{"embeddable":true,"href":"https:\/\/www.europesays.com\/es\/wp-json\/wp\/v2\/users\/2"}],"replies":[{"embeddable":true,"href":"https:\/\/www.europesays.com\/es\/wp-json\/wp\/v2\/comments?post=651754"}],"version-history":[{"count":0,"href":"https:\/\/www.europesays.com\/es\/wp-json\/wp\/v2\/posts\/651754\/revisions"}],"wp:featuredmedia":[{"embeddable":true,"href":"https:\/\/www.europesays.com\/es\/wp-json\/wp\/v2\/media\/651755"}],"wp:attachment":[{"href":"https:\/\/www.europesays.com\/es\/wp-json\/wp\/v2\/media?parent=651754"}],"wp:term":[{"taxonomy":"category","embeddable":true,"href":"https:\/\/www.europesays.com\/es\/wp-json\/wp\/v2\/categories?post=651754"},{"taxonomy":"post_tag","embeddable":true,"href":"https:\/\/www.europesays.com\/es\/wp-json\/wp\/v2\/tags?post=651754"}],"curies":[{"name":"wp","href":"https:\/\/api.w.org\/{rel}","templated":true}]}}