{"id":651766,"date":"2026-07-10T20:15:27","date_gmt":"2026-07-10T20:15:27","guid":{"rendered":"https:\/\/www.europesays.com\/es\/651766\/"},"modified":"2026-07-10T20:15:27","modified_gmt":"2026-07-10T20:15:27","slug":"se-disputo-el-torneo-de-golf-homenaje-a-armando-damiani-la-voz-del-pueblo","status":"publish","type":"post","link":"https:\/\/www.europesays.com\/es\/651766\/","title":{"rendered":"Se disput\u00f3 el torneo de golf homenaje a Armando Damiani \u2013 La Voz del Pueblo"},"content":{"rendered":"<p><strong>La Legi\u00f3n del Golf organiz\u00f3 una emotiva jornada deportiva este 9 de julio para recordar al querido aficionado local. Hubo una destacada participaci\u00f3n en todas las categor\u00edas.<\/strong><\/p>\n<p>Ads<\/p>\n<p>Ayer, en coincidencia con el feriado patrio, se llev\u00f3 a cabo una jornada muy especial para los amantes de los palos de nuestra ciudad. Organizado por La Legi\u00f3n del Golf, se disput\u00f3 el torneo \u00abHomenaje a Armando Damiani\u00bb, un evento pensado para recordar de la mejor manera al querido amigo de la pe\u00f1a y aficionado local: jugando, compartiendo y celebrando su pasi\u00f3n por este deporte.<\/p>\n<p>El certamen se desarroll\u00f3 bajo la modalidad de 18 hoyos Medal Play con salidas simult\u00e1neas. Tras la competencia en los links, la jornada culmin\u00f3 con un lunch de camarader\u00eda, conformando un encuentro ideal para honrar el recuerdo de Damiani en un marco de profundo respeto y afecto.<\/p>\n<p>En cuanto a los resultados deportivos, la organizaci\u00f3n entreg\u00f3 distinciones especiales. El galard\u00f3n al Best Drive qued\u00f3 en manos de Alfredo Grissmann, mientras que Mauricio Mezquita se adjudic\u00f3 el premio al Mejor Approach en el hoyo 6.<\/p>\n<p>Por su parte, las clasificaciones finales en las distintas categor\u00edas quedaron conformadas de la siguiente manera:<\/p>\n<p>Ads<\/p>\n<p>En la divisional de 0 a 9 de h\u00e1ndicap, el ganador fue Santiago Guzm\u00e1n con 70 golpes, seguido por Pedro Arzel, quien tambi\u00e9n finaliz\u00f3 con 70 impactos.<\/p>\n<p><img alt=\"0 a 9 - 1\" fetchpriority=\"low\" decoding=\"async\"   src=\"https:\/\/www.europesays.com\/es\/wp-content\/uploads\/2026\/07\/0_a_9.webp\" width=\"700\" height=\"600\" data-nimg=\"future\" loading=\"lazy\" style=\"color:transparent;object-fit:cover\"\/>Pedro Arzel<img alt=\"0 a 9 - 2\" fetchpriority=\"low\" decoding=\"async\"   src=\"https:\/\/www.europesays.com\/es\/wp-content\/uploads\/2026\/07\/0_a_9_1.webp\" width=\"700\" height=\"600\" data-nimg=\"future\" loading=\"lazy\" style=\"color:transparent;object-fit:cover\"\/>Santiago Guzm\u00e1n<\/p>\n<p>En la categor\u00eda de 10 a 16, el primer puesto fue para Nico Pesalaccia, quien firm\u00f3 una excelente tarjeta de 67 golpes, escoltado por Carlos Alberto Robles con 68.<\/p>\n<p>\u00a0<\/p>\n<p>Ads<img alt=\"10 a 16 - 2\" fetchpriority=\"low\" decoding=\"async\"   src=\"https:\/\/www.europesays.com\/es\/wp-content\/uploads\/2026\/07\/10_a_16_1.webp\" width=\"700\" height=\"600\" data-nimg=\"future\" loading=\"lazy\" style=\"color:transparent;object-fit:cover\"\/>Nico Pesalaccia<img alt=\"10 a 16 - 1\" fetchpriority=\"low\" decoding=\"async\"   src=\"https:\/\/www.europesays.com\/es\/wp-content\/uploads\/2026\/07\/10_a_16.webp\" width=\"700\" height=\"600\" data-nimg=\"future\" loading=\"lazy\" style=\"color:transparent;object-fit:cover\"\/>Carlos Alberto Robles\u00a0<\/p>\n<p>\u00a0<\/p>\n<p>En la divisional de 17 a 24, Juan Cruz Galli se qued\u00f3 con la victoria tras emplear 68 golpes, relegando al segundo lugar a Ferm\u00edn Echarry, que culmin\u00f3 su recorrido con 71.<\/p>\n<p>\u00a0<\/p>\n<p><img alt=\"Juan Cruz Galli\" fetchpriority=\"low\" decoding=\"async\"   src=\"https:\/\/www.europesays.com\/es\/wp-content\/uploads\/2026\/07\/juan_cruz_galli.webp\" width=\"700\" height=\"600\" data-nimg=\"future\" loading=\"lazy\" style=\"color:transparent;object-fit:cover\"\/>Juan Cruz Galli<\/p>\n<p>\u00a0<\/p>\n<p>Finalmente, en la categor\u00eda de 25 a 54, el primer lugar de la clasificaci\u00f3n se lo adjudic\u00f3 Mariana Aiello con 71 golpes, secundada por N\u00e9stor Daguerre con 73.<\/p>\n<p>\u00a0<\/p>\n<p><img alt=\"aiello daguerre - 1\" fetchpriority=\"low\" decoding=\"async\"   src=\"https:\/\/www.europesays.com\/es\/wp-content\/uploads\/2026\/07\/aiello_daguerre.webp\" width=\"700\" height=\"600\" data-nimg=\"future\" loading=\"lazy\" style=\"color:transparent;object-fit:cover\"\/>Mariana Aiello\u00a0<img alt=\"aiello daguerre - 2\" fetchpriority=\"low\" decoding=\"async\"   src=\"https:\/\/www.europesays.com\/es\/wp-content\/uploads\/2026\/07\/aiello_daguerre_1.webp\" width=\"700\" height=\"600\" data-nimg=\"future\" loading=\"lazy\" style=\"color:transparent;object-fit:cover\"\/>N\u00e9stor Daguerre\u00a0<\/p>\n<p>\u00a0<\/p>\n<p>\u00a0<\/p>\n<p><strong>Entrega de premios<\/strong><\/p>\n<p><strong>Adem\u00e1s, desde el Tres Arroyos Golf Club realizaron la entrega de premios correspondiente a eventos anteriores<\/strong><\/p>\n<p><img alt=\"4ball - 1\" fetchpriority=\"low\" decoding=\"async\"   src=\"https:\/\/www.europesays.com\/es\/wp-content\/uploads\/2026\/07\/4ball.webp\" width=\"700\" height=\"600\" data-nimg=\"future\" loading=\"lazy\" style=\"color:transparent;object-fit:cover\"\/>Arie Groenenberg y Serafin Sillero -ausente- recibieron el trofeo tras ganar el Four Ball<img alt=\"4ball - 2\" fetchpriority=\"low\" decoding=\"async\"   src=\"https:\/\/www.europesays.com\/es\/wp-content\/uploads\/2026\/07\/4ball_1.webp\" width=\"700\" height=\"600\" data-nimg=\"future\" loading=\"lazy\" style=\"color:transparent;object-fit:cover\"\/>Juan Cruz Galli e Imanol Iriarte, segundo puesto del Four Ball Match<\/p>\n<p>\u00a0<\/p>\n<p><img alt=\"clasi\" fetchpriority=\"low\" decoding=\"async\"   src=\"https:\/\/www.europesays.com\/es\/wp-content\/uploads\/2026\/07\/clasi.webp\" width=\"700\" height=\"600\" data-nimg=\"future\" loading=\"lazy\" style=\"color:transparent;object-fit:cover\"\/>Augusto Iraola y Nico Pesalaccia recibieron su premio por ganar la clasificaci\u00f3n al Four Ball<\/p>\n","protected":false},"excerpt":{"rendered":"La Legi\u00f3n del Golf organiz\u00f3 una emotiva jornada deportiva este 9 de julio para recordar al querido aficionado&hellip;\n","protected":false},"author":2,"featured_media":651767,"comment_status":"","ping_status":"","sticky":false,"template":"","format":"standard","meta":{"footnotes":""},"categories":[275],"tags":[9725,119577,168,25,24,329,6552,23,167,775],"class_list":["post-651766","post","type-post","status-publish","format-standard","has-post-thumbnail","category-golf","tag-armando","tag-damiani","tag-deportes","tag-es","tag-espana","tag-golf","tag-homenaje","tag-spain","tag-sports","tag-torneo"],"share_on_mastodon":{"url":"https:\/\/pubeurope.com\/@es\/116897523117182078","error":""},"_links":{"self":[{"href":"https:\/\/www.europesays.com\/es\/wp-json\/wp\/v2\/posts\/651766","targetHints":{"allow":["GET"]}}],"collection":[{"href":"https:\/\/www.europesays.com\/es\/wp-json\/wp\/v2\/posts"}],"about":[{"href":"https:\/\/www.europesays.com\/es\/wp-json\/wp\/v2\/types\/post"}],"author":[{"embeddable":true,"href":"https:\/\/www.europesays.com\/es\/wp-json\/wp\/v2\/users\/2"}],"replies":[{"embeddable":true,"href":"https:\/\/www.europesays.com\/es\/wp-json\/wp\/v2\/comments?post=651766"}],"version-history":[{"count":0,"href":"https:\/\/www.europesays.com\/es\/wp-json\/wp\/v2\/posts\/651766\/revisions"}],"wp:featuredmedia":[{"embeddable":true,"href":"https:\/\/www.europesays.com\/es\/wp-json\/wp\/v2\/media\/651767"}],"wp:attachment":[{"href":"https:\/\/www.europesays.com\/es\/wp-json\/wp\/v2\/media?parent=651766"}],"wp:term":[{"taxonomy":"category","embeddable":true,"href":"https:\/\/www.europesays.com\/es\/wp-json\/wp\/v2\/categories?post=651766"},{"taxonomy":"post_tag","embeddable":true,"href":"https:\/\/www.europesays.com\/es\/wp-json\/wp\/v2\/tags?post=651766"}],"curies":[{"name":"wp","href":"https:\/\/api.w.org\/{rel}","templated":true}]}}