{"id":651784,"date":"2026-07-10T20:27:19","date_gmt":"2026-07-10T20:27:19","guid":{"rendered":"https:\/\/www.europesays.com\/es\/651784\/"},"modified":"2026-07-10T20:27:19","modified_gmt":"2026-07-10T20:27:19","slug":"marquez-este-circuito-es-como-roland-garros-para-rafa-nadal-si-no-gana-es-noticia","status":"publish","type":"post","link":"https:\/\/www.europesays.com\/es\/651784\/","title":{"rendered":"M\u00e1rquez: \u00abEste circuito es como Roland Garros para Rafa Nadal; si no gana es noticia\u00bb"},"content":{"rendered":"<p><a href=\"https:\/\/es.motorsport.com\/driver\/marc-marquez\/38307\/\" target=\"_blank\" rel=\"noopener nofollow\">Marc M\u00e1rquez<\/a> avis\u00f3 en la previa del Gran Premio de Alemania que, pese acumular nueve victorias en este circuito en la m\u00e1xima categor\u00eda, no iba a ser un fin de semana f\u00e1cil, aunque s\u00ed adelant\u00f3 que iba a ser m\u00e1s agresivo de lo que fue en Assen, hace dos semanas, donde su \u00fanico objetivo fue no caerse y lesionarse.<\/p>\n<p>\u00abYo no miento, ya dije que ir\u00eda en un modo m\u00e1s agresivo\u00bb, dijo Marc al final del d\u00eda, despu\u00e9s de bajar el crono hasta un 1.19.394, el m\u00e1s r\u00e1pido del viernes, un resultado que, sin embargo, no acab\u00f3 de dejarle satisfecho. \u00abEs verdad que estamos los primeros, pero no me sale de la forma en que me habr\u00eda gustado. Hay que cambiar un par de cosas, pero estamos bastante bien\u00bb, a\u00f1adi\u00f3 el corredor de <a href=\"https:\/\/es.motorsport.com\/team\/ducati-team\/543\/\" target=\"_blank\" rel=\"noopener nofollow\">Ducati<\/a>.<\/p>\n<p>La jornada no empez\u00f3 de la mejor manera, ya que en los primeros compases del FP1 de la ma\u00f1ana, M\u00e1rquez sufri\u00f3 una ca\u00edda en la curva 3, afortunadamente, sin consecuencias. Un punto donde se hab\u00eda registrado una ca\u00edda en Moto3, dos en Moto2 y, justo antes de Marc, la de <a href=\"https:\/\/es.motorsport.com\/driver\/cal-crutchlow\/30204\/\" target=\"_blank\" rel=\"noopener nofollow\">Cal Crutchlow<\/a>.<\/p>\n<p>\u00abEn el punto en el que me he ca\u00eddo hay un bache, y no hab\u00eda analizado las ca\u00eddas de Moto2 y Moto3. Adem\u00e1s, el bache de la curva 3 est\u00e1 justo en la l\u00ednea buena de la trazada\u00bb, un bache que al parecer el pasado a\u00f1o no exist\u00eda ya que se ha remozado esa zona del asfalto.<\/p>\n<p>\u00abCuando hay algo nuevo soy el primero en probarlo, tambi\u00e9n los baches\u00bb, brome\u00f3. \u00abNos han dicho que para el a\u00f1o que viene lo arreglar\u00e1n\u00bb, inform\u00f3.<\/p>\n<p>   <img decoding=\"async\" draggable=\"false\" src=\"https:\/\/www.europesays.com\/es\/wp-content\/uploads\/2026\/07\/marc-marquez-ducati-team.jpg\" alt=\"Marc M\u00e1rquez, Ducati Team\" width=\"1200\" height=\"800\" loading=\"lazy\"\/> <\/p>\n<p class=\"title\">Marc M\u00e1rquez, Ducati Team<\/p>\n<p class=\"photographer\">Foto de: Gold and Goose Photography \/ Getty Images<\/p>\n<p>Adem\u00e1s de la victoria el domingo, M\u00e1rquez logr\u00f3 en Sachsenring el pasado a\u00f1o el triunfo en la sprint, sumando un pleno de 37 puntos, algo que podr\u00eda repetirse este a\u00f1o en &#8216;su circuito&#8217;, es m\u00e1s bien claro favorito a lograrlo.<\/p>\n<p>\u00abNo significa que este sea uno de mis circuitos, no me afecta ni para bien ni para mal. Este circuito es bueno, sale f\u00e1cil. Es un poco como Rafa Nadal en Roland Garros, que si no gana es noticia\u00bb, compar\u00f3.<\/p>\n<p>Aunque a una vuelta Marc fue el m\u00e1s r\u00e1pido, el espa\u00f1ol quiso destacar el buen trabajo de <a href=\"https:\/\/es.motorsport.com\/driver\/fabio-di-giannantonio\/408439\/\" target=\"_blank\" rel=\"noopener nofollow\">Fabio Di Giannantonio<\/a>, la primera Ducati en la general.<\/p>\n<p>\u00abEl que tiene m\u00e1s ritmo en estos momentos es Diggia. Lo bueno es que, cuando aprieto, los tiempos salen. Veremos ma\u00f1ana d\u00f3nde estoy yo, y d\u00f3nde est\u00e1n los dem\u00e1s\u00bb, valor\u00f3.<\/p>\n<p>Tras el enfado de Assen, donde se suprimi\u00f3 el dispositivo de salida sin previo aviso, advirtiendo Marc del peligro que eso supon\u00eda, este viernes se mostr\u00f3 m\u00e1s receptivo. La salida aqu\u00ed es menos cr\u00edtica que en Assen\u00bb.<\/p>\n<p>Por si te lo perdiste:<\/p>\n<p>            Queremos tu opini\u00f3n<\/p>\n<p class=\"mt-auto\">\u00bfQu\u00e9 le gustar\u00eda ver en Motorsport.com?<\/p>\n<p>            <a href=\"#\" class=\"ms-link text-link font-bold\">Responda a nuestra encuesta de 5 minutos.<\/a><\/p>\n<p class=\"mt-1 text-body\">&#8211; El equipo de Motorsport.com<\/p>\n","protected":false},"excerpt":{"rendered":"Marc M\u00e1rquez avis\u00f3 en la previa del Gran Premio de Alemania que, pese acumular nueve victorias en este&hellip;\n","protected":false},"author":2,"featured_media":651785,"comment_status":"","ping_status":"","sticky":false,"template":"","format":"standard","meta":{"footnotes":""},"categories":[93],"tags":[168,22274,25,24,119580,89367,12143,119579,119581,23,167],"class_list":["post-651784","post","type-post","status-publish","format-standard","has-post-thumbnail","category-deportes","tag-deportes","tag-ducati","tag-es","tag-espana","tag-gp-de-alemania","tag-marc-mu00e1rquez","tag-motogp","tag-mu00e1rquez-este-circuito-es-como-roland-garros-para-rafa-nadal-si-no-gana-es-noticia","tag-sachsenring","tag-spain","tag-sports"],"share_on_mastodon":{"url":"https:\/\/pubeurope.com\/@es\/116897569726752283","error":""},"_links":{"self":[{"href":"https:\/\/www.europesays.com\/es\/wp-json\/wp\/v2\/posts\/651784","targetHints":{"allow":["GET"]}}],"collection":[{"href":"https:\/\/www.europesays.com\/es\/wp-json\/wp\/v2\/posts"}],"about":[{"href":"https:\/\/www.europesays.com\/es\/wp-json\/wp\/v2\/types\/post"}],"author":[{"embeddable":true,"href":"https:\/\/www.europesays.com\/es\/wp-json\/wp\/v2\/users\/2"}],"replies":[{"embeddable":true,"href":"https:\/\/www.europesays.com\/es\/wp-json\/wp\/v2\/comments?post=651784"}],"version-history":[{"count":0,"href":"https:\/\/www.europesays.com\/es\/wp-json\/wp\/v2\/posts\/651784\/revisions"}],"wp:featuredmedia":[{"embeddable":true,"href":"https:\/\/www.europesays.com\/es\/wp-json\/wp\/v2\/media\/651785"}],"wp:attachment":[{"href":"https:\/\/www.europesays.com\/es\/wp-json\/wp\/v2\/media?parent=651784"}],"wp:term":[{"taxonomy":"category","embeddable":true,"href":"https:\/\/www.europesays.com\/es\/wp-json\/wp\/v2\/categories?post=651784"},{"taxonomy":"post_tag","embeddable":true,"href":"https:\/\/www.europesays.com\/es\/wp-json\/wp\/v2\/tags?post=651784"}],"curies":[{"name":"wp","href":"https:\/\/api.w.org\/{rel}","templated":true}]}}