{"id":6518,"date":"2025-07-27T07:49:12","date_gmt":"2025-07-27T07:49:12","guid":{"rendered":"https:\/\/www.europesays.com\/es\/6518\/"},"modified":"2025-07-27T07:49:12","modified_gmt":"2025-07-27T07:49:12","slug":"concierto-santana-barcelona-santana-chaman-afrolatino-y-guitarrista-de-guitarristas-en-el-palau-sant-jordi","status":"publish","type":"post","link":"https:\/\/www.europesays.com\/es\/6518\/","title":{"rendered":"CONCIERTO SANTANA BARCELONA | Santana, cham\u00e1n afrolatino y guitarrista de guitarristas en el Palau Sant Jordi"},"content":{"rendered":"<p class=\"ft-text ft-helper-closenews\">El \u00e9xito de <strong>\u2018Supernatural\u2019<\/strong>, \u00e1lbum del que se conmemora el <strong>25\u00ba aniversario<\/strong>, revaloriz\u00f3 a Santana en el paisaje comercial (30 millones de ejemplares), pero lo desvi\u00f3 un poco de su camino. En su esencia como guitarrista est\u00e1n los <strong>rituales afrolatinos<\/strong> de sus primeros \u00e1lbumes, con bacanales de percusiones, solos selv\u00e1ticos y aquella <strong>m\u00edstica<\/strong> que conectaba con el esp\u00edritu <strong>\u2018hippie\u2019<\/strong>. Pero todo ello puede convivir en sus conciertos, el <strong>desahogo ritual psicotr\u00f3pico<\/strong> <strong>y el contoneo latino de la era MTV<\/strong>, sendos polos entre los que bascul\u00f3 el pase de este s\u00e1bado en el Palau Sant Jordi (cita del festival Guitar BCN, que atrajo a 11.800 personas seg\u00fan la promotora The Project).<\/p>\n<p class=\"ft-text\">Hac\u00eda 22 a\u00f1os que Carlos Santana no actuaba en Barcelona (aunque en la \u00faltima d\u00e9cada ha pasado por Cap Roig y Peralada) y, a sus 78, se mostr\u00f3 en forma con sus digitaciones n\u00edtidas. Guitarrista crecido en los tiempos en que<strong> el sentimiento pesaba m\u00e1s que las carreras y malabarismos en el m\u00e1stil,<\/strong> pero no por ello poco incisivo, entr\u00f3 en acci\u00f3n tirando del <strong>material m\u00edtico<\/strong> de su primer \u00e1lbum: un \u2018Soul sacrifice\u2019 propulsado por el triple \u2018set\u2019 de percusiones y con ramalazos hard rock, un <strong>\u2018Jingo\u2019 que despert\u00f3 recuerdos de su actuaci\u00f3n en<\/strong> <strong>Woodstock (1969)<\/strong> y otro aquelarre con \u2018Evil ways\u2019, cuyo \u2018tempo\u2019 de son cubano permiti\u00f3 un injerto de \u2018Do it again\u2019, de Steely Dan.<\/p>\n<p class=\"ft-text\">As\u00ed que la parcela del p\u00fablico que estaba ah\u00ed atra\u00eddo por sus \u2018hits\u2019 de 1999-2002 tuvo que tom\u00e1rselo con calma. Santana sigue siendo aquel<strong> guitarrista de rock guiado por el sentido de la improvisaci\u00f3n del blues y del jazz,<\/strong> y presume tanto de di\u00e1logos instrumentales fogosos como de historia: ah\u00ed estuvieron sus adaptaciones de \u2018Black magic woman\u2019 (Peter Green) y el mambo \u2018Oye como va\u2019 (Tito Puente), y la balada \u2018in crescendo\u2019 \u2018Samba pa ti\u2019.<\/p>\n<p class=\"ft-text\">Recostado en un taburete y mascando chicle todo el rato, Santana no dej\u00f3 de lucirse con su modelo PRS, buscando las notas m\u00e1s agudas, tambi\u00e9n subrayando los fraseos de las piezas cantadas, como esa novedad llamada \u2018Me retiro\u2019, que ha grabado con el tejano Grupo Frontera. Tom\u00f3 la palabra para expresar su convencimiento de que \u201c<strong>juntos podemos cambiar el destino de este planeta<\/strong>\u201d, ahora que \u201c<strong>Corea, China, Rusia\u2026, hablan de \u2018nuclear war\u2019<\/strong>\u201d.<\/p>\n<p class=\"ft-text\">En sus conciertos no hay \u2018frontman\u2019: \u00e9l se mezcla con sus m\u00fasicos y las tareas vocales recaen en Ray Greene y, sobre todo, Andy Vargas. S\u00ed, es la m\u00fasica la que centr\u00f3 el foco en el Sant Jordi, tambi\u00e9n cuando sonaron las <strong>dianas comerciales del rock latino<\/strong>: <strong>\u2018Mar\u00eda, Mar\u00eda\u2019<\/strong> <strong>y, al final,<\/strong> <strong>\u2018Coraz\u00f3n espinado\u2019<\/strong> y <strong>\u2018Smooth\u2019<\/strong>. Canciones con las que Santana consum\u00f3 su viaje de la espiritualidad al latineo sensual, con su guitarra como talism\u00e1n armonizador.<\/p>\n<p data-close=\"closedContent\" class=\"subscribeHideForDisplay\">Suscr\u00edbete para seguir leyendo<\/p>\n","protected":false},"excerpt":{"rendered":"El \u00e9xito de \u2018Supernatural\u2019, \u00e1lbum del que se conmemora el 25\u00ba aniversario, revaloriz\u00f3 a Santana en el paisaje&hellip;\n","protected":false},"author":2,"featured_media":6519,"comment_status":"","ping_status":"","sticky":false,"template":"","format":"standard","meta":{"footnotes":""},"categories":[91],"tags":[210,2339,208,146,147,25,24,5384,5383,3327,23],"class_list":{"0":"post-6518","1":"post","2":"type-post","3":"status-publish","4":"format-standard","5":"has-post-thumbnail","7":"category-entretenimiento","8":"tag-barcelona","9":"tag-concierto","10":"tag-conciertos","11":"tag-entertainment","12":"tag-entretenimiento","13":"tag-es","14":"tag-espana","15":"tag-guitarbcn","16":"tag-palau-sant-jordi","17":"tag-santana","18":"tag-spain"},"share_on_mastodon":{"url":"","error":""},"_links":{"self":[{"href":"https:\/\/www.europesays.com\/es\/wp-json\/wp\/v2\/posts\/6518","targetHints":{"allow":["GET"]}}],"collection":[{"href":"https:\/\/www.europesays.com\/es\/wp-json\/wp\/v2\/posts"}],"about":[{"href":"https:\/\/www.europesays.com\/es\/wp-json\/wp\/v2\/types\/post"}],"author":[{"embeddable":true,"href":"https:\/\/www.europesays.com\/es\/wp-json\/wp\/v2\/users\/2"}],"replies":[{"embeddable":true,"href":"https:\/\/www.europesays.com\/es\/wp-json\/wp\/v2\/comments?post=6518"}],"version-history":[{"count":0,"href":"https:\/\/www.europesays.com\/es\/wp-json\/wp\/v2\/posts\/6518\/revisions"}],"wp:featuredmedia":[{"embeddable":true,"href":"https:\/\/www.europesays.com\/es\/wp-json\/wp\/v2\/media\/6519"}],"wp:attachment":[{"href":"https:\/\/www.europesays.com\/es\/wp-json\/wp\/v2\/media?parent=6518"}],"wp:term":[{"taxonomy":"category","embeddable":true,"href":"https:\/\/www.europesays.com\/es\/wp-json\/wp\/v2\/categories?post=6518"},{"taxonomy":"post_tag","embeddable":true,"href":"https:\/\/www.europesays.com\/es\/wp-json\/wp\/v2\/tags?post=6518"}],"curies":[{"name":"wp","href":"https:\/\/api.w.org\/{rel}","templated":true}]}}