{"id":651836,"date":"2026-07-10T21:07:24","date_gmt":"2026-07-10T21:07:24","guid":{"rendered":"https:\/\/www.europesays.com\/es\/651836\/"},"modified":"2026-07-10T21:07:24","modified_gmt":"2026-07-10T21:07:24","slug":"el-principe-harry-meghan-markle-y-sus-dos-hijos-visitan-al-rey-carlos-y-camilla-tras-anos-de-distanciamiento","status":"publish","type":"post","link":"https:\/\/www.europesays.com\/es\/651836\/","title":{"rendered":"El Pr\u00edncipe Harry, Meghan Markle y sus dos hijos visitan al Rey Carlos y Camilla tras a\u00f1os de distanciamiento"},"content":{"rendered":"<p style=\"\">Despu\u00e9s de d\u00edas de especulaciones sobre un posible reencuentro entre Carlos III y el Pr\u00edncipe Harry, <strong>padre e hijo se han visto este viernes por la tarde <\/strong>durante la visita que el segundo est\u00e1 realizando estos d\u00edas a <a href=\"https:\/\/www.abc.es\/noticias\/reino-unido\/\" title=\"\" data-voc-vtm-id=\"in-text-traffic\" data-mrf-link=\"www.abc.es\" rel=\"nofollow noopener\" target=\"_blank\">Reino Unido<\/a> con su familia por  &#8230; los actos de los Juegos Invictus en Birmingham. La reuni\u00f3n es la primera desde 2022, cuando los duques de Sussex acudieron al funeral de la Isabel II.<\/p>\n<p class=\"v-d-p\" style=\"\">El <a href=\"https:\/\/www.abc.es\/noticias\/carlos-de-inglaterra\/\" title=\"\" data-voc-vtm-id=\"in-text-traffic\" data-mrf-link=\"www.abc.es\" rel=\"nofollow noopener\" target=\"_blank\">Rey Carlos<\/a> y su esposa, la reina Camilla, han recibido a Harry, <strong>a su esposa, Meghan, y a sus dos hijos<\/strong> en Highgrove House a primera hora de la tarde, seg\u00fan ha informado Buckingham Palace y recoge la BBC. El Pr\u00edncipe solo ha visitado Reino Unido una o dos veces al a\u00f1o desde el distanciamiento con su padre a causa de una acumulaci\u00f3n de tensiones institucionales, reproches personales y disputas legales continuas..<\/p>\n<p class=\"v-d-p\" style=\"\">El Palacio de Buckingham ha descrito la reuni\u00f3n en la residencia privada del Rey en Gloucestershire como <strong>un \u00abevento familiar privado\u00bb<\/strong>, y es la primera vez desde hace m\u00e1s de cuatro a\u00f1os que ve en persona a sus nietos Archie, de siete, y Lilibet, de cinco. La duquesa de Sussex y sus hijos han viajado hasta Reino Unido desde un lugar no especificado de Europa para asistir a la reuni\u00f3n, de acuerdo con la agencia de noticias Press Association, y no est\u00e1 claro d\u00f3nde se alojan.<\/p>\n<ul class=\"v-cmp-rld__u\">\n<li class=\"v-cmp-rld__l\">\n<p><a class=\"v-a-lnk\" href=\"http:\/\/www.abc.es\/gente\/casa-real-seguridad-palacio-buckingham-niega-alojamiento-20260706184254-nt.html#vtm_modulosEngag=noticiasrelacionadas-cmp-uno:gente:noticia:1\" data-voc-vtm-id=\"in-text-traffic\" rel=\"nofollow noopener\" target=\"_blank\"><br \/>\n<img decoding=\"async\" loading=\"lazy\" src=\"https:\/\/www.europesays.com\/es\/wp-content\/uploads\/2026\/07\/U598794_022-U40132640122mrg-366x256@diario_abc.jpg\" class=\"v-a-img\" width=\"258\" height=\"180\" alt=\"El Palacio de Buckingham niega alojamiento al pr\u00edncipe Harry en su visita a Londres\"\/><br \/>\n<\/a><\/p>\n<p class=\"v-a-p-t\">\nSin casa real y sin seguridad\n<\/p>\n<\/li>\n<\/ul>\n<p class=\"v-d-p\" style=\"\">Esta reuni\u00f3n supone <strong>un avance significativo <\/strong>en las relaciones familiares, tensas desde la partida del <a href=\"https:\/\/www.abc.es\/noticias\/principe-enrique-de-inglaterra-harry\/\" title=\"\" data-voc-vtm-id=\"in-text-traffic\" data-mrf-link=\"www.abc.es\" rel=\"nofollow noopener\" target=\"_blank\">Pr\u00edncipe Harry<\/a> y Meghan Markle del Reino Unido y de la renuncia a sus deberes reales en 2020. Padre e hijo quer\u00edan reunirse esta semana, y el Rey estaba deseoso de ver a sus dos nietos peque\u00f1os, de acuerdo con las fuentes citadas por la cadena p\u00fablica brit\u00e1nica.<\/p>\n<p class=\"v-d-p\" style=\"\">Antes de iniciar el viaje, el Pr\u00edncipe Harry mostr\u00f3 su disconformidad con la decisi\u00f3n de Buckingham Palace de <strong>denegarle la seguridad<\/strong>. El comit\u00e9 RAVEC, encargado de la protecci\u00f3n de la realeza, rechaz\u00f3 formalmente la petici\u00f3n del duque para disponer de escolta policial financiada con los fondos p\u00fablicos durante todo el viaje. <\/p>\n<p class=\"v-d-p\" style=\"\">Al parecer, tambi\u00e9n expres\u00f3 su disgusto por<strong> la imposibilidad de alojarse en el palacio de Buckingham<\/strong>, tal y como se esperaba. A pesar de que Carlos III hab\u00eda acordado ofrecerle una residencia real para su estancia de cinco d\u00edas, el duque de Sussex dej\u00f3 expirar el plazo de confirmaci\u00f3n, lo que ha provocado la cancelaci\u00f3n de la oferta.<\/p>\n<p class=\"v-d-p\" style=\"\">Durante el encuentro entre ambas familias, el Pr\u00edncipe William participaba en un partido ben\u00e9fico de polo en Windsor. La relaci\u00f3n entre los hermanos<strong> sigue rota <\/strong>y no hay planes para que se re\u00fanan mientras Harry y Meghan est\u00e9n en el Reino Unido.<\/p>\n","protected":false},"excerpt":{"rendered":"Despu\u00e9s de d\u00edas de especulaciones sobre un posible reencuentro entre Carlos III y el Pr\u00edncipe Harry, padre e&hellip;\n","protected":false},"author":2,"featured_media":651837,"comment_status":"","ping_status":"","sticky":false,"template":"","format":"standard","meta":{"footnotes":""},"categories":[174],"tags":[40307,415,255,146,147,25,24,256,12144,563,30325,20545,14921,5330,23,603,2985],"class_list":["post-651836","post","type-post","status-publish","format-standard","has-post-thumbnail","category-famosos","tag-camila","tag-carlos","tag-celebrities","tag-entertainment","tag-entretenimiento","tag-es","tag-espana","tag-famosos","tag-harry","tag-hijos","tag-markle","tag-meghan","tag-principe","tag-rey","tag-spain","tag-tres","tag-visitan"],"share_on_mastodon":{"url":"https:\/\/pubeurope.com\/@es\/116897726991266575","error":""},"_links":{"self":[{"href":"https:\/\/www.europesays.com\/es\/wp-json\/wp\/v2\/posts\/651836","targetHints":{"allow":["GET"]}}],"collection":[{"href":"https:\/\/www.europesays.com\/es\/wp-json\/wp\/v2\/posts"}],"about":[{"href":"https:\/\/www.europesays.com\/es\/wp-json\/wp\/v2\/types\/post"}],"author":[{"embeddable":true,"href":"https:\/\/www.europesays.com\/es\/wp-json\/wp\/v2\/users\/2"}],"replies":[{"embeddable":true,"href":"https:\/\/www.europesays.com\/es\/wp-json\/wp\/v2\/comments?post=651836"}],"version-history":[{"count":0,"href":"https:\/\/www.europesays.com\/es\/wp-json\/wp\/v2\/posts\/651836\/revisions"}],"wp:featuredmedia":[{"embeddable":true,"href":"https:\/\/www.europesays.com\/es\/wp-json\/wp\/v2\/media\/651837"}],"wp:attachment":[{"href":"https:\/\/www.europesays.com\/es\/wp-json\/wp\/v2\/media?parent=651836"}],"wp:term":[{"taxonomy":"category","embeddable":true,"href":"https:\/\/www.europesays.com\/es\/wp-json\/wp\/v2\/categories?post=651836"},{"taxonomy":"post_tag","embeddable":true,"href":"https:\/\/www.europesays.com\/es\/wp-json\/wp\/v2\/tags?post=651836"}],"curies":[{"name":"wp","href":"https:\/\/api.w.org\/{rel}","templated":true}]}}