{"id":651874,"date":"2026-07-10T21:37:30","date_gmt":"2026-07-10T21:37:30","guid":{"rendered":"https:\/\/www.europesays.com\/es\/651874\/"},"modified":"2026-07-10T21:37:30","modified_gmt":"2026-07-10T21:37:30","slug":"espana-encara-el-eurobasket-dispuesta-a-recuperar-posiciones","status":"publish","type":"post","link":"https:\/\/www.europesays.com\/es\/651874\/","title":{"rendered":"Espa\u00f1a encara el Eurobasket dispuesta a recuperar posiciones"},"content":{"rendered":"<p>Espa\u00f1a U20 Masculina encara el Eurobasket de la categor\u00eda, que se disputar\u00e1 en Liubliana, con el objetivo de recuperar posiciones entre los grandes cuatro a\u00f1os despu\u00e9s de su \u00faltima medalla, el oro de 2022. B\u00e9lgica ser\u00e1 el s\u00e1bado el primer rival en la primera fase.<\/p>\n<p>\u00c1REA DE COMUNICACI\u00d3N FEB<\/p>\n<p>Carles Marco ha conjuntado un equipo competitivo que buscar\u00e1 en la capital de Eslovenia competir ante las mejores selecciones del continente. Se concentraron el pasado 16 de junio en la localidad aragonesa de Utebo, y han disputado dos torneos de alto nivel con cuatro victorias y dos derrotas como balance. En Dommegge di Cadore ganaron a Alemania y Grecia, y perdieron el d\u00eda del debut ante los anfitriones, Italia. En su regreso a Utebo vencieron a Croacia y Lituania, para caer ante Francia.<\/p>\n<p>Ser\u00e1 el vigesimotercer Eurobasket consecutivo del equipo espa\u00f1ol, que domina el medallero hist\u00f3rico por encima de Francia y Lituania. Con todo, el equipo espa\u00f1ol no sube al podio desde que en 2022 lo hizo para colgarse la medalla de oro.<\/p>\n<p>El seleccionador, Carles Marco, ha elegido a estos doce jugadores: Bruno Aloc\u00e9n, \u00c1lex Blanco, Rafael Rodr\u00edguez, Max Gasp\u00e0, Iker Garmendia, Jorge Carot, Jorge Arias, Adri\u00e1n Torres, Ra\u00fal Villar, Andr\u00e9s Am\u00f3n, D\u00eddac Cebolla y Michael Enabulele.<\/p>\n<p>Espa\u00f1a arrancar\u00e1 el campeonato este s\u00e1bado contra B\u00e9lgica y completar\u00e1 la fase de grupos el domingo frente a Croacia y el lunes contra Grecia. Los cruces arrancar\u00e1n el mi\u00e9rcoles, todo en Liubliana, la capital de Eslovenia. Para los cruces se clasificar\u00e1n las 16 selecciones participantes y en octavos el grupo de Espa\u00f1a, el B, se cruzar\u00e1, seg\u00fan posici\u00f3n final, con un rival del grupo de la primera ronda en el que est\u00e1n Eslovenia, Ruman\u00eda, Israel y Rep\u00fablica Checa. Con los tres rivales del grupo de la primera fase, el balance de enfrentamientos es favorable frente a B\u00e9lgica (3-0) y Croacia (10-2) y est\u00e1 igualado con Israel (4-4).<\/p>\n<p>A lo largo de su participaci\u00f3n en los Eurobasket de la categor\u00eda han participado un total de 203 jugadores, de los que 69 alcanzaron posteriormente la internacionalidad absoluta. En el palmar\u00e9s, Albero Abalde y Sebas Saiz son los dos jugadores que m\u00e1s partidos han jugado (20) y Nikola Mirotic (335) y Dani D\u00edez (316) los m\u00e1ximos anotadores.<\/p>\n<p>LOS GRUPOS<br \/>&#13;<br \/>\n GRUPO A FRANCIA, ITALIA, ALEMANIA Y TURQU\u00cdA<br \/>&#13;<br \/>\n GRUPO B LITUANIA, SERBIA, POLONIA Y LETONIA<br \/>&#13;<br \/>\n GRUPO C ESPA\u00d1A, GRECIA, B\u00c9LGICA Y CROACIA<br \/>&#13;<br \/>\n GRUPO D ISRAEL, ESLOVENIA, REP\u00daBLICA CHGECA Y RUMAN\u00cdA<\/p>\n<p>EL CALENDARIO<br \/>&#13;<br \/>\n 11 JULIO\u00a0 ESPA\u00d1A-B\u00c9LGICA<br \/>&#13;<br \/>\n 12 JULIO\u00a0 ESPA\u00d1A-CROACIA<br \/>&#13;<br \/>\n 13 JULIO\u00a0 ESPA\u00d1A-GRECIA<br \/>&#13;<br \/>\n 15 JULIO\u00a0 OCTAVOS DE FINAL<br \/>&#13;<br \/>\n 16 JULIO\u00a0 CUARTOS DE FINAL<br \/>&#13;<br \/>\n 18 JULIO\u00a0 SEMIFINALES<br \/>&#13;<br \/>\n 19 JULIO\u00a0 FINALES<br \/>&#13;<br \/>\n \u00a0<\/p>\n","protected":false},"excerpt":{"rendered":"Espa\u00f1a U20 Masculina encara el Eurobasket de la categor\u00eda, que se disputar\u00e1 en Liubliana, con el objetivo de&hellip;\n","protected":false},"author":2,"featured_media":651875,"comment_status":"","ping_status":"","sticky":false,"template":"","format":"standard","meta":{"footnotes":""},"categories":[93],"tags":[4605,299,1918,4597,4613,4616,4609,4608,4610,168,4603,4606,25,24,4120,4598,4614,2713,4601,830,4599,4600,4602,4615,4617,4607,4604,23,167,4611,4612],"class_list":["post-651874","post","type-post","status-publish","format-standard","has-post-thumbnail","category-deportes","tag-arbitros-baloncesto","tag-baloncesto","tag-basket","tag-basquet","tag-canalfeb","tag-clasificacion","tag-copa-princesa","tag-copa-principe","tag-copa-reina","tag-deportes","tag-eba","tag-entrenadores-baloncesto","tag-es","tag-espana","tag-estadisticas","tag-federacion-baloncesto","tag-jornada-virtual","tag-jugadores","tag-laeb-plata","tag-leb-oro","tag-liga-espana","tag-liga-espanola-baloncesto","tag-liga-femenina","tag-marcadores-baloncesto","tag-rankings","tag-reglas-baloncesto","tag-seleccion-baloncesto","tag-spain","tag-sports","tag-supercopa","tag-television-baloncesto"],"share_on_mastodon":{"url":"https:\/\/pubeurope.com\/@es\/116897844099177143","error":""},"_links":{"self":[{"href":"https:\/\/www.europesays.com\/es\/wp-json\/wp\/v2\/posts\/651874","targetHints":{"allow":["GET"]}}],"collection":[{"href":"https:\/\/www.europesays.com\/es\/wp-json\/wp\/v2\/posts"}],"about":[{"href":"https:\/\/www.europesays.com\/es\/wp-json\/wp\/v2\/types\/post"}],"author":[{"embeddable":true,"href":"https:\/\/www.europesays.com\/es\/wp-json\/wp\/v2\/users\/2"}],"replies":[{"embeddable":true,"href":"https:\/\/www.europesays.com\/es\/wp-json\/wp\/v2\/comments?post=651874"}],"version-history":[{"count":0,"href":"https:\/\/www.europesays.com\/es\/wp-json\/wp\/v2\/posts\/651874\/revisions"}],"wp:featuredmedia":[{"embeddable":true,"href":"https:\/\/www.europesays.com\/es\/wp-json\/wp\/v2\/media\/651875"}],"wp:attachment":[{"href":"https:\/\/www.europesays.com\/es\/wp-json\/wp\/v2\/media?parent=651874"}],"wp:term":[{"taxonomy":"category","embeddable":true,"href":"https:\/\/www.europesays.com\/es\/wp-json\/wp\/v2\/categories?post=651874"},{"taxonomy":"post_tag","embeddable":true,"href":"https:\/\/www.europesays.com\/es\/wp-json\/wp\/v2\/tags?post=651874"}],"curies":[{"name":"wp","href":"https:\/\/api.w.org\/{rel}","templated":true}]}}