{"id":651882,"date":"2026-07-10T21:42:14","date_gmt":"2026-07-10T21:42:14","guid":{"rendered":"https:\/\/www.europesays.com\/es\/651882\/"},"modified":"2026-07-10T21:42:14","modified_gmt":"2026-07-10T21:42:14","slug":"se-registraron-dos-nuevos-sismos-en-venezuela-que-obligaron-a-los-ciudadanos-a-evacuar-en-caracas-uno-fue-de-casi-4-de-magnitud","status":"publish","type":"post","link":"https:\/\/www.europesays.com\/es\/651882\/","title":{"rendered":"Se registraron dos nuevos sismos en Venezuela que obligaron a los ciudadanos a evacuar en Caracas: uno fue de casi 4 de magnitud"},"content":{"rendered":"<p>Dos nuevos sismos se registraron con fuerza en las \u00faltimas horas en Venezuela tras varios d\u00edas desde que se presentaron <strong>los devastadores terremotos con un saldo de casi 4 mil muertos.<\/strong><\/p>\n<p><strong>TE PUEDE INTERESAR<\/strong><\/p>\n<p>En la ma\u00f1ana de este viernes, se registraron dos nuevos sismos que tuvieron como epicentro el norte del pa\u00eds.<\/p>\n<p>El primero de ellos se present\u00f3 a las <strong>9:51 (hora local) con una magnitud de 3 en la escala de Richter. El movimiento tel\u00farico tuvo como epicentro el norte de Maracay, a 43 kil\u00f3metros de sus costas, y una profundidad de 9,9 kil\u00f3metros.<\/strong><\/p>\n<p>Una hora despu\u00e9s, a las 10:53 hora de Venezuela, se registr\u00f3 un segundo sismo m\u00e1s fuerte que alcanz\u00f3 3,9 grados de magnitud en la escala de Richter. Se detect\u00f3 que este movimiento tel\u00farico tuvo como epicentro el noreste de Naiguat\u00e1 y una profundidad de 9,9 kil\u00f3metros.<\/p>\n<p>Miles de residentes en Caracas se vieron obligados a evacuar los edificios y casas en medio de la tragedia que cobr\u00f3 miles de vidas semanas atr\u00e1s.<\/p>\n<p>El r\u00e9gimen en cabeza <strong>de Delcy Rodr\u00edguez, de momento, reporta 3.899 decesos y m\u00e1s de 16.740 heridos.<\/strong><\/p>\n<p>Las regiones m\u00e1s afectadas por los dos potentes movimientos tel\u00faricos son: La Guaira, Caracas, Miranda, Aragua, Falc\u00f3n y Carabobo.<\/p>\n","protected":false},"excerpt":{"rendered":"Dos nuevos sismos se registraron con fuerza en las \u00faltimas horas en Venezuela tras varios d\u00edas desde que&hellip;\n","protected":false},"author":2,"featured_media":651883,"comment_status":"","ping_status":"","sticky":false,"template":"","format":"standard","meta":{"footnotes":""},"categories":[42],"tags":[17,18,6191,1155,119593,13,14,11,61,62,63,64,19,20,9,10,15,16,9015,116450,12,21,22,65,66,67],"class_list":["post-651882","post","type-post","status-publish","format-standard","has-post-thumbnail","category-internacional","tag-breaking-news","tag-breakingnews","tag-caracas","tag-edificio","tag-evacuacin","tag-featured-news","tag-featurednews","tag-headlines","tag-internacional","tag-international","tag-international-news","tag-internationalnews","tag-latest-news","tag-latestnews","tag-news","tag-noticias","tag-noticias-destacadas","tag-noticiasdestacadas","tag-sismo","tag-terremoto-en-venezuela","tag-titulares","tag-ultimas-noticias","tag-ultimasnoticias","tag-world","tag-world-news","tag-worldnews"],"share_on_mastodon":{"url":"","error":"Validation failed: Text character limit of 500 exceeded"},"_links":{"self":[{"href":"https:\/\/www.europesays.com\/es\/wp-json\/wp\/v2\/posts\/651882","targetHints":{"allow":["GET"]}}],"collection":[{"href":"https:\/\/www.europesays.com\/es\/wp-json\/wp\/v2\/posts"}],"about":[{"href":"https:\/\/www.europesays.com\/es\/wp-json\/wp\/v2\/types\/post"}],"author":[{"embeddable":true,"href":"https:\/\/www.europesays.com\/es\/wp-json\/wp\/v2\/users\/2"}],"replies":[{"embeddable":true,"href":"https:\/\/www.europesays.com\/es\/wp-json\/wp\/v2\/comments?post=651882"}],"version-history":[{"count":0,"href":"https:\/\/www.europesays.com\/es\/wp-json\/wp\/v2\/posts\/651882\/revisions"}],"wp:featuredmedia":[{"embeddable":true,"href":"https:\/\/www.europesays.com\/es\/wp-json\/wp\/v2\/media\/651883"}],"wp:attachment":[{"href":"https:\/\/www.europesays.com\/es\/wp-json\/wp\/v2\/media?parent=651882"}],"wp:term":[{"taxonomy":"category","embeddable":true,"href":"https:\/\/www.europesays.com\/es\/wp-json\/wp\/v2\/categories?post=651882"},{"taxonomy":"post_tag","embeddable":true,"href":"https:\/\/www.europesays.com\/es\/wp-json\/wp\/v2\/tags?post=651882"}],"curies":[{"name":"wp","href":"https:\/\/api.w.org\/{rel}","templated":true}]}}