{"id":651920,"date":"2026-07-10T22:13:11","date_gmt":"2026-07-10T22:13:11","guid":{"rendered":"https:\/\/www.europesays.com\/es\/651920\/"},"modified":"2026-07-10T22:13:11","modified_gmt":"2026-07-10T22:13:11","slug":"el-navarro-igor-arrieta-segundo-en-el-tour-de-austria","status":"publish","type":"post","link":"https:\/\/www.europesays.com\/es\/651920\/","title":{"rendered":"El navarro Igor Arrieta, segundo en el Tour de Austria"},"content":{"rendered":"<p class=\"paragraph\">El ciclista navarro<b> Igor Arrieta (UAE)<\/b> ha demostrado que sigue en un gran estado de forma y ha sido <b>segundo en la tercera etapa del Tour de Austria, <\/b>en la que solo ha sido superado por el americano Neilson Powless (EF) que ha sido m\u00e1s r\u00e1pido en el repecho de la llegada en Saint Johan Apeldorff. Despu\u00e9s de tres etapas, Arrieta es d\u00e9cimo en la general, a cuatro minutos del l\u00edder, Gregor M\u00fchlberger.<\/p>\n<p class=\"paragraph\">Igor Arrieta sigue firmando una temporada 2026 espectacular. El uhartearra se ha filtrado en la escapada buena de la etapa, <b>un grupo de 24 corredores <\/b>que ha afrontado distanciado del pelot\u00f3n los 189 kil\u00f3metros entre Lienz y Saint Johan Apeldorff,<b> con cuatro puertos puntuables.<\/b> El \u00faltimo, un repecho de 2,3 kil\u00f3metros al 6,5%. <b>Powless y Arrieta han dejado la compa\u00f1\u00eda de sus 22 compa\u00f1eros de fuga a 40 de meta\u00a0<\/b>para presentarse solos en la subida final, en la que Powless ha lanzado un ataque seco al que el navarro no ha tenido fuerzas para darle una respuesta.<\/p>\n<p class=\"paragraph\">Tras la etapa Arrieta se ha colocado d\u00e9cimo en la general a cuatro minutos del austr\u00edaco <b>Gregor M\u00fchlberger<\/b>, a falta de una etapa final que se disputa el s\u00e1bado, con 170 kil\u00f3metros y tres puertos puntuables.<\/p>\n","protected":false},"excerpt":{"rendered":"El ciclista navarro Igor Arrieta (UAE) ha demostrado que sigue en un gran estado de forma y ha&hellip;\n","protected":false},"author":2,"featured_media":651921,"comment_status":"","ping_status":"","sticky":false,"template":"","format":"standard","meta":{"footnotes":""},"categories":[273],"tags":[3405,313,312,168,25,24,3404,3403,1566,23,167,316],"class_list":["post-651920","post","type-post","status-publish","format-standard","has-post-thumbnail","category-ciclismo","tag-arrieta","tag-ciclismo","tag-cycling","tag-deportes","tag-es","tag-espana","tag-igor","tag-navarro","tag-segundo","tag-spain","tag-sports","tag-tour"],"share_on_mastodon":{"url":"","error":""},"_links":{"self":[{"href":"https:\/\/www.europesays.com\/es\/wp-json\/wp\/v2\/posts\/651920","targetHints":{"allow":["GET"]}}],"collection":[{"href":"https:\/\/www.europesays.com\/es\/wp-json\/wp\/v2\/posts"}],"about":[{"href":"https:\/\/www.europesays.com\/es\/wp-json\/wp\/v2\/types\/post"}],"author":[{"embeddable":true,"href":"https:\/\/www.europesays.com\/es\/wp-json\/wp\/v2\/users\/2"}],"replies":[{"embeddable":true,"href":"https:\/\/www.europesays.com\/es\/wp-json\/wp\/v2\/comments?post=651920"}],"version-history":[{"count":0,"href":"https:\/\/www.europesays.com\/es\/wp-json\/wp\/v2\/posts\/651920\/revisions"}],"wp:featuredmedia":[{"embeddable":true,"href":"https:\/\/www.europesays.com\/es\/wp-json\/wp\/v2\/media\/651921"}],"wp:attachment":[{"href":"https:\/\/www.europesays.com\/es\/wp-json\/wp\/v2\/media?parent=651920"}],"wp:term":[{"taxonomy":"category","embeddable":true,"href":"https:\/\/www.europesays.com\/es\/wp-json\/wp\/v2\/categories?post=651920"},{"taxonomy":"post_tag","embeddable":true,"href":"https:\/\/www.europesays.com\/es\/wp-json\/wp\/v2\/tags?post=651920"}],"curies":[{"name":"wp","href":"https:\/\/api.w.org\/{rel}","templated":true}]}}