{"id":651960,"date":"2026-07-10T22:47:14","date_gmt":"2026-07-10T22:47:14","guid":{"rendered":"https:\/\/www.europesays.com\/es\/651960\/"},"modified":"2026-07-10T22:47:14","modified_gmt":"2026-07-10T22:47:14","slug":"espana-afronta-el-desafio-de-la-copa-del-mundo","status":"publish","type":"post","link":"https:\/\/www.europesays.com\/es\/651960\/","title":{"rendered":"Espa\u00f1a afronta el desaf\u00edo de la Copa del Mundo"},"content":{"rendered":"<p>Espa\u00f1a U17 Femenina afronta a partir de este s\u00e1bado en Brno (Rep\u00fablica Checa) el desaf\u00edo de la Copa del Mundo, en la que intentar\u00e1 defender la medalla de bronce conquistada hace dos a\u00f1os. Alemania ser\u00e1 el primer rival en la fase de grupos.<\/p>\n<p>\u00c1REA DE COMUNICACI\u00d3N FEB<\/p>\n<p>La U17 Femenina entra en escena este s\u00e1bado en la Copa del Mundo U17 de Brno (Rep\u00fablica Checa) con una generaci\u00f3n espa\u00f1ola muy prometedora. Ya fueron campeonas de Europa en categor\u00eda U16 y ahora se medir\u00e1n a los mejores equipos del planeta. <\/p>\n<p>Despu\u00e9s de un inicio de concentraci\u00f3n en La L\u00ednea de la Concepci\u00f3n, jugaron dos encuentros en Ceuta ante Costa de Marfil y Egipto, otros dos en Torrej\u00f3n de Ardoz ante Alemania, y en La Palma un Torneo Internacional de mucho nivel con Letonia, Costa de Marfil y Canad\u00e1. Siete partidos y siete victorias para las de Moses Fern\u00e1ndez.<\/p>\n<p>Ser\u00e1 la octava Copa del Mundo consecutiva del equipo espa\u00f1ol, que subi\u00f3 al podio en 2024 junto a Estados Unidos y Canad\u00e1. En el hist\u00f3rico del campeonato, nuestra selecci\u00f3n es la segunda con m\u00e1s medallas conquistadas desde 2010 (4), s\u00f3lo superada por las estadounidenses.<\/p>\n<p>Para la ocasi\u00f3n, la seleccionadora, Moses Fern\u00e1ndez, ha elegido a estas doce jugadoras: Paula Valenzuela, Isabel Hern\u00e1ndez, Carla Cherry, Ona Ballest\u00e9, Sarai Teijeira, Elia P\u00e9rez, Trinity Ezeanatogu, Elizabeth Abubakar, Amelia Alonso, Ana Mar\u00eda Hernanz, Sandra D\u00e1vila y Ana Smykovskaia.<\/p>\n<p>A lo largo de su participaci\u00f3n en los Eurobasket de la categor\u00eda han participado un total de 83 jugadoras, de las que 16 alcanzaron posteriormente la internacionalidad absoluta. De ellas, \u00fanicamente Raquel Carrera ha participado en dos ediciones mundialistas de la categor\u00eda; es, por tanto, la que m\u00e1s partidos ha jugado en este campeonato (10).<\/p>\n<p>En el historial espa\u00f1ol, \u00c1ngela Salvadores es la m\u00e1xima anotadora (139 puntos), seguida de la propia Carrera (96), Iyana Mart\u00edn (94) y Leticia Romero (93). Awa Fam lidera en rebotes (69) e IIyana en asistencias (43). El r\u00e9cord individual de puntos en un partido parece inalcanzable: los 40 que sum\u00f3 Salvadores en 2014 en el partido contra Estados Unidos; en aquella edici\u00f3n, Espa\u00f1a fue medalla de plata.<\/p>\n<p>Espa\u00f1a arrancar\u00e1 el campeonato este s\u00e1bado contra Alemania y completar\u00e1 la fase de grupos el domingo frente a M\u00e9xico y el martes contra China. El mi\u00e9rcoles 15 se jugar\u00e1n los cuartos de final, el viernes 17 los cuartos, el s\u00e1bado 18 las semifinales y el domingo 19 las finales. Para los cruces se clasificar\u00e1n las 16 selecciones participantes y en octavos el grupo de Espa\u00f1a, el B, se cruzar\u00e1, seg\u00fan posici\u00f3n final, con un rival del grupo A, que est\u00e1 formado por Costa de Marfil, Australia, Letonia y Estados Unidos.<\/p>\n<p>Con los tres rivales del grupo de la primera fase, el balance de enfrentamientos es favorable a Espa\u00f1a: 3-0 con Israel, 8-0 con Lituania y 5-3 con Croacia.<\/p>\n<p>LOS GRUPOS<br \/>&#13;<br \/>\n GRUPO A COSTA DE MARFIL, AUSTRALIA, LETONIA Y ESTADOS UNIDOS<br \/>&#13;<br \/>\n GRUPO B ESPA\u00d1A, ALEMANIA, M\u00c9XICO Y CHINA<br \/>&#13;<br \/>\n GRUPO C JAP\u00d3N, REP\u00daBLICA CHECA, ESLOVANIA Y COLOMBIA<br \/>&#13;<br \/>\n GRUPO D EGIPTO, ITALIA, CANAD\u00c1 Y NUEVA ZELANDA<\/p>\n<p>EL CALENDARIO<br \/>&#13;<br \/>\n 11 JULIO ESPA\u00d1A-ALEMANIA<br \/>&#13;<br \/>\n 12 JULIO ESPA\u00d1A-M\u00c9XICO<br \/>&#13;<br \/>\n 14 JULIO ESPA\u00d1A-CHINA<br \/>&#13;<br \/>\n 15 JULIO OCTAVOS DE FINAL<br \/>&#13;<br \/>\n 17 JULIO CUARTOS DE FINAL<br \/>&#13;<br \/>\n 18 JULIO SEMIFINALES<br \/>&#13;<br \/>\n 19 JULIO FINALES<\/p>\n","protected":false},"excerpt":{"rendered":"Espa\u00f1a U17 Femenina afronta a partir de este s\u00e1bado en Brno (Rep\u00fablica Checa) el desaf\u00edo de la Copa&hellip;\n","protected":false},"author":2,"featured_media":651961,"comment_status":"","ping_status":"","sticky":false,"template":"","format":"standard","meta":{"footnotes":""},"categories":[93],"tags":[4605,299,1918,4597,4613,4616,4609,4608,4610,168,4603,4606,25,24,4120,4598,4614,2713,4601,830,4599,4600,4602,4615,4617,4607,4604,23,167,4611,4612],"class_list":["post-651960","post","type-post","status-publish","format-standard","has-post-thumbnail","category-deportes","tag-arbitros-baloncesto","tag-baloncesto","tag-basket","tag-basquet","tag-canalfeb","tag-clasificacion","tag-copa-princesa","tag-copa-principe","tag-copa-reina","tag-deportes","tag-eba","tag-entrenadores-baloncesto","tag-es","tag-espana","tag-estadisticas","tag-federacion-baloncesto","tag-jornada-virtual","tag-jugadores","tag-laeb-plata","tag-leb-oro","tag-liga-espana","tag-liga-espanola-baloncesto","tag-liga-femenina","tag-marcadores-baloncesto","tag-rankings","tag-reglas-baloncesto","tag-seleccion-baloncesto","tag-spain","tag-sports","tag-supercopa","tag-television-baloncesto"],"share_on_mastodon":{"url":"https:\/\/pubeurope.com\/@es\/116898119468229149","error":""},"_links":{"self":[{"href":"https:\/\/www.europesays.com\/es\/wp-json\/wp\/v2\/posts\/651960","targetHints":{"allow":["GET"]}}],"collection":[{"href":"https:\/\/www.europesays.com\/es\/wp-json\/wp\/v2\/posts"}],"about":[{"href":"https:\/\/www.europesays.com\/es\/wp-json\/wp\/v2\/types\/post"}],"author":[{"embeddable":true,"href":"https:\/\/www.europesays.com\/es\/wp-json\/wp\/v2\/users\/2"}],"replies":[{"embeddable":true,"href":"https:\/\/www.europesays.com\/es\/wp-json\/wp\/v2\/comments?post=651960"}],"version-history":[{"count":0,"href":"https:\/\/www.europesays.com\/es\/wp-json\/wp\/v2\/posts\/651960\/revisions"}],"wp:featuredmedia":[{"embeddable":true,"href":"https:\/\/www.europesays.com\/es\/wp-json\/wp\/v2\/media\/651961"}],"wp:attachment":[{"href":"https:\/\/www.europesays.com\/es\/wp-json\/wp\/v2\/media?parent=651960"}],"wp:term":[{"taxonomy":"category","embeddable":true,"href":"https:\/\/www.europesays.com\/es\/wp-json\/wp\/v2\/categories?post=651960"},{"taxonomy":"post_tag","embeddable":true,"href":"https:\/\/www.europesays.com\/es\/wp-json\/wp\/v2\/tags?post=651960"}],"curies":[{"name":"wp","href":"https:\/\/api.w.org\/{rel}","templated":true}]}}