{"id":652059,"date":"2026-07-11T00:26:22","date_gmt":"2026-07-11T00:26:22","guid":{"rendered":"https:\/\/www.europesays.com\/es\/652059\/"},"modified":"2026-07-11T00:26:22","modified_gmt":"2026-07-11T00:26:22","slug":"aidpropri-2026-2027-maestros-listados-definitivos-de-participantes-profesorado","status":"publish","type":"post","link":"https:\/\/www.europesays.com\/es\/652059\/","title":{"rendered":"AIDPROPRI 2026 \/ 2027. Maestros. Listados definitivos de participantes &#8211; Profesorado"},"content":{"rendered":"<p class=\"cmParagraph cmAlignright\"><strong>Publicado el 10 de julio de 2026<\/strong><\/p>\n<p class=\"cmParagraph cmAlignjustify\">La \u00a0<a href=\"https:\/\/www.educa.jcyl.es\/profesorado\/es\/concurso-traslados\/aidpro-aidpra-adjudicacion-destinos-provisionales\/aidpro-aidpra-adjudicacion-informatizada-destinos-pro-e1f5e\/aidpropri-2026-2027-maestros\/aidpropri-2026-2027-maestros-listados-definitivos-participa.ficheros\/1932166-AIDPRO_MAESTROS_Resoluci%C3%B3n%20admitidos%20definitivos.pdf\" rel=\"nofollow noopener\" target=\"_blank\"><img loading=\"lazy\" decoding=\"async\" src=\"https:\/\/www.europesays.com\/es\/wp-content\/uploads\/2026\/07\/images.gif\" width=\"16\" height=\"16\" alt=\"Documento PDF\" \/>\u00a0Resoluci\u00f3n de 10 de julio de 2026, de la Direcci\u00f3n General de Profesionales de la Educaci\u00f3n (187.9 KB) (2 p\u00e1ginas)<\/a>\u00a0  aprueba los listados definitivos del personal perteneciente a los grupos 1 al 8 del cuerpo de maestros que participa en el proceso de adjudicaci\u00f3n informatizada de destinos provisionales para el personal funcionario de carrera y en pr\u00e1cticas, convocado por la Resoluci\u00f3n de 4 de junio de 2026, de la Direcci\u00f3n General de Recursos Humanos.<\/p>\n<p class=\"cmParagraph\"><strong>Listados definitivos de participantes por provincias:<\/strong><\/p>\n<p class=\"cmParagraph\"><strong>Listado de alegaciones por provincias:<\/strong><\/p>\n<p class=\"cmParagraph cmAlignjustify\">De conformidad con el apartado quinto.1, quienes resulten incluidos en los listados definitivos de las personas participantes deber\u00e1n realizar la correspondiente petici\u00f3n de las vacantes obligatoriamente a trav\u00e9s de la aplicaci\u00f3n inform\u00e1tica disponible en el Portal de Educaci\u00f3n de la Junta de Castilla y Le\u00f3n (http:\/\/www.educa.jcyl.es) con acceso mediante Cl@ve, durante el plazo que, conforme al apartado cuarto.1, se establezca. En consecuencia, no se admitir\u00e1 ninguna petici\u00f3n de vacantes efectuada fuera de dicha aplicaci\u00f3n. La aplicaci\u00f3n inform\u00e1tica permitir\u00e1 a las personas participantes realizar peticiones por cada uno de los grupos por los que participen.<\/p>\n<p class=\"cmParagraph cmAlignjustify\">Y de conformidad con el apartado cuarto.1, la relaci\u00f3n de las vacantes para las personas participantes de los grupos 1 al 8 se determinar\u00e1 en el mes de julio, mediante resoluci\u00f3n de la Direcci\u00f3n General de Recursos Humanos de la Consejer\u00eda de Educaci\u00f3n que se publicar\u00e1 en el tabl\u00f3n de anuncios de las direcciones provinciales de educaci\u00f3n y ser\u00e1 objeto de publicidad, en la misma fecha, en el Portal de Educaci\u00f3n de la Junta de Castilla y Le\u00f3n (http:\/\/www.educa.jcyl.es).<\/p>\n","protected":false},"excerpt":{"rendered":"Publicado el 10 de julio de 2026 La \u00a0\u00a0Resoluci\u00f3n de 10 de julio de 2026, de la Direcci\u00f3n&hellip;\n","protected":false},"author":2,"featured_media":639060,"comment_status":"","ping_status":"","sticky":false,"template":"","format":"standard","meta":{"footnotes":""},"categories":[8],"tags":[17,18,2025,2027,209,2026,25,24,13,14,2031,11,2028,2024,19,20,2030,9,10,15,16,2032,2029,23,12,21,22],"class_list":["post-652059","post","type-post","status-publish","format-standard","has-post-thumbnail","category-espana","tag-breaking-news","tag-breakingnews","tag-castilla-y-len","tag-colegios","tag-cultura","tag-educacion","tag-es","tag-espana","tag-featured-news","tag-featurednews","tag-formacin","tag-headlines","tag-institutos","tag-junta","tag-latest-news","tag-latestnews","tag-maestros","tag-news","tag-noticias","tag-noticias-destacadas","tag-noticiasdestacadas","tag-profesional","tag-profesores","tag-spain","tag-titulares","tag-ultimas-noticias","tag-ultimasnoticias"],"share_on_mastodon":{"url":"https:\/\/pubeurope.com\/@es\/116898509717047501","error":""},"_links":{"self":[{"href":"https:\/\/www.europesays.com\/es\/wp-json\/wp\/v2\/posts\/652059","targetHints":{"allow":["GET"]}}],"collection":[{"href":"https:\/\/www.europesays.com\/es\/wp-json\/wp\/v2\/posts"}],"about":[{"href":"https:\/\/www.europesays.com\/es\/wp-json\/wp\/v2\/types\/post"}],"author":[{"embeddable":true,"href":"https:\/\/www.europesays.com\/es\/wp-json\/wp\/v2\/users\/2"}],"replies":[{"embeddable":true,"href":"https:\/\/www.europesays.com\/es\/wp-json\/wp\/v2\/comments?post=652059"}],"version-history":[{"count":0,"href":"https:\/\/www.europesays.com\/es\/wp-json\/wp\/v2\/posts\/652059\/revisions"}],"wp:featuredmedia":[{"embeddable":true,"href":"https:\/\/www.europesays.com\/es\/wp-json\/wp\/v2\/media\/639060"}],"wp:attachment":[{"href":"https:\/\/www.europesays.com\/es\/wp-json\/wp\/v2\/media?parent=652059"}],"wp:term":[{"taxonomy":"category","embeddable":true,"href":"https:\/\/www.europesays.com\/es\/wp-json\/wp\/v2\/categories?post=652059"},{"taxonomy":"post_tag","embeddable":true,"href":"https:\/\/www.europesays.com\/es\/wp-json\/wp\/v2\/tags?post=652059"}],"curies":[{"name":"wp","href":"https:\/\/api.w.org\/{rel}","templated":true}]}}