{"id":652590,"date":"2026-07-11T09:13:29","date_gmt":"2026-07-11T09:13:29","guid":{"rendered":"https:\/\/www.europesays.com\/es\/652590\/"},"modified":"2026-07-11T09:13:29","modified_gmt":"2026-07-11T09:13:29","slug":"premio-mezquita-de-fotografia-25-ediciones-que-muestran-como-hemos-evolucionado-como-sociedad","status":"publish","type":"post","link":"https:\/\/www.europesays.com\/es\/652590\/","title":{"rendered":"Premio Mezquita de Fotograf\u00eda: 25 ediciones que muestran \u00abc\u00f3mo hemos evolucionado como sociedad\u00bb"},"content":{"rendered":"<p class=\"ft-text\">La primera fotograf\u00eda que <a class=\"ft-link ft-link--decoration\" href=\"https:\/\/www.diariocordoba.com\/cultura\/2026\/03\/09\/jesus-umbria-brito-gana-premio-127741409.html\" rel=\"nofollow noopener\" target=\"_blank\">gan\u00f3 el Premio Mezquita<\/a>, en su modalidad de tema cordob\u00e9s, muestra una imagen ins\u00f3lita. Firmada por <strong>Juan Vacas Montoro <\/strong>en 1983 con el t\u00edtulo El espejo de la sultana, es una instant\u00e1nea de la Mezquita que reverbera en el r\u00edo Guadalquivir, vista desde un ojo del puente de San Rafael. En ella, la noria no existe y apenas unos cuantos juncos estorban el reflejo. Hoy esa misma imagen ser\u00eda mucho m\u00e1s complicada, por no decir imposible. En el mismo punto de fuga hay ahora <strong>un vergel protegido -los Sotos de la Albolafia-, <\/strong>donde la fauna y la flora componen un cuadro diferente.<\/p>\n<p class=\"ft-text\">La comparaci\u00f3n entre la imagen del 83 y la perspectiva actual muestran <strong>cu\u00e1n ha cambiado C\u00f3rdoba en m\u00e1s de cuatro d\u00e9cadas<\/strong>, como tambi\u00e9n lo ha hecho el <strong>Premio Mezquita de Fotograf\u00eda<\/strong>, uno de los m\u00e1s veteranos y prestigiosos de todo el pa\u00eds. Desde este viernes y hasta el pr\u00f3ximo 4 de octubre, cualquiera puede comprobarlo en la exposici\u00f3n que conmemora las <strong>25 ediciones de este certamen<\/strong>, inaugurada en la Sala Vimcorsa con la fotograf\u00eda de Juan Vacas y otras 166 de todas las categor\u00edas del premio. Aunque el galard\u00f3n se instaur\u00f3 en 1983, en sus primeras visiones tuvo car\u00e1cter anual hasta que se convirti\u00f3 en una bienal de fotograf\u00eda, lo que explica que se hayan celebrado 25 ediciones que se cumplen este a\u00f1o. <\/p>\n<p class=\"ft-text\">Las fotograf\u00edas que pueden verse en la exposici\u00f3n son apenas una muestra, una cuidada selecci\u00f3n. La colecci\u00f3n completa, fruto del trabajo de m\u00e1s de cuatro d\u00e9cadas, incluye <strong>m\u00e1s de 500 obras adquiridas a dos centenares de autores <\/strong>que han participado en el Premio Mezquita. Pero se han presentado mucho m\u00e1s en todo este tiempo: m\u00e1s de 36.000 de casi 9.000 fot\u00f3grafos. Solo esas cifras ya dan una idea de la importancia de un certamen cultural como este dedicado a la fotograf\u00eda. <\/p>\n<p>Inauguraci\u00f3n de la muestra<\/p>\n<p class=\"ft-text\">El alcalde, Jos\u00e9 Mar\u00eda Bellido, ha inaugurado la exposici\u00f3n aludiendo precisamente al <strong>paso del tiempo <\/strong>y a los cambios producidos en C\u00f3rdoba y reflejados en las im\u00e1genes. La muestra, seg\u00fan sus palabras, \u00abnos va a permitir observar, si lo hacemos con entendimiento, <strong>c\u00f3mo hemos evolucionado como sociedad <\/strong>a lo largo de todos estos a\u00f1os que han discurrido desde el a\u00f1o 1983. Vamos a disfrutar del arte, pero tambi\u00e9n vamos a ser conscientes del cambio de la sociedad\u00bb.<\/p>\n<p class=\"ft-text\">Hay, c\u00f3mo no, <strong>muchas im\u00e1genes de C\u00f3rdoba<\/strong>, pero son m\u00e1s las de tema libre que han permitido ganar el Premio Mezquita a artistas internacionales de reconocido prestigio. A ellos ha aludido Jos\u00e9 G\u00e1lvez, presidente de Afoco (la asociaci\u00f3n que organiza el premio junto al Ayuntamiento), que ha recordado la participaci\u00f3n, entre otros, de Cristina Garc\u00eda Rodero, Chema Madoz, Carlos P\u00e9rez Siquier o Gervasio S\u00e1nchez; todos ellos han ganado el Premio Nacional de Fotograf\u00eda y su trabajo puede verse en la exposici\u00f3n de la sala Vimcorsa. <\/p>\n<p><img decoding=\"async\" src=\"https:\/\/www.europesays.com\/es\/wp-content\/uploads\/2026\/07\/6588e3a8-8026-4adf-9dc4-75c6f4f8be0a_alta-libre-aspect-ratio_default_0_x652y289.jpg\" width=\"1200\" height=\"800\" alt=\"Miguel \u00c1ngel Torrico y Jos\u00e9 Mar\u00eda Bellido observan la fotograf\u00eda de Juan Vacas premiada en 1983.\" class=\"ft-helper-img-rd\" loading=\"lazy\" fetchpriority=\"auto\"\/><\/p>\n<p class=\"ft-helper-fontColor-quaternary ft-helper-fontSize-body-S ft-helper-spacer-t-xxs\">Miguel \u00c1ngel Torrico y Jos\u00e9 Mar\u00eda Bellido observan la fotograf\u00eda de Juan Vacas premiada en 1983.  \/ Manuel Murillo<\/p>\n<p class=\"ft-text\">Isabel Alb\u00e1s, delegada de Cultura, ha declarado que \u00abseguiremos trabajando de la mano de los profesionales como Jos\u00e9 G\u00e1lvez y todo su equipo para seguir poniendo en valor <strong>la fotograf\u00eda en nuestra ciudad<\/strong>. Sin duda alguna, la apuesta por la cultura, por esa cultura accesible absolutamente a todos, es m\u00e1s que firme por parte del Ayuntamiento de C\u00f3rdoba\u00bb.<\/p>\n","protected":false},"excerpt":{"rendered":"La primera fotograf\u00eda que gan\u00f3 el Premio Mezquita, en su modalidad de tema cordob\u00e9s, muestra una imagen ins\u00f3lita.&hellip;\n","protected":false},"author":2,"featured_media":652591,"comment_status":"","ping_status":"","sticky":false,"template":"","format":"standard","meta":{"footnotes":""},"categories":[173],"tags":[4495,229,233,231,230,232,234,1882,146,147,25,24,244,17657,843,23],"class_list":["post-652590","post","type-post","status-publish","format-standard","has-post-thumbnail","category-arte-y-diseno","tag-4495","tag-arte","tag-arte-y-diseno","tag-arts","tag-arts-and-design","tag-design","tag-diseno","tag-ediciones","tag-entertainment","tag-entretenimiento","tag-es","tag-espana","tag-fotografia","tag-mezquita","tag-premio","tag-spain"],"share_on_mastodon":{"url":"https:\/\/pubeurope.com\/@es\/116900581768904578","error":""},"_links":{"self":[{"href":"https:\/\/www.europesays.com\/es\/wp-json\/wp\/v2\/posts\/652590","targetHints":{"allow":["GET"]}}],"collection":[{"href":"https:\/\/www.europesays.com\/es\/wp-json\/wp\/v2\/posts"}],"about":[{"href":"https:\/\/www.europesays.com\/es\/wp-json\/wp\/v2\/types\/post"}],"author":[{"embeddable":true,"href":"https:\/\/www.europesays.com\/es\/wp-json\/wp\/v2\/users\/2"}],"replies":[{"embeddable":true,"href":"https:\/\/www.europesays.com\/es\/wp-json\/wp\/v2\/comments?post=652590"}],"version-history":[{"count":0,"href":"https:\/\/www.europesays.com\/es\/wp-json\/wp\/v2\/posts\/652590\/revisions"}],"wp:featuredmedia":[{"embeddable":true,"href":"https:\/\/www.europesays.com\/es\/wp-json\/wp\/v2\/media\/652591"}],"wp:attachment":[{"href":"https:\/\/www.europesays.com\/es\/wp-json\/wp\/v2\/media?parent=652590"}],"wp:term":[{"taxonomy":"category","embeddable":true,"href":"https:\/\/www.europesays.com\/es\/wp-json\/wp\/v2\/categories?post=652590"},{"taxonomy":"post_tag","embeddable":true,"href":"https:\/\/www.europesays.com\/es\/wp-json\/wp\/v2\/tags?post=652590"}],"curies":[{"name":"wp","href":"https:\/\/api.w.org\/{rel}","templated":true}]}}