{"id":652608,"date":"2026-07-11T09:25:11","date_gmt":"2026-07-11T09:25:11","guid":{"rendered":"https:\/\/www.europesays.com\/es\/652608\/"},"modified":"2026-07-11T09:25:11","modified_gmt":"2026-07-11T09:25:11","slug":"el-movil-de-serrano-sacude-el-suelo-de-lopez-y-hernando","status":"publish","type":"post","link":"https:\/\/www.europesays.com\/es\/652608\/","title":{"rendered":"El m\u00f3vil de Serrano sacude el suelo de L\u00f3pez y Hernando"},"content":{"rendered":"<p>La imputaci\u00f3n del expresidente de Correos y exjefe de gabinete de Pedro S\u00e1nchez en la Ejecutiva del PSOE, Juan Manuel Serrano Quintana, ha modificado la gravedad de la corrupci\u00f3n que rodea al Gobierno. Sobre todo, porque el foco ya no ilumina \u00fanicamente a un grupo de \u00abcloacas\u00bb que habr\u00eda actuado de forma aut\u00f3noma \u2013tesis que el Ejecutivo sembr\u00f3 en un primer momento\u2013, sino que empieza a recorrer los pasillos del poder donde un d\u00eda se construy\u00f3 el n\u00facleo actual del sanchismo y, por ende, proyecta su sombra sobre Antonio Hernando, actual secretario de Estado de Telecomunicaciones, y el ahora ministro de Transformaci\u00f3n Digital y Funci\u00f3n P\u00fablica, \u00d3scar L\u00f3pez.<\/p>\n<p>La verdadera dimensi\u00f3n pol\u00edtica del \u00abcaso Leire\u00bb, tambi\u00e9n llamado \u00abcaso SEPI\u00bb o \u00abcaso cloacas\u00bb, no reside \u00fanicamente en la situaci\u00f3n procesal de Juanma Serrano. El expresidente de Correos nunca fue un alto cargo cualquiera. Fue el jefe de gabinete de S\u00e1nchez antes de su llegada a la Moncloa y uno de los pilares sobre los que el presidente edific\u00f3 su c\u00edrculo de m\u00e1xima confianza. Por eso, nunca nadie entendi\u00f3 que de la noche a la ma\u00f1ana el presidente del Gobierno apartara de su n\u00facleo duro a quien un d\u00eda fue su hombre de \u00abconfianza\u00bb y lo sustituyera por el \u00abgur\u00fa pol\u00edtico\u00bb Iv\u00e1n Redondo.<\/p>\n<p>Si la pieza de Serrano empieza a resquebrajarse en el tablero de Ferraz con el volcado de su tel\u00e9fono m\u00f3vil, que el magistrado de la Audiencia Nacional Santiago Pedraz ha autorizado, a petici\u00f3n de la Unidad Central Operativa (UCO) de la Guardia Civil y con respaldo de la Fiscal\u00eda Anticorrupci\u00f3n, la onda expansiva amenaza con alcanzar a quienes han compartido el mismo espacio pol\u00edtico y estrat\u00e9gico.<\/p>\n<p>En ese mapa aparecen los nombres de Hernando y L\u00f3pez por dos motivos. Primero, porque su influencia ha sido determinante en la arquitectura del poder del \u00absanchismo\u00bb. Y segundo, porque su proximidad al presidente los convierte inevitablemente en referencias obligadas cuando la presi\u00f3n judicial se acerca a lo m\u00e1s cercano a S\u00e1nchez. Ambos forman parte desde hace a\u00f1os del reducido grupo de dirigentes que ha acompa\u00f1ado al jefe del Ejecutivo en la definici\u00f3n de la estrategia pol\u00edtica y gubernamental. Pero el hecho que realmente los sit\u00faa en la l\u00ednea fina del peligro es que los dos han actuado de muro de contenci\u00f3n para proteger los intereses del presidente y su c\u00edrculo personal m\u00e1s pr\u00f3ximo.<\/p>\n<p>No hay que olvidar que Hernando fue uno de los que se reuni\u00f3, junto a Serrano y Santos Cerd\u00e1n, en Ferraz con las \u00abcloacas\u00bb durante los d\u00edas de reflexi\u00f3n del \u00abjefe\u00bb, tras la apertura de diligencias contra su esposa, Bego\u00f1a G\u00f3mez. Aquella reuni\u00f3n en abril de 2024, para entregar unos audios relacionados con las saunas del suegro del presidente, fue el inicio de la trama que trataba de \u00abdesestabilizar\u00bb procedimientos judiciales. Todos los all\u00ed presentes han terminado siendo imputados. Todos, de momento, menos Hernando y el que era \u00abn\u00famero dos\u00bb de Cerd\u00e1n en la secretar\u00eda de Organizaci\u00f3n del PSOE, Juanfran Serrano, que a\u00fan ostenta un esca\u00f1o en el Congreso de los Diputados y que, por tanto, est\u00e1 aforado ante el Tribunal Supremo.<\/p>\n<p>No es en absoluto balad\u00ed que la UCO haya atribuido una \u00abparticipaci\u00f3n preeminente\u00bb del exjefe de gabinete de S\u00e1nchez en el ama\u00f1o de adjudicaciones de Correos, en pro de la \u00abtrama de la SEPI\u00bb, como en las operativas contra jueces, agentes y fiscales. Tampoco que haya incluido en su \u00faltimo atestado parte de las comunicaciones entre Serrano y la exmilitante socialista D\u00edez. Se tratan de mensajes que, a su juicio, \u00abrefuerzan la idea\u00bb de que ambos \u00abhabr\u00edan trabajado\u00bb para la puesta en marcha de unas \u00abcloacas\u00bb para acabar con las causas que cercan a S\u00e1nchez. Y si con el volcado del tel\u00e9fono de D\u00edez Serrano ha sido el \u00faltimo de los damnificados, todo hace pensar que L\u00f3pez y Hernando ser\u00e1n los perjudicados por el terminal del expresidente de Correos. Al fin y al cabo, era \u00e9l quien se comunicaba con ellos para orquestar aquellas reuniones en Ferraz.<\/p>\n<p>En concreto, el magistrado Pedraz ha autorizado a los investigadores a proceder al visionado de cuantas comunicaciones se localicen sin identificar aquellas que pudieran tener relaci\u00f3n directa con los hechos objeto de investigaci\u00f3n en la presente causa, as\u00ed como el listado de datos de contacto que figuren almacenados tanto en la memoria del tel\u00e9fono, como en cualquier tarjeta SIM o de almacenamiento que se alojen en los dispositivos.<\/p>\n<p>Este peri\u00f3dico ya cont\u00f3 que fuentes cercanas a la exmilitante socialista se\u00f1alaban, como parte del motivo de la ca\u00edda de Santos Cerd\u00e1n, a las maniobras de Hernando y L\u00f3pez. Este \u00faltimo es candidato a la Presidencia de la Comunidad de Madrid y juega en la batalla interna por el poder en el tablero de Ferraz. Desde el entorno de la \u00abfontanera\u00bb tambi\u00e9n explican que el debilitamiento de Cerd\u00e1n habr\u00eda reforzado al sector vinculado al actual ministro y a su \u00abn\u00famero dos\u00bb. \u00abLos dos deber\u00edan andar preocupados\u00bb, explicaron a este peri\u00f3dico las citadas fuentes. No hay que olvidar que en la \u00e9poca de las reuniones con las \u00abcloacas\u00bb en Ferraz, abril de 2024, L\u00f3pez era el director del gabinete de S\u00e1nchez y Hernando el director adjunto del gabinete del presidente del Gobierno.<\/p>\n","protected":false},"excerpt":{"rendered":"La imputaci\u00f3n del expresidente de Correos y exjefe de gabinete de Pedro S\u00e1nchez en la Ejecutiva del PSOE,&hellip;\n","protected":false},"author":2,"featured_media":652609,"comment_status":"","ping_status":"","sticky":false,"template":"","format":"standard","meta":{"footnotes":""},"categories":[5],"tags":[17,18,118785,26971,25,24,13,14,11,19,20,9,10,15,16,2959,1699,23,12,21,22],"class_list":["post-652608","post","type-post","status-publish","format-standard","has-post-thumbnail","category-titulares","tag-breaking-news","tag-breakingnews","tag-cloacas-del-psoe","tag-correos","tag-es","tag-espana","tag-featured-news","tag-featurednews","tag-headlines","tag-latest-news","tag-latestnews","tag-news","tag-noticias","tag-noticias-destacadas","tag-noticiasdestacadas","tag-pedro-sanchez","tag-psoe","tag-spain","tag-titulares","tag-ultimas-noticias","tag-ultimasnoticias"],"share_on_mastodon":{"url":"https:\/\/pubeurope.com\/@es\/116900628122573745","error":""},"_links":{"self":[{"href":"https:\/\/www.europesays.com\/es\/wp-json\/wp\/v2\/posts\/652608","targetHints":{"allow":["GET"]}}],"collection":[{"href":"https:\/\/www.europesays.com\/es\/wp-json\/wp\/v2\/posts"}],"about":[{"href":"https:\/\/www.europesays.com\/es\/wp-json\/wp\/v2\/types\/post"}],"author":[{"embeddable":true,"href":"https:\/\/www.europesays.com\/es\/wp-json\/wp\/v2\/users\/2"}],"replies":[{"embeddable":true,"href":"https:\/\/www.europesays.com\/es\/wp-json\/wp\/v2\/comments?post=652608"}],"version-history":[{"count":0,"href":"https:\/\/www.europesays.com\/es\/wp-json\/wp\/v2\/posts\/652608\/revisions"}],"wp:featuredmedia":[{"embeddable":true,"href":"https:\/\/www.europesays.com\/es\/wp-json\/wp\/v2\/media\/652609"}],"wp:attachment":[{"href":"https:\/\/www.europesays.com\/es\/wp-json\/wp\/v2\/media?parent=652608"}],"wp:term":[{"taxonomy":"category","embeddable":true,"href":"https:\/\/www.europesays.com\/es\/wp-json\/wp\/v2\/categories?post=652608"},{"taxonomy":"post_tag","embeddable":true,"href":"https:\/\/www.europesays.com\/es\/wp-json\/wp\/v2\/tags?post=652608"}],"curies":[{"name":"wp","href":"https:\/\/api.w.org\/{rel}","templated":true}]}}