{"id":652694,"date":"2026-07-11T10:30:12","date_gmt":"2026-07-11T10:30:12","guid":{"rendered":"https:\/\/www.europesays.com\/es\/652694\/"},"modified":"2026-07-11T10:30:12","modified_gmt":"2026-07-11T10:30:12","slug":"manuel-martin-davila-superviviente-de-cancer-estoy-mas-viejo-y-eso-es-una-suerte","status":"publish","type":"post","link":"https:\/\/www.europesays.com\/es\/652694\/","title":{"rendered":"Manuel Mart\u00edn D\u00e1vila, superviviente de c\u00e1ncer: \u201cEstoy m\u00e1s viejo, y eso es una suerte\u201d"},"content":{"rendered":"<p>\n        <a href=\"https:\/\/www.deia.eus\/tags\/cancer\/\" title=\"\u201cEstoy m\u00e1s viejo, lo cual es de agradecer\u201d.\" class=\"link copy\" rel=\"nofollow noopener\" target=\"_blank\">\u201cEstoy m\u00e1s viejo, lo cual es de agradecer\u201d.<\/a> Manuel Mart\u00edn D\u00e1vila lo dice sonriendo. Tiene 58 a\u00f1os y hace tiempo que aprendi\u00f3 que cumplir a\u00f1os nunca es <strong>una mala noticia<\/strong>. Menos todav\u00eda cuando hace ocho recibi\u00f3 un crudo diagn\u00f3stico que le oblig\u00f3 a mirar de frente la posibilidad de no llegar a ver crecer a sus hijos. <strong>Hoy lo cuenta con calma, pero entonces todo ocurri\u00f3 deprisa. Demasiado deprisa.<\/strong>\n<\/p>\n<p class=\"article-body__text \">\n        Ten\u00eda 50 a\u00f1os. Hab\u00eda estudiado Medicina en Salamanca, aunque nunca ejerci\u00f3. Conservaba, eso s\u00ed, muchas amistades de aquella \u00e9poca. Entre ellas, la de<strong> Alejandro Mart\u00edn Garc\u00eda-Sancho, hoy hemat\u00f3logo y uno de los especialistas de referencia sobre linfomas en el Estado. <\/strong>Treinta a\u00f1os despu\u00e9s de compartir aulas y pr\u00e1cticas volvieron a encontrarse. Esta vez no en la facultad, sino en una consulta. Uno llevaba bata, el otro buscaba respuestas. As\u00ed lo relatan en la 10\u00aa Jornada HematoAvanza \u00a1Una d\u00e9cada prodigiosa para la hematolog\u00eda!\n<\/p>\n<p class=\"article-body__text \">\n        Aquella no era una relaci\u00f3n cualquiera entre m\u00e9dico y paciente. Se conoc\u00edan desde j\u00f3venes, desde los a\u00f1os en los que compart\u00edan apuntes, ex\u00e1menes y guardias de pr\u00e1cticas en la Facultad de Medicina de Salamanca. La vida los hab\u00eda llevado por caminos distintos. Alejandro se especializ\u00f3 en hematolog\u00eda, Manuel decidi\u00f3 no ejercer. Pero <strong>aquella amistad construida durante d\u00e9cadas se convirti\u00f3 en un apoyo inesperado cuando apareci\u00f3 la enfermedad<\/strong>.\n<\/p>\n<p class=\"article-body__text \">\n        \u201cNos sentamos juntos muchas veces en clase y, a\u00f1os despu\u00e9s, nos volvimos a sentar juntos para hablar de un c\u00e1ncer\u201d, resume Manuel. Todo hab\u00eda empezado unos meses antes. Manuel, fumador desde los veinte a\u00f1os,<strong> comenz\u00f3 a notar que se cansaba m\u00e1s de lo habitual<\/strong>. Le costaba respirar cuando caminaba por el campo, una de sus aficiones favoritas. Tambi\u00e9n ten\u00eda tos. Al principio no le dio demasiada importancia.\n<\/p>\n<p class=\"article-photo__footer\">\n            Manuel Mart\u00edn D\u00e1vila ha contado su testimonio tras superar un c\u00e1ncer            Cedida        <\/p>\n<p>  Miedo y susto<\/p>\n<p class=\"article-body__text \">\n        <strong>Una ma\u00f1ana se levant\u00f3 y se vio el cuello extraordinariamente hinchado. \u201cAquel d\u00eda s\u00ed me asust\u00e9\u201d. <\/strong>Y llam\u00f3 a varios amigos m\u00e9dicos. Le hicieron pruebas y una radiograf\u00eda mostr\u00f3 una gran masa en el t\u00f3rax. \u201cLo primero que pens\u00e9 fue que ten\u00eda un c\u00e1ncer de pulm\u00f3n\u201d, relata. Pero no era eso. D\u00edas despu\u00e9s lleg\u00f3 el diagn\u00f3stico definitivo: un linfoma difuso de c\u00e9lulas B grandes, el subtipo m\u00e1s frecuente de linfoma no Hodgkin y uno de los m\u00e1s agresivos.<strong> La noticia lleg\u00f3 de golpe. <\/strong>Manuel recuerda aquellos d\u00edas como una sucesi\u00f3n de pruebas, llamadas telef\u00f3nicas y consultas m\u00e9dicas.<strong> Primero apareci\u00f3 el miedo a un c\u00e1ncer de pulm\u00f3n; despu\u00e9s, la incertidumbre; finalmente, el diagn\u00f3stico.<\/strong>\n<\/p>\n<p class=\"article-body__text \">\n        \u201cMiedo y susto. No creo que haya otra manera de definirlo\u201d, admite. Sin embargo, decidi\u00f3 afrontar la situaci\u00f3n a su manera. Aunque ten\u00eda formaci\u00f3n m\u00e9dica, opt\u00f3 por no buscar informaci\u00f3n compulsivamente ni obsesionarse con pron\u00f3sticos y estad\u00edsticas. \u201cNo quer\u00eda saber demasiado. Ten\u00eda la idea de que me iba a curar y me aferr\u00e9 a ella\u201d. <strong>Hab\u00eda una raz\u00f3n poderosa para hacerlo, sus hijos ten\u00edan entonces 12 y 9 a\u00f1os. \u201cYo solo pensaba en que quer\u00eda verlos crecer\u201d.<\/strong>\n<\/p>\n<p class=\"article-body__text \">\n        La enfermedad lo coloc\u00f3 frente a una situaci\u00f3n inesperada. Hab\u00eda estudiado Medicina y conoc\u00eda el lenguaje m\u00e9dico. Sin embargo, decidi\u00f3 afrontar el proceso de una manera distinta. \u201cEl hecho de ser m\u00e9dico no influy\u00f3 demasiado. <strong>No pregunt\u00e9 mucho. Confi\u00e9 en mis m\u00e9dicos y me puse en sus manos<\/strong>\u201d. Especialmente en las de Alejandro Mart\u00edn. \u201cLa confianza entre m\u00e9dico y paciente es fundamental\u201d, explica el hemat\u00f3logo. \u201cY tambi\u00e9n la honestidad, porque la medicina no son matem\u00e1ticas y nunca puedes garantizar lo que va a ocurrir\u201d, sostiene el especialista.\n<\/p>\n<p class=\"article-body__text \">\n        <strong>La primera l\u00ednea de tratamiento fue la quimioterapia<\/strong>. Al principio parec\u00eda funcionar. La masa tumoral disminu\u00eda y Manuel continu\u00f3 trabajando durante buena parte del proceso. \u201cNo dej\u00e9 de trabajar. Estaba m\u00e1s cansado, pero lo llevaba razonablemente bien. Lo que peor me sent\u00f3 fue perder el pelo\u201d, recuerda.\n<\/p>\n<p class=\"article-photo__footer\">\n            Paciente y hema\u00f3logo relatan su experiencia.            Cedida        <\/p>\n<p>  Ensayo cl\u00ednico<\/p>\n<p class=\"article-body__text \">\n        <strong>Desgraciadamente el tratamiento no consigui\u00f3 el objetivo <\/strong>que buscaban los especialistas. La siguiente alternativa era una quimioterapia mucho m\u00e1s intensa y, si todo iba bien, un trasplante aut\u00f3logo de m\u00e9dula \u00f3sea. Fue entonces cuando apareci\u00f3 otra posibilidad que cambiar\u00eda su situaci\u00f3n.\n<\/p>\n<p class=\"article-body__text \">\n        <strong>Alejandro le propuso participar en un ensayo cl\u00ednico<\/strong> que comparaba los resultados de la terapia est\u00e1ndar con una estrategia innovadora basada en c\u00e9lulas CAR-T. En aquel momento estas terapias apenas comenzaban a abrirse camino en la pr\u00e1ctica cl\u00ednica y todav\u00eda estaban reservadas a situaciones muy concretas.\n<\/p>\n<p class=\"article-body__text \">\n        <strong>Manuel no necesit\u00f3 mucho tiempo para una decisi\u00f3n que tom\u00f3 casi de forma inmediata. <\/strong>\u201cLo primero es que no quer\u00eda m\u00e1s quimioterapia tan agresiva y, posteriormente, un trasplante aut\u00f3logo. Y lo segundo es que, si me dec\u00edan que era un tratamiento nuevo con muchas posibilidades y que pod\u00eda ser menos duro, yo quer\u00eda intentarlo. Me lanc\u00e9 de cabeza\u201d. El ensayo asignaba los tratamientos de forma aleatoria. Hab\u00eda un cincuenta por ciento de posibilidades de <strong>recibir CAR-T. Y le toc\u00f3. Tuvo suerte.<\/strong>\n<\/p>\n<p class=\"article-body__text \">\n        <strong>El 13 de mayo de 2019 recibi\u00f3 la infusi\u00f3n<\/strong> &#8211; una infusi\u00f3n es la forma en que se introduce el tratamiento en el torrente sangu\u00edneo-. Fue el primer paciente tratado con esta terapia en Salamanca y de los primeros del Estado. \u201cYo dec\u00eda que era el uno\u201d, recuerda entre risas. \u201cY tambi\u00e9n me llamaba a m\u00ed mismo la cobaya\u201d. La broma ten\u00eda parte de verdad. Ni el hospital ni los profesionales ten\u00edan experiencia previa con este tipo de tratamiento. <strong>Todo era nuevo. \u201cPero confiaba plenamente en el equipo y, sobre todo, lo que deseaba con todas mis fuerzas era vivir\u201d.<\/strong>\n<\/p>\n<p class=\"article-photo__footer\">\n            D\u00eda mundial contra el c\u00e1ncer.            Jose Mari Martinez        <\/p>\n<p>  Vigilancia tipo \u2018Gran Hermano\u2019<\/p>\n<p class=\"article-body__text \">\n        \u201cLe sometimos a una vigilancia tipo Gran Hermano\u201d, admite Alejandro Mart\u00edn, su especialista y amigo. \u201cLas complicaciones eran diferentes a las de la quimioterapia y todav\u00eda est\u00e1bamos aprendiendo a manejarlas\u201d.\n<\/p>\n<p class=\"article-body__text \">\n        Manuel pas\u00f3 25 d\u00edas ingresado en una habitaci\u00f3n de aislamiento. \u00c9l la bautiz\u00f3 como \u201cla c\u00e1psula\u201d. \u201cParec\u00eda una nave espacial\u201d. Las visitas estaban restringidas. Los controles eran constantes, le realizaban pruebas neurol\u00f3gicas cada d\u00eda y vigilaban cualquier cambio. <strong>\u201cEstos hemat\u00f3logos son como sanguijuelas\u201d, bromea<\/strong>. \u201cA todas horas ven\u00eda alguien a hacerte alguna prueba\u201d.\n<\/p>\n<p class=\"article-body__text \">\n        Para hacer m\u00e1s llevadero el encierro instal\u00f3 una peque\u00f1a oficina improvisada. Se llev\u00f3 el ordenador y sigui\u00f3 trabajando desde la habitaci\u00f3n. Aun as\u00ed, hubo momentos complicados. Tras la infusi\u00f3n sufri\u00f3 fiebre y una reacci\u00f3n inflamatoria, la conocida tormenta de citoquinas. <strong>\u201cNo fue una tormenta brutal, pero s\u00ed tuve un par de d\u00edas malos\u201d.<\/strong>\n<\/p>\n<p class=\"article-body__text \">\n        A pesar de ello insiste en una idea:<strong> \u201cNo lo pas\u00e9 peor que con la quimioterapia\u201d<\/strong>. Pero lo m\u00e1s dif\u00edcil era otra cosa, que sus hijos ten\u00edan entonces 12 y 9 a\u00f1os y no sab\u00edan que su padre ten\u00eda c\u00e1ncer. \u201cNo quer\u00eda preocuparlos\u201d. Tampoco quiso que lo supiera su padre. De hecho, cuando perdi\u00f3 el pelo invent\u00f3 explicaciones. Cuando no pod\u00eda acudir a alguna visita familiar buscaba excusas. \u201cPensaba que era mejor as\u00ed\u201d.\n<\/p>\n<p class=\"article-body__text \">\n        <strong>Los ni\u00f1os acud\u00edan al hospital y lo saludaban a trav\u00e9s del doble cristal de la unidad. <\/strong>\u201cLes hac\u00eda un coraz\u00f3n con las manos\u201d. Hubo incluso un momento que hoy recuerda con humor. A los diez d\u00edas del ingreso consigui\u00f3 permiso para salir unas horas y votar. Despu\u00e9s regres\u00f3 al hospital. \u201cA\u00fan me quedaban varios d\u00edas de encierro\u201d.\n<\/p>\n<p class=\"article-body__text \">\n        <strong>Siete a\u00f1os despu\u00e9s, la escena parece pertenecer a otra \u00e9poca.<\/strong> Las terapias CAR-T han evolucionado. Los especialistas conocen mucho mejor sus complicaciones y los ingresos se han reducido notablemente. Algunos pacientes pueden incluso recibir el tratamiento de forma ambulatoria.\n<\/p>\n<p class=\"article-body__text \">\n        Pero en 2019 todo era distinto. Por eso Alejandro Mart\u00edn insiste en el valor de quienes participaron en aquellos primeros ensayos. <strong>\u201cDetr\u00e1s de estos avances hay muchos a\u00f1os de investigaci\u00f3n b\u00e1sica, precl\u00ednica y cl\u00ednica.<\/strong> Y tambi\u00e9n pacientes que decidieron apostar por estos tratamientos cuando todav\u00eda no conoc\u00edamos todos sus beneficios\u201d.\n<\/p>\n<p class=\"article-photo__footer\">\n            Lazos s\u00edmbolo de la lucha contra el c\u00e1ncer            Magnific        <\/p>\n<p>  Largo superviviente<\/p>\n<p class=\"article-body__text \">\n        <strong>Manuel fue uno de ellos. Hoy acude a revisi\u00f3n una vez al a\u00f1o y sigue poni\u00e9ndose nervioso cada vez que se acerca su cita. \u201cEso no desaparece nunca\u201d. <\/strong>Pero la enfermedad no ha vuelto. \u201cEn medicina nunca puedes asegurar nada al 100%\u201d, resalta Alejandro Mart\u00edn, quien agrega que, en este tipo de linfomas, \u201ccuando pasan dos a\u00f1os en remisi\u00f3n, las posibilidades de reca\u00edda son muy bajas y, cuando transcurren m\u00e1s de cinco, como es el caso de Manuel, ya ser\u00eda excepcional que se produjera\u201d.\n<\/p>\n<p class=\"article-body__text \">\n        Por eso, cuando se le pregunta a Manuel -que forma parte del cada vez m\u00e1s nutrido grupo de largos supervivientes tras esta terapia- qu\u00e9 siente al echar la vista atr\u00e1s, no habla de hospitales ni de tratamientos, <strong>habla de tiempo. Del tiempo que ha ganado, del tiempo que ha podido compartir con sus hijos y de una ciencia que le permiti\u00f3 seguir aqu\u00ed para contarlo.<\/strong> \u201cCuando me cur\u00e9 desapareci\u00f3 el miedo a hablar de lo que me hab\u00eda pasado\u201d. Y sonr\u00ede, \u201cestoy m\u00e1s viejo, y eso es una suerte\u201d.\n<\/p>\n<p class=\"article-body__text \">\n        En los linfomas difusos de c\u00e9lulas B grandes, las tasas actuales de curaci\u00f3n se sit\u00faan en torno al 40% de los pacientes. Es una cifra que los especialistas esperan que siga mejorando en los pr\u00f3ximos a\u00f1os gracias a la <strong>evoluci\u00f3n de la terapia CAR-T<\/strong> y a su incorporaci\u00f3n cada vez m\u00e1s temprana en el tratamiento. \u201cYa hay ensayos cl\u00ednicos que est\u00e1n comparando el tratamiento est\u00e1ndar con CAR-T en primera l\u00ednea\u201d, explica el hemat\u00f3logo Alejandro Mart\u00edn. <strong>La idea es intervenir antes en la enfermedad<\/strong>, cuando el organismo del paciente todav\u00eda conserva una mejor capacidad de respuesta, y as\u00ed aumentar las opciones de \u00e9xito.<\/p>\n","protected":false},"excerpt":{"rendered":"\u201cEstoy m\u00e1s viejo, lo cual es de agradecer\u201d. Manuel Mart\u00edn D\u00e1vila lo dice sonriendo. Tiene 58 a\u00f1os y&hellip;\n","protected":false},"author":2,"featured_media":652695,"comment_status":"","ping_status":"","sticky":false,"template":"","format":"standard","meta":{"footnotes":""},"categories":[92],"tags":[1066,21727,25,24,165,841,1730,166,23,19114],"class_list":["post-652694","post","type-post","status-publish","format-standard","has-post-thumbnail","category-salud","tag-cancer","tag-davila","tag-es","tag-espana","tag-health","tag-manuel","tag-martin","tag-salud","tag-spain","tag-superviviente"],"share_on_mastodon":{"url":"https:\/\/pubeurope.com\/@es\/116900883779119813","error":""},"_links":{"self":[{"href":"https:\/\/www.europesays.com\/es\/wp-json\/wp\/v2\/posts\/652694","targetHints":{"allow":["GET"]}}],"collection":[{"href":"https:\/\/www.europesays.com\/es\/wp-json\/wp\/v2\/posts"}],"about":[{"href":"https:\/\/www.europesays.com\/es\/wp-json\/wp\/v2\/types\/post"}],"author":[{"embeddable":true,"href":"https:\/\/www.europesays.com\/es\/wp-json\/wp\/v2\/users\/2"}],"replies":[{"embeddable":true,"href":"https:\/\/www.europesays.com\/es\/wp-json\/wp\/v2\/comments?post=652694"}],"version-history":[{"count":0,"href":"https:\/\/www.europesays.com\/es\/wp-json\/wp\/v2\/posts\/652694\/revisions"}],"wp:featuredmedia":[{"embeddable":true,"href":"https:\/\/www.europesays.com\/es\/wp-json\/wp\/v2\/media\/652695"}],"wp:attachment":[{"href":"https:\/\/www.europesays.com\/es\/wp-json\/wp\/v2\/media?parent=652694"}],"wp:term":[{"taxonomy":"category","embeddable":true,"href":"https:\/\/www.europesays.com\/es\/wp-json\/wp\/v2\/categories?post=652694"},{"taxonomy":"post_tag","embeddable":true,"href":"https:\/\/www.europesays.com\/es\/wp-json\/wp\/v2\/tags?post=652694"}],"curies":[{"name":"wp","href":"https:\/\/api.w.org\/{rel}","templated":true}]}}