{"id":652728,"date":"2026-07-11T10:56:19","date_gmt":"2026-07-11T10:56:19","guid":{"rendered":"https:\/\/www.europesays.com\/es\/652728\/"},"modified":"2026-07-11T10:56:19","modified_gmt":"2026-07-11T10:56:19","slug":"sancionado-el-joker-por-grabar-con-el-movil-mientras-corria-el-quinto-encierro-de-san-fermin","status":"publish","type":"post","link":"https:\/\/www.europesays.com\/es\/652728\/","title":{"rendered":"Sancionado el &#8216;Joker&#8217; por grabar con el m\u00f3vil mientras corr\u00eda el quinto encierro de San Ferm\u00edn"},"content":{"rendered":"<p>\n        A pesar de los constantes llamamientos a respetar <strong>las normas del encierro de San Ferm\u00edn<\/strong>, que proh\u00edben <a href=\"https:\/\/www.noticiasdenavarra.com\/sucesos\/2026\/07\/09\/policia-municipal-pamplona-retira-medio-11306271.html\" title=\"expresamente el uso de dispositivos m\u00f3viles\" target=\"_blank\" class=\"link copy\" rel=\"nofollow noopener\">expresamente el uso de dispositivos<\/a> para grabar la carrera por el riesgo que supone para los participantes, este s\u00e1bado, <strong>el corredor pintado de Joker<\/strong>, m\u00f3vil en mano, dio la nota en la bajada al callej\u00f3n durante el quinto encierro de las fiestas, protagonizado por toros de Jos\u00e9 Escolar, que <strong>ha dejado una quincena de heridos<\/strong>, <a href=\"https:\/\/www.noticiasdenavarra.com\/san-fermin\/2026\/07\/11\/parte-heridos-quinto-encierro-san-11314354.html\" title=\"entre ellos, un corredor que ha sufrido una cornada en la cara\" target=\"_blank\" class=\"link copy\" rel=\"nofollow noopener\">entre ellos, un corredor que ha sufrido una cornada en la cara<\/a>.\n<\/p>\n<p class=\"article-body__text \">\n        De hecho, poco despu\u00e9s, la Polic\u00eda Municipal de Pamplona lo ha identificado en la plaza de Toros una vez finalizada la carrera y ha difundido por sus redes sociales que iba a ser \u00absancionado tras grabar con el tel\u00e9fono m\u00f3vil mientras corr\u00eda en el 5\u00ba encierro\u00bb.\n<\/p>\n<p class=\"article-body__text \">\n        <a href=\"https:\/\/www.noticiasdenavarra.com\/sucesos\/2026\/07\/09\/policia-municipal-pamplona-retira-medio-11306271.html\" title=\"la Polic\u00eda Municipal realiza cada ma\u00f1ana intervenciones\" target=\"_blank\" class=\"link copy\" rel=\"nofollow noopener\">La Polic\u00eda Municipal realiza cada ma\u00f1ana intervenciones<\/a> antes del encierro para cerciorarse de que nadie lleve encima aparatos tecnol\u00f3gicos y los agentes pueden <strong>desalojar inmediatamente<\/strong> a quienes incumplan esta y otras normas del encierro, adem\u00e1s de <strong>proponer la correspondiente sanci\u00f3n<\/strong> administrativa.\n<\/p>\n<p class=\"article-body__text \">\n        La Ordenanza del Encierro recoge en su art\u00edculo 11 que est\u00e1 \u201c<strong>taxativamente prohibido y ser\u00e1 objeto de denuncia<\/strong> por parte de las fuerzas y cuerpos de seguridad: utilizar cualquier medio grabador de imagen o sonido, incluso aparatos de telefon\u00eda m\u00f3vil, dentro del recorrido o de los vallados reservados, sin la debida autorizaci\u00f3n\u201d. La normativa considera estas conductas como infracciones graves y est\u00e1n sujetas a una sanci\u00f3n que, seg\u00fan la Ley Foral 2\/1989, de 13 de marzo, reguladora de espect\u00e1culos p\u00fablicos y actividades recreativas, <strong>oscila entre los 601 y los 6.000 euros.\u00a0<\/strong>\n<\/p>\n<p>            <a href=\"https:\/\/www.noticiasdenavarra.com\/san-fermin\/2026\/07\/11\/quinto-encierro-san-fermin-2026-joker-movil-sancionado-11314571.html\" title=\"Sancionado el &#039;Joker&#039; por grabar con el m\u00f3vil mientras corr\u00eda el quinto encierro de San Ferm\u00edn\" class=\"new__media\" rel=\"nofollow noopener\" target=\"_blank\"><\/p>\n<p>                <img alt=\"Sancionado el 'Joker' por grabar con el m\u00f3vil mientras corr\u00eda el quinto encierro de San Ferm\u00edn\" data-src=\"https:\/\/www.europesays.com\/es\/wp-content\/uploads\/2026\/07\/a1b1cf15-2d0f-40b0-a825-df0149cd5f0d_16-9-aspect-ratio_default_0.jpg\" class=\"lozad\"\/><\/p>\n<p>        <\/a><\/p>\n<p>        <a href=\"https:\/\/www.noticiasdenavarra.com\/san-fermin\/2026\/07\/11\/quinto-encierro-san-fermin-2026-joker-movil-sancionado-11314571.html\" title=\"Sancionado el &#039;Joker&#039; por grabar con el m\u00f3vil mientras corr\u00eda el quinto encierro de San Ferm\u00edn\" class=\"new__headline\" rel=\"nofollow noopener\" target=\"_blank\"><br \/>\n            Sancionado el &#8216;Joker&#8217; por grabar con el m\u00f3vil mientras corr\u00eda el quinto encierro de San Ferm\u00edn<br \/>\n        <\/a><\/p>\n<p class=\"article-body__text \">\n        La Polic\u00eda Municipal de Pamplona ha requisado desde que comenzaron las fiestas de San Ferm\u00edn<a href=\"https:\/\/www.noticiasdenavarra.com\/san-fermin\/2026\/07\/11\/san-fermin-2026-requisadas-54-11315178.html\" title=\"54 gafas de grabaci\u00f3n dentro del recorrido\" target=\"_blank\" class=\"link copy\" rel=\"nofollow noopener\"> 54 gafas de grabaci\u00f3n dentro del recorrido<\/a> del encierro por incumplir la ordenanza que regula el desarrollo de este acto. Habitualmente, en a\u00f1os anteriores, se hab\u00eda detectado la presencia de personas que <strong>corr\u00edan con un tel\u00e9fono m\u00f3vil<\/strong> para grabar, pero estos Sanfermines <strong>los dispositivos se han sofisticado<\/strong> y resulta m\u00e1s dif\u00edcil detectarlos.\n<\/p>\n<p class=\"article-body__text \">\n        Como afirma la portavoz de la Polic\u00eda Municipal de Pamplona, Conchi Mateo, \u00abla retirada de aparatos de este tipo <strong>suele ser siempre preventiva<\/strong>, pocos minutos antes de empezar la carrera. Las gafas suelen generar peque\u00f1os destellos que llaman la atenci\u00f3n de los agentes. Pero <strong>es imposible intervenir una vez que el encierro se ha celebrado<\/strong>. El mi\u00e9rcoles, en el encierro de Cebada Gago, se pudo interceptar a un joven que hab\u00eda corrido con unas gafas de este tipo porque justo los agentes pudieron seguirle y localizarle, pero de lo contrario es imposible\u00bb.\n<\/p>\n<p>  La identidad del Joker<\/p>\n<p class=\"article-body__text \">\n        Durante los <strong>primeros encierros de <\/strong>San Ferm\u00edn hubo un corredor que acapar\u00f3 casi tantas miradas como los propios toros. Con el rostro completamente maquillado de blanco, el cabello te\u00f1ido de verde y una amplia sonrisa roja inspirada en <strong>el Joker, el popular antagonista de Batman<\/strong>, su identidad se convirti\u00f3 en uno de los peque\u00f1os misterios de las fiestas.\n<\/p>\n<p class=\"article-photo__footer\">\n            El Joker, tras ser identificado y escoltado por agentes fuera del ruedo de la plaza de Toros                    <\/p>\n<p class=\"article-body__text \">\n        El personaje apareci\u00f3 por primera vez en el <strong>primer encierro<\/strong>, celebrado el <strong>7 de julio<\/strong> con los <strong>toros de Fuente Ymbro<\/strong>. Su llamativa caracterizaci\u00f3n no pas\u00f3 desapercibida entre los miles de <strong>corredores y espectadores<\/strong> que aguardaban el inicio de la carrera. D\u00edas despu\u00e9s volvi\u00f3 a presentarse en el <strong>tercer encierro<\/strong>, esta vez con la misma apariencia y dispuesto de nuevo a <strong>correr delante de la manada<\/strong>.\n<\/p>\n<p class=\"article-body__text \">\n        Su presencia termin\u00f3 por hacerse <strong>viral<\/strong> no solo por el disfraz. Tras ese tercer encierro, el <strong>falso Joker<\/strong> tambi\u00e9n salt\u00f3 al ruedo durante el tradicional <strong>festejo de vaquillas<\/strong> en la <strong>Plaza de Toros de Pamplona<\/strong>. All\u00ed protagoniz\u00f3 uno de los momentos m\u00e1s comentados de las fiestas al ser alcanzado y revolcado por una de las reses ante la mirada de miles de personas. El percance qued\u00f3 finalmente en un susto y el corredor pudo abandonar el ruedo sin consecuencias de gravedad.\n<\/p>\n<p>            <a href=\"https:\/\/www.noticiasdenavarra.com\/san-fermin\/2026\/07\/10\/misterioso-joker-encierros-identidad-11312612.html\" title=\"El misterioso Joker de los encierros de San Ferm\u00edn ya tiene identidad\" class=\"new__media\" rel=\"nofollow noopener\" target=\"_blank\"><\/p>\n<p>                <img alt=\"El misterioso Joker de los encierros de San Ferm\u00edn ya tiene identidad\" data-src=\"https:\/\/www.europesays.com\/es\/wp-content\/uploads\/2026\/07\/1783767379_354_136356e3-782d-47cf-bbf3-e127d3e71af8_16-9-aspect-ratio_default_0.jpg\" class=\"lozad\"\/><\/p>\n<p>        <\/a><\/p>\n<p>        <a href=\"https:\/\/www.noticiasdenavarra.com\/san-fermin\/2026\/07\/10\/misterioso-joker-encierros-identidad-11312612.html\" title=\"El misterioso Joker de los encierros de San Ferm\u00edn ya tiene identidad\" class=\"new__headline\" rel=\"nofollow noopener\" target=\"_blank\"><br \/>\n            El misterioso Joker de los encierros de San Ferm\u00edn ya tiene identidad<br \/>\n        <\/a><\/p>\n<p class=\"article-body__text \">\n        La inc\u00f3gnita sobre qui\u00e9n se escond\u00eda tras el maquillaje tambi\u00e9n ha quedado resuelta. Se trata de <strong>Lacey Mrzena<\/strong>, un estadounidense procedente de <strong>Chicago<\/strong> que este a\u00f1o participa por primera vez en los <strong>Sanfermines<\/strong>. En <strong>redes sociales<\/strong> utiliza el nombre <strong>Straightdroplace<\/strong>, donde comparte parte de su actividad y contenido. Una vez sin maquillaje, el <strong>corredor<\/strong> explic\u00f3 que decidi\u00f3 <strong>correr caracterizado<\/strong> por motivos religiosos y culturales.<\/p>\n","protected":false},"excerpt":{"rendered":"A pesar de los constantes llamamientos a respetar las normas del encierro de San Ferm\u00edn, que proh\u00edben expresamente&hellip;\n","protected":false},"author":2,"featured_media":652729,"comment_status":"","ping_status":"","sticky":false,"template":"","format":"standard","meta":{"footnotes":""},"categories":[91],"tags":[3076,1309,146,147,25,24,12556,21907,10540,6076,2228,826,23],"class_list":["post-652728","post","type-post","status-publish","format-standard","has-post-thumbnail","category-entretenimiento","tag-3076","tag-encierro","tag-entertainment","tag-entretenimiento","tag-es","tag-espana","tag-fermin","tag-joker","tag-movil","tag-quinto","tag-san","tag-sancionado","tag-spain"],"share_on_mastodon":{"url":"https:\/\/pubeurope.com\/@es\/116900986303215960","error":""},"_links":{"self":[{"href":"https:\/\/www.europesays.com\/es\/wp-json\/wp\/v2\/posts\/652728","targetHints":{"allow":["GET"]}}],"collection":[{"href":"https:\/\/www.europesays.com\/es\/wp-json\/wp\/v2\/posts"}],"about":[{"href":"https:\/\/www.europesays.com\/es\/wp-json\/wp\/v2\/types\/post"}],"author":[{"embeddable":true,"href":"https:\/\/www.europesays.com\/es\/wp-json\/wp\/v2\/users\/2"}],"replies":[{"embeddable":true,"href":"https:\/\/www.europesays.com\/es\/wp-json\/wp\/v2\/comments?post=652728"}],"version-history":[{"count":0,"href":"https:\/\/www.europesays.com\/es\/wp-json\/wp\/v2\/posts\/652728\/revisions"}],"wp:featuredmedia":[{"embeddable":true,"href":"https:\/\/www.europesays.com\/es\/wp-json\/wp\/v2\/media\/652729"}],"wp:attachment":[{"href":"https:\/\/www.europesays.com\/es\/wp-json\/wp\/v2\/media?parent=652728"}],"wp:term":[{"taxonomy":"category","embeddable":true,"href":"https:\/\/www.europesays.com\/es\/wp-json\/wp\/v2\/categories?post=652728"},{"taxonomy":"post_tag","embeddable":true,"href":"https:\/\/www.europesays.com\/es\/wp-json\/wp\/v2\/tags?post=652728"}],"curies":[{"name":"wp","href":"https:\/\/api.w.org\/{rel}","templated":true}]}}