{"id":652798,"date":"2026-07-11T11:57:16","date_gmt":"2026-07-11T11:57:16","guid":{"rendered":"https:\/\/www.europesays.com\/es\/652798\/"},"modified":"2026-07-11T11:57:16","modified_gmt":"2026-07-11T11:57:16","slug":"el-barca-no-descartaria-fichar-otro-9-ademas-de-julian-vlahovic-y-asllani-siguen-en-el-mercado","status":"publish","type":"post","link":"https:\/\/www.europesays.com\/es\/652798\/","title":{"rendered":"El Bar\u00e7a no descartar\u00eda fichar otro &#8216;9&#8217; adem\u00e1s de Juli\u00e1n: Vlahovic y Asllani siguen en el mercado"},"content":{"rendered":"<p class=\"ft-text\"><a class=\"ft-link ft-link--decoration\" href=\"https:\/\/www.sport.es\/es\/noticias\/barca\/barca-pondra-duro-ferran-psg-132354908\" rel=\"nofollow noopener\" target=\"_blank\">Movimiento de calado con la posible salida de Ferran Torres.<\/a> Si el atacante blaugrana decidiera salir, el Bar\u00e7a se quedar\u00eda de forma moment\u00e1nea sin un &#8216;9&#8217; claro en la plantilla y eso obligar\u00e1 a realizar movimientos para el presente y el futuro. Juli\u00e1n \u00c1lvarez es el objetivo prioritario y en el club hay convencimiento de que la operaci\u00f3n saldr\u00e1.<strong> Pero, adem\u00e1s, el Bar\u00e7a contempla la opci\u00f3n de firmar a otro complemento ofensivo como delantero centro si Ferran se va. Hay opciones interesantes en el mercado que el club tiene controladas como Vlahovic o Asllani.<\/strong><\/p>\n<p class=\"ft-text\">El Bar\u00e7a est\u00e1 al corriente de todo lo que suecede con Ferran y esperar\u00e1 al final del Mundial para ver qu\u00e9 decisi\u00f3n toma el jugador. Todos los escenarios est\u00e1n abiertos, aunque la oferta del PSG le tienta y puede estar m\u00e1s fuera que dentro.<strong> Si se queda, se avanzar\u00e1 en la renovaci\u00f3n ya que acaba contrato en el 2027, pero hay varios clubs que van a por \u00e9l y puede pasar de todo.<\/strong><\/p>\n<p class=\"ft-text\">Deco y la direcci\u00f3n deportiva ya asum\u00edan como probable este escenario, por lo que se ha trabajado mucho en la posici\u00f3n del &#8216;9&#8217;. La negociaci\u00f3n prioritaria es la de Juli\u00e1n \u00c1lvarez, por quien se ha hecho una oferta y se est\u00e1 a la espera de que el Atl\u00e9tico se siente a negociar. <strong>Hay el convencimiento absoluto de que el argentino acabar\u00e1 cayendo tras el Mundial porque el futbolista no quiere seguir en el Atl\u00e9tico y seguir\u00e1 con su presi\u00f3n.<\/strong><\/p>\n<p class=\"ft-text\">A partir de ah\u00ed, hay debate sobre la opci\u00f3n de conseguir otro &#8216;9&#8217; como complemento en la plantilla para tener las posiciones dobladas. Una opci\u00f3n que se probar\u00e1 durante la pretemporada es el egicpcio Hamza Abdelkarim, apuesta total de club. Hamza estar\u00e1 en din\u00e1mica de primer equipo aunque jugar\u00e1 en el filial. <strong>El club quiere que tenga ya minutos con el grupo de Flick y habr\u00e1 que ver c\u00f3mo responde. Pero la prioridad es que juegue mucho en el filial para que vaya progresando.<\/strong><\/p>\n<p class=\"ft-text\">En este escenario, el Bar\u00e7a maneja informaci\u00f3n sobre varios delanteros que est\u00e1n dispuestos a fichar este verano por el equipo blaugrana y cuyo precio es m\u00e1s asequible. <strong>Por un lado est\u00e1 Vlahovic, futbolista que acab\u00f3 contrato con la Juventus y est\u00e1 sin equipo y tambi\u00e9n se ha seguido muy de cerca a Asllani, delantero del Hoffenheim.<\/strong><\/p>\n<p class=\"ft-text\"><a class=\"ft-link ft-link--decoration\" href=\"https:\/\/www.sport.es\/es\/noticias\/barca\/vlahovic-decide-esperar-barca-132160248\" rel=\"nofollow noopener\" target=\"_blank\">El caso de Vlahovic es claro. <\/a>El delantero se ofreci\u00f3 a trav\u00e9s de su entorno y pas\u00f3 unos n\u00fameros que no acabaron de cuadrar en el Bar\u00e7a por las demandas de su salario y prima de fichaje, adem\u00e1s de comisiones. A<strong>hora, parece que ha ido rebajando cifras y volver\u00e1 a negociar con la Juventus su posible continuidad. Si las cifras cuadraran puede ser una opci\u00f3n interesante.<\/strong><\/p>\n<p class=\"ft-text\">La otra v\u00eda que gusta en la direcci\u00f3n deportiva es la de Asllani, futbolista que ha deslumbrado en la Bundesliga y que tiene una cl\u00e1usula de rescisi\u00f3n de 29 millones de euros. El Borussia Dortmund va a por \u00e9l, pero Asllani ha ido dilatando las negociaciones esperando un posible movimiento del Bar\u00e7a.<strong> El club ha hablado con \u00e9l y con su entorno y tienen claro que desea venir, pero ser\u00e1 Flick el que decida. La temporada es larga y si se va Ferran se necesitar\u00e1n alternativas.<\/strong><\/p>\n","protected":false},"excerpt":{"rendered":"Movimiento de calado con la posible salida de Ferran Torres. Si el atacante blaugrana decidiera salir, el Bar\u00e7a&hellip;\n","protected":false},"author":2,"featured_media":503906,"comment_status":"","ping_status":"","sticky":false,"template":"","format":"standard","meta":{"footnotes":""},"categories":[268],"tags":[51563,2296,210,2297,168,25,24,280,282,22784,281,23,167,21781],"class_list":["post-652798","post","type-post","status-publish","format-standard","has-post-thumbnail","category-futbol","tag-asllani","tag-barca","tag-barcelona","tag-barsa","tag-deportes","tag-es","tag-espana","tag-football","tag-futbol","tag-julian-alvarez","tag-soccer","tag-spain","tag-sports","tag-vlahovic"],"share_on_mastodon":{"url":"https:\/\/pubeurope.com\/@es\/116901225948106334","error":""},"_links":{"self":[{"href":"https:\/\/www.europesays.com\/es\/wp-json\/wp\/v2\/posts\/652798","targetHints":{"allow":["GET"]}}],"collection":[{"href":"https:\/\/www.europesays.com\/es\/wp-json\/wp\/v2\/posts"}],"about":[{"href":"https:\/\/www.europesays.com\/es\/wp-json\/wp\/v2\/types\/post"}],"author":[{"embeddable":true,"href":"https:\/\/www.europesays.com\/es\/wp-json\/wp\/v2\/users\/2"}],"replies":[{"embeddable":true,"href":"https:\/\/www.europesays.com\/es\/wp-json\/wp\/v2\/comments?post=652798"}],"version-history":[{"count":0,"href":"https:\/\/www.europesays.com\/es\/wp-json\/wp\/v2\/posts\/652798\/revisions"}],"wp:featuredmedia":[{"embeddable":true,"href":"https:\/\/www.europesays.com\/es\/wp-json\/wp\/v2\/media\/503906"}],"wp:attachment":[{"href":"https:\/\/www.europesays.com\/es\/wp-json\/wp\/v2\/media?parent=652798"}],"wp:term":[{"taxonomy":"category","embeddable":true,"href":"https:\/\/www.europesays.com\/es\/wp-json\/wp\/v2\/categories?post=652798"},{"taxonomy":"post_tag","embeddable":true,"href":"https:\/\/www.europesays.com\/es\/wp-json\/wp\/v2\/tags?post=652798"}],"curies":[{"name":"wp","href":"https:\/\/api.w.org\/{rel}","templated":true}]}}