{"id":652858,"date":"2026-07-11T12:51:19","date_gmt":"2026-07-11T12:51:19","guid":{"rendered":"https:\/\/www.europesays.com\/es\/652858\/"},"modified":"2026-07-11T12:51:19","modified_gmt":"2026-07-11T12:51:19","slug":"adios-insomnio-un-psiquiatra-desvela-como-conciliar-mejor-el-sueno-2","status":"publish","type":"post","link":"https:\/\/www.europesays.com\/es\/652858\/","title":{"rendered":"Adi\u00f3s insomnio: un psiquiatra desvela c\u00f3mo conciliar mejor el sue\u00f1o"},"content":{"rendered":"<p>\n        <a href=\"https:\/\/www.noticiasdealava.eus\/tags\/dormir\/\" title=\"Dormir\" class=\"link copy\" rel=\"nofollow noopener\" target=\"_blank\"><strong>Dormir <\/strong><\/a><strong>es una necesidad prioritaria para nuestra salud y bienestar. <\/strong>Sin embargo,<strong> algunas costumbres o h\u00e1bitos poco recomendables imposibilitan un buen descanso.<\/strong>\n<\/p>\n<p class=\"article-body__text \">\n        Adem\u00e1s de seguir consejos tan b\u00e1sicos como cenar varias horas antes de acostarse, <strong>es importante saber que la <\/strong><a href=\"https:\/\/www.noticiasdealava.eus\/tags\/cama\/\" title=\"cama\" class=\"link copy\" rel=\"nofollow noopener\" target=\"_blank\"><strong>cama<\/strong><\/a><strong> no es un lugar donde debamos pensar demasiado.<\/strong>\n<\/p>\n<p class=\"article-body__text \">\n        As\u00ed lo explic\u00f3 recientemente el psiquiatra Alejandro Mart\u00ednez Rico\u00a0en el podcast &#8216;Upeka&#8217;: <strong>\u00abSi quieres arruinar tu vida, lo \u00fanico que quieres hacer a tu almohada en tu psic\u00f3logo. Nos llevamos las preocupaciones a la cama y eso es un gran error. Nuestro cerebro tiene que asociar que la cama es solo para dormir\u00bb.<\/strong>\n<\/p>\n<p class=\"article-body__text \">\n        <strong>\u00abSi yo me voy a la cama repasando lo que tiene que hacer mi hijo al d\u00eda siguiente; los correos que tengo que mandar; a qu\u00e9 hora es la grabaci\u00f3n del podcast ma\u00f1ana&#8230; eso es nefasto. En la cama solo se puede dormir, leer o amar. Nada m\u00e1s\u00bb,<\/strong> explic\u00f3.\n<\/p>\n<p class=\"article-body__text \">\n        Asimismo,<strong> recomend\u00f3 t\u00e9cnicas como la respiraci\u00f3n diafragm\u00e1tica: \u00abPuede ayudar a calmarme, a bajar la ansiedad&#8230;\u00bb.<\/strong>\n<\/p>\n<p class=\"article-body__text \">\n        <strong>Basta con poner una mano en el pecho y otra en la barriga. Se debe inspirar por la nariz lentamente mientras la mano de abajo se desplaza hacia adelante lentamente. Tras retener cuatro segundos se expulsa el aire por la boca de forma que la mano de la barriga se hunda hacia atr\u00e1s<\/strong>\n<\/p>\n<p>  Beneficios de dormir adecuadamente<\/p>\n<p class=\"article-body__text \">\n        Durante el sue\u00f1o, el cerebro realiza funciones cr\u00edticas como la <strong>consolidaci\u00f3n de la <\/strong><a href=\"https:\/\/www.noticiasdealava.eus\/tags\/memoria\/\" title=\"memoria\" class=\"link copy\" rel=\"nofollow noopener\" target=\"_blank\"><strong>memoria<\/strong><\/a><strong> y la regulaci\u00f3n del estado de \u00e1nimo.<\/strong>\n<\/p>\n<p class=\"article-body__text \">\n        La falta de sue\u00f1o puede llevar a problemas como <strong>la <\/strong><a href=\"https:\/\/www.noticiasdealava.eus\/tags\/ansiedad\/\" title=\"ansiedad\" class=\"link copy\" rel=\"nofollow noopener\" target=\"_blank\"><strong>ansiedad<\/strong><\/a><strong> y la depresi\u00f3n<\/strong>. Dormir bien ayuda a procesar las experiencias del d\u00eda y a mantener un equilibrio emocional.\n<\/p>\n<p class=\"article-body__text \">\n        Asimismo, el sue\u00f1o adecuado es esencial para la<strong> funci\u00f3n cognitiva, <\/strong>incluyendo la concentraci\u00f3n, la toma de decisiones y la resoluci\u00f3n de problemas.\n<\/p>\n<p class=\"article-body__text \">\n        Las personas que duermen lo suficiente tienden a ser<strong> m\u00e1s productivas y creativas.<\/strong>\n<\/p>\n<p class=\"article-body__text \">\n        En referencia a la <strong>salud f\u00edsica,<\/strong> dormir bien fortalece el sistema inmunol\u00f3gico, reduce el riesgo de enfermedades cr\u00f3nicas como la diabetes y las enfermedades card\u00edacas, y ayuda a mantener un peso saludable.\n<\/p>\n<p class=\"article-body__text \">\n        Durante el sue\u00f1o, el cuerpo <strong>repara tejidos, construye huesos y m\u00fasculos, y fortalece el sistema inmunol\u00f3gico.<\/strong>\n<\/p>\n<p class=\"article-body__text \">\n        Los deportistas que duermen lo suficiente tienden a rendir mejor, ya que el sue\u00f1o ayuda en la <strong>r<\/strong><strong>ecuperaci\u00f3n muscular y mejora la coordinaci\u00f3n y la precisi\u00f3n.<\/strong>\n<\/p>\n<p class=\"article-photo__footer\">\n            Se\u00f1ora lee un libro en la cama antes de dormir.            drazen_zigic        <\/p>\n<p>            <a href=\"https:\/\/www.noticiasdealava.eus\/hogar-decoracion\/2026\/06\/08\/secreto-ikea-para-dormir-mejor-11174672.html\" title=\"El secreto de Ikea para dormir mejor por solo tres euros\" class=\"new__media\" rel=\"nofollow noopener\" target=\"_blank\"><\/p>\n<p>                <img alt=\"El secreto de Ikea para dormir mejor por solo tres euros\" data-src=\"https:\/\/www.europesays.com\/es\/wp-content\/uploads\/2026\/07\/166d8773-89b7-4031-916b-65b5afa332ac_16-9-aspect-ratio_default_0.jpg\" class=\"lozad\"\/><\/p>\n<p>        <\/a><\/p>\n<p>        <a href=\"https:\/\/www.noticiasdealava.eus\/hogar-decoracion\/2026\/06\/08\/secreto-ikea-para-dormir-mejor-11174672.html\" title=\"El secreto de Ikea para dormir mejor por solo tres euros\" class=\"new__headline\" rel=\"nofollow noopener\" target=\"_blank\"><br \/>\n            El secreto de Ikea para dormir mejor por solo tres euros<br \/>\n        <\/a><\/p>\n<p>  <strong>Rutinas que mejoran el sue\u00f1o<\/strong><\/p>\n<p class=\"article-body__text \">\n        Para disfrutar de un sue\u00f1o de calidad, es esencial <strong>adoptar h\u00e1bitos saludables antes de acostarse.<\/strong>\n<\/p>\n<p class=\"article-body__text \">\n        <strong>Evitar las pantallas, leer un libro relajante, practicar ejercicios de relajaci\u00f3n y crear un ambiente propicio para el sue\u00f1o<\/strong> son estrategias efectivas.\n<\/p>\n<p class=\"article-body__text \">\n        Estos h\u00e1bitos no solo mejoran la calidad del sue\u00f1o, sino que tambi\u00e9n <strong>contribuyen al bienestar general y a una mejor <\/strong><a href=\"https:\/\/www.noticiasdegipuzkoa.eus\/tags\/salud\/\" title=\"salud\" class=\"link copy\" rel=\"nofollow noopener\" target=\"_blank\"><strong>salud<\/strong><\/a><strong> f\u00edsica y mental.<\/strong>\n<\/p>\n<p class=\"article-body__text \">\n        Incorporarlos en la rutina diaria puede marcar <strong>una gran diferencia en c\u00f3mo se siente y funciona a lo largo del d\u00eda.<\/strong><\/p>\n","protected":false},"excerpt":{"rendered":"Dormir es una necesidad prioritaria para nuestra salud y bienestar. Sin embargo, algunas costumbres o h\u00e1bitos poco recomendables&hellip;\n","protected":false},"author":2,"featured_media":652597,"comment_status":"","ping_status":"","sticky":false,"template":"","format":"standard","meta":{"footnotes":""},"categories":[92],"tags":[6831,74486,25,24,165,3938,44517,166,23,3466,18063],"class_list":["post-652858","post","type-post","status-publish","format-standard","has-post-thumbnail","category-salud","tag-adios","tag-conciliar","tag-es","tag-espana","tag-health","tag-insomnio","tag-psiquiatra","tag-salud","tag-spain","tag-sueno","tag-truco"],"share_on_mastodon":{"url":"https:\/\/pubeurope.com\/@es\/116901438221097373","error":""},"_links":{"self":[{"href":"https:\/\/www.europesays.com\/es\/wp-json\/wp\/v2\/posts\/652858","targetHints":{"allow":["GET"]}}],"collection":[{"href":"https:\/\/www.europesays.com\/es\/wp-json\/wp\/v2\/posts"}],"about":[{"href":"https:\/\/www.europesays.com\/es\/wp-json\/wp\/v2\/types\/post"}],"author":[{"embeddable":true,"href":"https:\/\/www.europesays.com\/es\/wp-json\/wp\/v2\/users\/2"}],"replies":[{"embeddable":true,"href":"https:\/\/www.europesays.com\/es\/wp-json\/wp\/v2\/comments?post=652858"}],"version-history":[{"count":0,"href":"https:\/\/www.europesays.com\/es\/wp-json\/wp\/v2\/posts\/652858\/revisions"}],"wp:featuredmedia":[{"embeddable":true,"href":"https:\/\/www.europesays.com\/es\/wp-json\/wp\/v2\/media\/652597"}],"wp:attachment":[{"href":"https:\/\/www.europesays.com\/es\/wp-json\/wp\/v2\/media?parent=652858"}],"wp:term":[{"taxonomy":"category","embeddable":true,"href":"https:\/\/www.europesays.com\/es\/wp-json\/wp\/v2\/categories?post=652858"},{"taxonomy":"post_tag","embeddable":true,"href":"https:\/\/www.europesays.com\/es\/wp-json\/wp\/v2\/tags?post=652858"}],"curies":[{"name":"wp","href":"https:\/\/api.w.org\/{rel}","templated":true}]}}