{"id":652924,"date":"2026-07-11T13:52:17","date_gmt":"2026-07-11T13:52:17","guid":{"rendered":"https:\/\/www.europesays.com\/es\/652924\/"},"modified":"2026-07-11T13:52:17","modified_gmt":"2026-07-11T13:52:17","slug":"mal-dia-para-aday-mara-en-su-primer-partido-en-la-summer-league-de-las-vegas","status":"publish","type":"post","link":"https:\/\/www.europesays.com\/es\/652924\/","title":{"rendered":"Mal d\u00eda para Aday Mara en su primer partido en la Summer League de Las Vegas"},"content":{"rendered":"<p class=\"ft-text ft-helper-closenews\"><strong>No est\u00e1 siendo el inicio so\u00f1ado por Aday Mara en su primera toma de contacto con la NBA.<\/strong> Los Oklahoma City Thunder volvieron a perder por cuarto encuentro consecutivo, <strong>esta vez en su estreno de la Summer League de Las Vegas,<\/strong> donde est\u00e1n todas las franquicias, y <strong>adem\u00e1s tuvo un mal d\u00eda.<\/strong><\/p>\n<p class=\"ft-text\">Hab\u00eda dejado buenas sensaciones en los dos primeros duelos de la Liga de Verano de Salt Lake City, con 10 puntos por encuentro y buenas acciones defensivas, y en el \u00faltimo choque descans\u00f3. Pero en su regreso a la pista, en el partido contra Los \u00c1ngeles Lakers, <strong>tuvo su primer d\u00eda de aprendizaje severo<\/strong> con un equipo que, eso s\u00ed, se est\u00e1 mostrando inferior en calidad con respecto a sus rivales. <\/p>\n<p class=\"ft-text\"><strong>Cabe recordar que hay rookies, alg\u00fan jugador de segundo a\u00f1o, muchos de la G-League (Liga de desarrollo) y el resto contratados de propio solo para estas semanas, nada que ver con lo que se encontrar\u00e1 en la NBA. <\/strong>De hecho, <a class=\"ft-link ft-link--decoration\" href=\"https:\/\/www.elperiodicodearagon.com\/cai-zaragoza\/2026\/07\/05\/exjugador-casademont-zaragoza-pasada-campana-132147610.html\" target=\"_blank\" rel=\"nofollow noopener\">Erik Stevenson, jugador esta pasada campa\u00f1a del Casademont y que no cuaj\u00f3 hasta ser cortado, est\u00e1 con los Denver Nuggets.<\/a><\/p>\n<p class=\"ft-text\"><strong>El aragon\u00e9s no anot\u00f3 ninguno de sus tres tiros de campo, convirti\u00f3 el \u00fanico tiro libre que lanz\u00f3 <\/strong>(que vali\u00f3 dos puntos por una nueva norma para la Summer League por la cual solo se tira una vez desde la personal y tiene el valor de la falta), <strong>captur\u00f3 7 rebotes, tres de ellos ofensivos, dio una asistencia, rob\u00f3 un bal\u00f3n, puso dos tapones y perdi\u00f3 cuatro balones.<\/strong><\/p>\n<p class=\"ft-text\"><strong>Los Lakers, que vencieron 96-84 a los Thunder, se centraron en la defensa del gigante zaragozano, al que incomodaron lejos del aro<\/strong>. Adem\u00e1s, su menor altura y mayor agilidad hizo sufrir a Aday y al resto del equipo. Tampoco le terminaron de encontrar en la pintura, donde era muy superior en cent\u00edmetros y t\u00e9cnica. En los Thunder el mejor fue el rookie (elegido en el puesto 18) Bennett Stirtz, que hizo 18 puntos.<\/p>\n<p class=\"ft-text\"><strong>El siguiente partido de los Thunder de Aday Mara ser\u00e1 la noche del domingo al lunes a las 00.00 hora espa\u00f1ola contra los Golden State Warriors<\/strong>, que en su primer partido vencieron 101-90 a los Dallas Mavericks de Sergio de Larrea y los gemelos espa\u00f1oles D\u00edaz-Graham. Ah\u00ed se reencontrar\u00e1 con Yaxel Lendeborg, su compa\u00f1ero en Michigan, con quien fue campe\u00f3n de la NCAA en abril.<\/p>\n<p data-close=\"closedContent\" class=\"subscribeHideForDisplay\">Suscr\u00edbete para seguir leyendo<\/p>\n","protected":false},"excerpt":{"rendered":"No est\u00e1 siendo el inicio so\u00f1ado por Aday Mara en su primera toma de contacto con la NBA.&hellip;\n","protected":false},"author":2,"featured_media":652925,"comment_status":"","ping_status":"","sticky":false,"template":"","format":"standard","meta":{"footnotes":""},"categories":[269],"tags":[69214,299,298,168,978,25,24,4627,55384,977,23,167],"class_list":["post-652924","post","type-post","status-publish","format-standard","has-post-thumbnail","category-baloncesto","tag-aday","tag-baloncesto","tag-basketball","tag-deportes","tag-dia","tag-es","tag-espana","tag-mal","tag-mara","tag-primer","tag-spain","tag-sports"],"share_on_mastodon":{"url":"https:\/\/pubeurope.com\/@es\/116901678085675593","error":""},"_links":{"self":[{"href":"https:\/\/www.europesays.com\/es\/wp-json\/wp\/v2\/posts\/652924","targetHints":{"allow":["GET"]}}],"collection":[{"href":"https:\/\/www.europesays.com\/es\/wp-json\/wp\/v2\/posts"}],"about":[{"href":"https:\/\/www.europesays.com\/es\/wp-json\/wp\/v2\/types\/post"}],"author":[{"embeddable":true,"href":"https:\/\/www.europesays.com\/es\/wp-json\/wp\/v2\/users\/2"}],"replies":[{"embeddable":true,"href":"https:\/\/www.europesays.com\/es\/wp-json\/wp\/v2\/comments?post=652924"}],"version-history":[{"count":0,"href":"https:\/\/www.europesays.com\/es\/wp-json\/wp\/v2\/posts\/652924\/revisions"}],"wp:featuredmedia":[{"embeddable":true,"href":"https:\/\/www.europesays.com\/es\/wp-json\/wp\/v2\/media\/652925"}],"wp:attachment":[{"href":"https:\/\/www.europesays.com\/es\/wp-json\/wp\/v2\/media?parent=652924"}],"wp:term":[{"taxonomy":"category","embeddable":true,"href":"https:\/\/www.europesays.com\/es\/wp-json\/wp\/v2\/categories?post=652924"},{"taxonomy":"post_tag","embeddable":true,"href":"https:\/\/www.europesays.com\/es\/wp-json\/wp\/v2\/tags?post=652924"}],"curies":[{"name":"wp","href":"https:\/\/api.w.org\/{rel}","templated":true}]}}