{"id":652948,"date":"2026-07-11T14:08:16","date_gmt":"2026-07-11T14:08:16","guid":{"rendered":"https:\/\/www.europesays.com\/es\/652948\/"},"modified":"2026-07-11T14:08:16","modified_gmt":"2026-07-11T14:08:16","slug":"manolo-lama-no-duda-tras-el-partido-de-espana-esta-condenado","status":"publish","type":"post","link":"https:\/\/www.europesays.com\/es\/652948\/","title":{"rendered":"Manolo Lama no duda tras el partido de Espa\u00f1a: \u00abEst\u00e1 condenado\u00bb"},"content":{"rendered":"<p class=\"ft-text\"><strong>Espa\u00f1a venci\u00f3 ayer a B\u00e9lgica por 2-1<\/strong> en un partido de enorme intensidad, pero la noticia no estuvo \u00fanicamente en el marcador.<\/p>\n<p class=\"ft-text\">La sorpresa lleg\u00f3 antes del inicio, cuando <strong>Luis de la Fuente<\/strong> decidi\u00f3 dejar a <strong>Pedri<\/strong> en el banquillo y apostar por <strong>Fabi\u00e1n Ruiz<\/strong> como titular. La decisi\u00f3n agit\u00f3 el an\u00e1lisis posterior en la COPE, donde los periodistas interpretaron el movimiento como un mensaje claro del seleccionador.<\/p>\n<p>La lectura de Manolo Lama<\/p>\n<p class=\"ft-text\"><strong>Manolo Lama<\/strong> fue directo al valorar el estado del centrocampista canario. Seg\u00fan explic\u00f3, el rendimiento de Pedri lleva tiempo siendo insuficiente: \u00ab<strong>Pedri no est\u00e1 bien, llevamos diciendo desde que empez\u00f3 el Mundial que no est\u00e1 bien.\u00bb<\/strong><\/p>\n<p class=\"ft-text\">El periodista defendi\u00f3 que De la Fuente actu\u00f3 en consecuencia: <strong>Fabi\u00e1n estaba mejor<\/strong>, jug\u00f3 un partido completo, marc\u00f3 un gol y ofreci\u00f3 la frescura que el t\u00e9cnico reclam\u00f3 expl\u00edcitamente en rueda de prensa. Para Lama, la conclusi\u00f3n es evidente: \u00ab<strong>Yo creo que Pedri para el martes est\u00e1 condenado.\u00bb<\/strong><\/p>\n<p class=\"ft-text\">El analista sostiene que, en un momento del encuentro donde se esperaba que Pedri aportara control, movilidad y pases sencillos, <strong>no logr\u00f3 influir en el juego<\/strong>. Y que, con la semifinal a la vista, el seleccionador no parece dispuesto a modificar un once que funcion\u00f3.<\/p>\n<p>El mensaje del seleccionador<\/p>\n<p class=\"ft-text\">La clave, seg\u00fan la tertulia, est\u00e1 en las palabras de Luis de la Fuente. El t\u00e9cnico habl\u00f3 de \u00abgente energ\u00e9tica, fresca como Fabi\u00e1n\u00bb, y cuando se le pregunt\u00f3 directamente por el jugador del PSG, respondi\u00f3 con un \u00abs\u00ed, s\u00ed\u00bb que los periodistas interpretaron como una confirmaci\u00f3n de su apuesta.<\/p>\n<p class=\"ft-text\">Para ellos, el seleccionador ha decidido priorizar <strong>estado de forma<\/strong> por encima de jerarqu\u00edas previas.<\/p>\n<p>El an\u00e1lisis de la COPE<\/p>\n<p class=\"ft-text\">Los periodistas de la cadena coincidieron en una lectura com\u00fan del escenario que se abre en la selecci\u00f3n. Consideran que <strong>Fabi\u00e1n ha aprovechado su oportunidad<\/strong>, firmando un encuentro decisivo que le coloca en una posici\u00f3n de ventaja. En paralelo, interpretan que <strong>Pedri atraviesa un momento delicado<\/strong>, con un rol que podr\u00eda verse reducido en la fase final del torneo si no recupera sensaciones.<\/p>\n<p><img decoding=\"async\" src=\"https:\/\/www.europesays.com\/es\/wp-content\/uploads\/2026\/07\/5534e5ee-f5f7-4bd9-bbc8-dddc6ce7d119_alta-libre-aspect-ratio_default_0_x1000y468.jpg\" width=\"1200\" height=\"844\" alt=\"Fabi\u00e1n dej\u00f3 su puesto a Pedri en el segundo tiempo del Espa\u00f1a-B\u00e9lgica\" class=\"ft-helper-img-rd\" loading=\"lazy\" fetchpriority=\"auto\"\/><\/p>\n<p class=\"ft-helper-fontColor-quaternary ft-helper-fontSize-body-S ft-helper-spacer-t-xxs\">Fabi\u00e1n dej\u00f3 su puesto a Pedri en el segundo tiempo del Espa\u00f1a-B\u00e9lgica  \/ SCOTT STRAZZANTE \/ EFE<\/p>\n<p class=\"ft-text\">La conclusi\u00f3n es que <strong>Luis de la Fuente prioriza el rendimiento inmediato<\/strong>, no el nombre, y eso abre un nuevo escenario competitivo en el centro del campo. El equipo que gan\u00f3 a B\u00e9lgica, sostienen, tiene muchas opciones de repetirse en semifinales.<\/p>\n<p>Un once que apunta a continuidad<\/p>\n<p class=\"ft-text\">Con Espa\u00f1a a un paso de la final, el debate se centra ahora en si Pedri podr\u00e1 recuperar su sitio o si el equipo ya ha encontrado un equilibrio sin \u00e9l.<\/p>\n<p class=\"ft-text\">Para Manolo Lama y Paco Gonz\u00e1lez, la respuesta es clara: <strong>el once de ayer ser\u00e1 el de las semifinales<\/strong>.<\/p>\n","protected":false},"excerpt":{"rendered":"Espa\u00f1a venci\u00f3 ayer a B\u00e9lgica por 2-1 en un partido de enorme intensidad, pero la noticia no estuvo&hellip;\n","protected":false},"author":2,"featured_media":652949,"comment_status":"","ping_status":"","sticky":false,"template":"","format":"standard","meta":{"footnotes":""},"categories":[5],"tags":[17,18,25,24,16902,16810,256,13,14,2313,11,22427,19,20,24370,32463,9,10,15,16,16809,1988,32462,23,12,21,22],"class_list":["post-652948","post","type-post","status-publish","format-standard","has-post-thumbnail","category-titulares","tag-breaking-news","tag-breakingnews","tag-es","tag-espana","tag-fabian","tag-fabian-ruiz","tag-famosos","tag-featured-news","tag-featurednews","tag-fuera-de-juego","tag-headlines","tag-lama","tag-latest-news","tag-latestnews","tag-manolo","tag-mundial-2026","tag-news","tag-noticias","tag-noticias-destacadas","tag-noticiasdestacadas","tag-pedri","tag-seleccion","tag-seleccion-espana","tag-spain","tag-titulares","tag-ultimas-noticias","tag-ultimasnoticias"],"share_on_mastodon":{"url":"https:\/\/pubeurope.com\/@es\/116901741951815404","error":""},"_links":{"self":[{"href":"https:\/\/www.europesays.com\/es\/wp-json\/wp\/v2\/posts\/652948","targetHints":{"allow":["GET"]}}],"collection":[{"href":"https:\/\/www.europesays.com\/es\/wp-json\/wp\/v2\/posts"}],"about":[{"href":"https:\/\/www.europesays.com\/es\/wp-json\/wp\/v2\/types\/post"}],"author":[{"embeddable":true,"href":"https:\/\/www.europesays.com\/es\/wp-json\/wp\/v2\/users\/2"}],"replies":[{"embeddable":true,"href":"https:\/\/www.europesays.com\/es\/wp-json\/wp\/v2\/comments?post=652948"}],"version-history":[{"count":0,"href":"https:\/\/www.europesays.com\/es\/wp-json\/wp\/v2\/posts\/652948\/revisions"}],"wp:featuredmedia":[{"embeddable":true,"href":"https:\/\/www.europesays.com\/es\/wp-json\/wp\/v2\/media\/652949"}],"wp:attachment":[{"href":"https:\/\/www.europesays.com\/es\/wp-json\/wp\/v2\/media?parent=652948"}],"wp:term":[{"taxonomy":"category","embeddable":true,"href":"https:\/\/www.europesays.com\/es\/wp-json\/wp\/v2\/categories?post=652948"},{"taxonomy":"post_tag","embeddable":true,"href":"https:\/\/www.europesays.com\/es\/wp-json\/wp\/v2\/tags?post=652948"}],"curies":[{"name":"wp","href":"https:\/\/api.w.org\/{rel}","templated":true}]}}