{"id":652976,"date":"2026-07-11T14:31:12","date_gmt":"2026-07-11T14:31:12","guid":{"rendered":"https:\/\/www.europesays.com\/es\/652976\/"},"modified":"2026-07-11T14:31:12","modified_gmt":"2026-07-11T14:31:12","slug":"el-papa-almuerza-con-los-mas-necesitados-personas-que-anhelan-una-iglesia-que-acoja","status":"publish","type":"post","link":"https:\/\/www.europesays.com\/es\/652976\/","title":{"rendered":"El Papa almuerza con los m\u00e1s necesitados: Personas que anhelan una Iglesia que acoja"},"content":{"rendered":"<p>Le\u00f3n XIV se reuni\u00f3 con doscientas personas necesitadas, atendidas por la Di\u00f3cesis de Roma, entre ellas 35 ni\u00f1os, en Borgo Laudato Si&#8217;, en los jardines pontificios de Castel Gandolfo, para una jornada de \u00abbienvenida y fraternidad\u00bb. Estar juntos, explic\u00f3, significa construir \u00abun mundo diferente\u00bb, contrarrestando una realidad fracturada por la \u00abviolencia, el odio y la discriminaci\u00f3n\u00bb, y buscando \u00abeliminar las causas de la injusticia\u00bb.&#13;\n<\/p>\n<p>Edoardo Giribaldi \u2013 Ciudad del Vaticano<\/p>\n<blockquote>\n<p>\u201cVine sin discurso, pero con hambre\u201d<\/p>\n<\/blockquote>\n<p>Bajo la fresca sombra de los altos \u00e1rboles que enmarcan el Borgo Laudato si&#8217;, en los jardines pontificios de Castel Gandolfo, donde la naturaleza parece preservar un espacio de paz y tranquilidad, el Papa Le\u00f3n XIV almuerza hoy, 11 de julio, con aproximadamente doscientas personas vulnerables asistidas por la Di\u00f3cesis de Roma, entre ellas, 35 ni\u00f1os. Si bien el calor del verano nos anima a no dejar ni una migaja en las mesas repletas, en su breve saludo antes de la bendici\u00f3n y el comienzo de un d\u00eda dedicado a la fraternidad, el Pont\u00edfice evoca otra hambre m\u00e1s profunda:<\/p>\n<p>Hambre de caridad aut\u00e9ntica, hambre de una Iglesia que realmente sepa abrir sus puertas, acoger y recibir a todos; donde haya amor para todos y donde nadie sea enemigo, donde todos sepamos vivir la reconciliaci\u00f3n, el perd\u00f3n y la paz.<\/p>\n<p>\u00a0<\/p>\n<p>    <img decoding=\"async\" src=\"data:image\/gif;base64,R0lGODlhAQABAIAAAAAAAP\/\/\/yH5BAEAAAAALAAAAAABAAEAAAIBRAA7\" data-original=\"https:\/\/www.vaticannews.va\/content\/dam\/vaticannews\/agenzie\/images\/srv\/2026\/07\/11\/2026-07-11-castel-gandolfo---pranzo-con-i-poveri\/1783769457330.JPG\/_jcr_content\/renditions\/cq5dam.thumbnail.cropped.750.422.jpeg\" alt=\"El Papa con dos ni\u00f1os presentes en el almuerzo \" title=\"El Papa con dos ni\u00f1os presentes en el almuerzo \"\/><\/p>\n<p>\n   El Papa con dos ni\u00f1os presentes en el almuerzo \u00a0 (@Vatican Media)\n  <\/p>\n<p>     <a href=\"https:\/\/www.vaticannews.va\/es\/papa\/news\/2026-07\/borgo-laudato-si-papa-almorzara-con-200-personas-pobres-de-roma.html\" title=\"Borgo Laudato si&#039;: Almuerzo del Papa con 200 personas pobres de la Diocesis de Roma \" rel=\"nofollow noopener\" target=\"_blank\"><\/p>\n<p>        <img decoding=\"async\" src=\"data:image\/gif;base64,R0lGODlhAQABAIAAAAAAAP\/\/\/yH5BAEAAAAALAAAAAABAAEAAAIBRAA7\" data-original=\"https:\/\/www.vaticannews.va\/content\/dam\/vaticannews\/agenzie\/images\/srv\/2025\/08\/17\/2025-08-17-saluto-di-papa-leone-xiv-al-pranzo-con-i-poveri\/1755431187442.JPG\/_jcr_content\/renditions\/cq5dam.thumbnail.cropped.500.281.jpeg\" alt=\"Borgo Laudato si': Almuerzo del Papa con 200 personas pobres de la Diocesis de Roma \"\/><\/p>\n<p>      <\/a><\/p>\n<p>\n      Ser\u00e1 el 11 de julio, en los Jardines de Castel Gandolfo, el \u00abAlmuerzo con el Papa\u00bb, la iniciativa que busca recrear la experiencia de cercan\u00eda que tuvo lugar en agosto de 2025, &#8230;\n     <\/p>\n<p>Ser un puente hacia una sociedad mejor <\/p>\n<p>Tras los saludos del cardenal Fabio Baggio, subsecretario del Dicasterio para el Servicio del Desarrollo Humano Integral\u00a0\u00a0y director general del Centro Laudato Si&#8217; de Formaci\u00f3n Avanzada, del cardenal Baldo Reina, vicario general de la di\u00f3cesis de Roma, y \u200b\u200bde monse\u00f1or Luis Mar\u00edn de San Mart\u00edn, prefecto del Dicasterio para el Servicio de la Caridad, el Pont\u00edfice se dirigi\u00f3 a los hu\u00e9spedes, haciendo hincapi\u00e9 en el t\u00edtulo de \u00abconstructor de puentes\u00bb. Hoy, esta imagen se extiende no solo a \u00e9l, sino tambi\u00e9n a quienes, a pesar de sus necesidades, se sientan a su mesa.<\/p>\n<p>Y hoy tambi\u00e9n nos gustar\u00eda tender un puente con todos ustedes, con sus familias y con la sociedad en la que queremos vivir.<\/p>\n<p>Una sociedad que practica la justicia, eliminando las causas de la pobreza, la injusticia y todo aquello que a\u00fan alimenta la deshonestidad en el mundo. En esencia, esta es \u00abla Iglesia que queremos ser\u00bb.<\/p>\n<p>    <img decoding=\"async\" src=\"data:image\/gif;base64,R0lGODlhAQABAIAAAAAAAP\/\/\/yH5BAEAAAAALAAAAAABAAEAAAIBRAA7\" data-original=\"https:\/\/www.vaticannews.va\/content\/dam\/vaticannews\/agenzie\/images\/srv\/2026\/07\/11\/2026-07-11-castel-gandolfo---pranzo-con-i-poveri\/1783769460017.JPG\/_jcr_content\/renditions\/cq5dam.thumbnail.cropped.750.422.jpeg\" alt=\" Un momento durante el almuerzo \" title=\" Un momento durante el almuerzo \"\/><\/p>\n<p>\n    Un momento durante el almuerzo \u00a0 (@Vatican Media)\n  <\/p>\n<p>     <a href=\"https:\/\/www.vaticannews.va\/es\/papa\/news\/2026-07\/papa-en-la-mesa-con-los-ultimos-se-revela-el-evangelio.html\" title=\"En la mesa con los m\u00e1s humildes se revela el rostro del Evangelio\" rel=\"nofollow noopener\" target=\"_blank\"><\/p>\n<p>        <img decoding=\"async\" src=\"data:image\/gif;base64,R0lGODlhAQABAIAAAAAAAP\/\/\/yH5BAEAAAAALAAAAAABAAEAAAIBRAA7\" data-original=\"https:\/\/www.vaticannews.va\/content\/dam\/vaticannews\/agenzie\/images\/srv\/2026\/07\/11\/2026-07-11-castel-gandolfo---pranzo-con-i-poveri\/1783769157916.JPG\/_jcr_content\/renditions\/cq5dam.thumbnail.cropped.500.281.jpeg\" alt=\"En la mesa con los m\u00e1s humildes se revela el rostro del Evangelio\"\/><\/p>\n<p>      <\/a><\/p>\n<p>\n      En el Borgo Laudato si&#8217; de Castel Gandolfo, Le\u00f3n XIV ofreci\u00f3 un almuerzo a doscientas personas vulnerables de la di\u00f3cesis de Roma. Fue una jornada de fraternidad y solidaridad, &#8230;\n     <\/p>\n<p>Construyendo un mundo diferente <\/p>\n<p>Le\u00f3n agradece a los responsables de organizar la iniciativa, haciendo hincapi\u00e9 en el valor de estar juntos y experimentar un \u00abesp\u00edritu de encuentro\u00bb en torno a una mesa donde Jes\u00fas siempre est\u00e1 presente.\u00a0<\/p>\n<p>Estamos construyendo un mundo diferente, un mundo de esperanza, un mundo que es luz en medio de este mundo; con demasiada frecuencia esta realidad, con demasiada frecuencia este mundo est\u00e1 roto por la violencia, por el odio, por la discriminaci\u00f3n.<\/p>\n<p>El Papa concluy\u00f3 su discurso exhortando a todos a cooperar para ser una Iglesia que promueva la justicia, la paz y el amor. Tras bendecir la comida compartida, salud\u00f3 a los presentes antes de sentarse a la mesa con las personas necesitadas que hab\u00edan acudido a Borgo Laudato Si&#8217; para pasar la tarde con \u00e9l.<\/p>\n<p>            Photogallery<\/p>\n<p>\n                    Almuerzo del Papa con los m\u00e1s necesitados en el Borgo Laudato s\u00ec en Castel Gandolfo<\/p>\n","protected":false},"excerpt":{"rendered":"Le\u00f3n XIV se reuni\u00f3 con doscientas personas necesitadas, atendidas por la Di\u00f3cesis de Roma, entre ellas 35 ni\u00f1os,&hellip;\n","protected":false},"author":2,"featured_media":652977,"comment_status":"","ping_status":"","sticky":false,"template":"","format":"standard","meta":{"footnotes":""},"categories":[5],"tags":[17,18,21102,25,24,13,14,11,19,20,14066,9,2932,10,15,16,400,8375,438,14100,23,12,21,22],"class_list":["post-652976","post","type-post","status-publish","format-standard","has-post-thumbnail","category-titulares","tag-breaking-news","tag-breakingnews","tag-castel-gandolfo","tag-es","tag-espana","tag-featured-news","tag-featurednews","tag-headlines","tag-latest-news","tag-latestnews","tag-migrantes-y-refugiados","tag-news","tag-ninos","tag-noticias","tag-noticias-destacadas","tag-noticiasdestacadas","tag-papa-leon-xiv","tag-pobreza","tag-roma","tag-solidaridad","tag-spain","tag-titulares","tag-ultimas-noticias","tag-ultimasnoticias"],"share_on_mastodon":{"url":"https:\/\/pubeurope.com\/@es\/116901831382532871","error":""},"_links":{"self":[{"href":"https:\/\/www.europesays.com\/es\/wp-json\/wp\/v2\/posts\/652976","targetHints":{"allow":["GET"]}}],"collection":[{"href":"https:\/\/www.europesays.com\/es\/wp-json\/wp\/v2\/posts"}],"about":[{"href":"https:\/\/www.europesays.com\/es\/wp-json\/wp\/v2\/types\/post"}],"author":[{"embeddable":true,"href":"https:\/\/www.europesays.com\/es\/wp-json\/wp\/v2\/users\/2"}],"replies":[{"embeddable":true,"href":"https:\/\/www.europesays.com\/es\/wp-json\/wp\/v2\/comments?post=652976"}],"version-history":[{"count":0,"href":"https:\/\/www.europesays.com\/es\/wp-json\/wp\/v2\/posts\/652976\/revisions"}],"wp:featuredmedia":[{"embeddable":true,"href":"https:\/\/www.europesays.com\/es\/wp-json\/wp\/v2\/media\/652977"}],"wp:attachment":[{"href":"https:\/\/www.europesays.com\/es\/wp-json\/wp\/v2\/media?parent=652976"}],"wp:term":[{"taxonomy":"category","embeddable":true,"href":"https:\/\/www.europesays.com\/es\/wp-json\/wp\/v2\/categories?post=652976"},{"taxonomy":"post_tag","embeddable":true,"href":"https:\/\/www.europesays.com\/es\/wp-json\/wp\/v2\/tags?post=652976"}],"curies":[{"name":"wp","href":"https:\/\/api.w.org\/{rel}","templated":true}]}}