{"id":652982,"date":"2026-07-11T14:39:16","date_gmt":"2026-07-11T14:39:16","guid":{"rendered":"https:\/\/www.europesays.com\/es\/652982\/"},"modified":"2026-07-11T14:39:16","modified_gmt":"2026-07-11T14:39:16","slug":"ivan-cruz-regresa-al-flexicar-fuenlabrada","status":"publish","type":"post","link":"https:\/\/www.europesays.com\/es\/652982\/","title":{"rendered":"Iv\u00e1n Cruz regresa al Flexicar Fuenlabrada"},"content":{"rendered":"<p>Iv\u00e1n Cruz volver\u00e1 a enfundarse la camiseta del Flexicar Fuenlabrada esta pr\u00f3xima campa\u00f1a. El jugador madrile\u00f1o ha sido el m\u00e1ximo reboteador de la Primera FEB y el espa\u00f1ol con mayor valoraci\u00f3n estad\u00edstica de la liga esta \u00faltima temporada.<\/p>\n<p>DPTO. COMUNICACI\u00d3N BTO. FUENLABRADA<\/p>\n<p>Los aficionados del Flexicar Fuenlabrada volver\u00e1n a disfrutar del juego de Iv\u00e1n Cruz como local en el Fernando Mart\u00edn. Cruz retorna a Fuenlabrada para aportar todo su talento, experiencia y polivalencia al juego del equipo.<br \/>&#13;<br \/>\n\u00a0<br \/>&#13;<br \/>\nEl jugador, nacido en Madrid hace 34 a\u00f1os, puede desenvolverse con sus 208 cent\u00edmetros de estatura en las posiciones de p\u00edvot y de ala-p\u00edvot. El pasado curso fue el m\u00e1ximo reboteador de la Primera FEB con 7,3 rechaces capturados por encuentro. Adem\u00e1s, fue el espa\u00f1ol con mayor valoraci\u00f3n de la liga con un promedio de 15,9 cr\u00e9ditos.<br \/>&#13;<br \/>\n\u00a0<br \/>&#13;<br \/>\nA ello a\u00f1adi\u00f3 m\u00e1s de 12 puntos anotados, siendo el tercer mejor triplista de la competici\u00f3n con un 44,57% de acierto y un 82% en tiros libres. Cabe destacar tambi\u00e9n que reparti\u00f3 m\u00e1s de dos asistencias por partido, cifra nada desde\u00f1able para ser un jugador interior.\u00a0<br \/>&#13;<br \/>\n\u00a0<br \/>&#13;<br \/>\nTras formarse en el baloncesto universitario estadounidense con Miami Hurricanes, la trayectoria de Iv\u00e1n Cruz incluye cinco temporadas en Primera FEB con Breog\u00e1n, Bilbao, Fuenlabrada y Melilla. Adem\u00e1s, ha disputado 119 partidos en ACB con Betis, Bilbao, Breog\u00e1n, Tenerife y Zaragoza.<\/p>\n","protected":false},"excerpt":{"rendered":"Iv\u00e1n Cruz volver\u00e1 a enfundarse la camiseta del Flexicar Fuenlabrada esta pr\u00f3xima campa\u00f1a. El jugador madrile\u00f1o ha sido&hellip;\n","protected":false},"author":2,"featured_media":652983,"comment_status":"","ping_status":"","sticky":false,"template":"","format":"standard","meta":{"footnotes":""},"categories":[269],"tags":[4605,299,1918,298,4597,4613,4616,4609,4608,4610,168,4603,4606,25,24,4120,4598,4614,2713,4601,830,4599,4600,4602,4615,4617,4607,4604,23,167,4611,4612],"class_list":["post-652982","post","type-post","status-publish","format-standard","has-post-thumbnail","category-baloncesto","tag-arbitros-baloncesto","tag-baloncesto","tag-basket","tag-basketball","tag-basquet","tag-canalfeb","tag-clasificacion","tag-copa-princesa","tag-copa-principe","tag-copa-reina","tag-deportes","tag-eba","tag-entrenadores-baloncesto","tag-es","tag-espana","tag-estadisticas","tag-federacion-baloncesto","tag-jornada-virtual","tag-jugadores","tag-laeb-plata","tag-leb-oro","tag-liga-espana","tag-liga-espanola-baloncesto","tag-liga-femenina","tag-marcadores-baloncesto","tag-rankings","tag-reglas-baloncesto","tag-seleccion-baloncesto","tag-spain","tag-sports","tag-supercopa","tag-television-baloncesto"],"share_on_mastodon":{"url":"https:\/\/pubeurope.com\/@es\/116901862750569241","error":""},"_links":{"self":[{"href":"https:\/\/www.europesays.com\/es\/wp-json\/wp\/v2\/posts\/652982","targetHints":{"allow":["GET"]}}],"collection":[{"href":"https:\/\/www.europesays.com\/es\/wp-json\/wp\/v2\/posts"}],"about":[{"href":"https:\/\/www.europesays.com\/es\/wp-json\/wp\/v2\/types\/post"}],"author":[{"embeddable":true,"href":"https:\/\/www.europesays.com\/es\/wp-json\/wp\/v2\/users\/2"}],"replies":[{"embeddable":true,"href":"https:\/\/www.europesays.com\/es\/wp-json\/wp\/v2\/comments?post=652982"}],"version-history":[{"count":0,"href":"https:\/\/www.europesays.com\/es\/wp-json\/wp\/v2\/posts\/652982\/revisions"}],"wp:featuredmedia":[{"embeddable":true,"href":"https:\/\/www.europesays.com\/es\/wp-json\/wp\/v2\/media\/652983"}],"wp:attachment":[{"href":"https:\/\/www.europesays.com\/es\/wp-json\/wp\/v2\/media?parent=652982"}],"wp:term":[{"taxonomy":"category","embeddable":true,"href":"https:\/\/www.europesays.com\/es\/wp-json\/wp\/v2\/categories?post=652982"},{"taxonomy":"post_tag","embeddable":true,"href":"https:\/\/www.europesays.com\/es\/wp-json\/wp\/v2\/tags?post=652982"}],"curies":[{"name":"wp","href":"https:\/\/api.w.org\/{rel}","templated":true}]}}